{"id":354377,"date":"2025-08-30T10:45:12","date_gmt":"2025-08-30T10:45:12","guid":{"rendered":"https:\/\/www.europesays.com\/fr\/354377\/"},"modified":"2025-08-30T10:45:12","modified_gmt":"2025-08-30T10:45:12","slug":"aux-etats-unis-une-juge-bloque-la-procedure-acceleree-dexpulsions-de-migrants-de-trump","status":"publish","type":"post","link":"https:\/\/www.europesays.com\/fr\/354377\/","title":{"rendered":"Aux \u00c9tats-Unis, une juge bloque la proc\u00e9dure acc\u00e9l\u00e9r\u00e9e d&rsquo;expulsions de migrants de Trump"},"content":{"rendered":"<p>La juge f\u00e9d\u00e9rale Jia Cobb a bloqu\u00e9 l\u2019application \u00e9largie de la proc\u00e9dure d\u2019expulsion, arguant qu\u2019elle pourrait amener des personnes \u00e0 \u00eatre expuls\u00e9es \u00abde mani\u00e8re erron\u00e9e\u00bb hors de toute proc\u00e9dure l\u00e9gale.<\/p>\n<p class=\"fig-paragraph\">Une juge f\u00e9d\u00e9rale a bloqu\u00e9 la proc\u00e9dure acc\u00e9l\u00e9r\u00e9e d&rsquo;expulsions de migrants des \u00c9tats-Unis sans comparution devant un tribunal, infligeant un revers au plan\u00a0<a href=\"http:\/\/www.lefigaro.fr\/international\/expulsions-de-masse-au-mexique-la-presidente-claudia-sheinbaum-tente-de-rassurer-sa-population-20250121\" data-fig-type=\"Article\" data-gtm-custom-categorie=\"navigation\" data-gtm-custom-action=\"crossclick\" data-gtm-custom-label=\"Contextuel\" data-gtm-event=\"customEventSPE\" data-fig-domain=\"LEFIGARO\" target=\"_blank\" rel=\"noopener\">d&rsquo;expulsions en masse<\/a>\u00a0voulu par le pr\u00e9sident\u00a0<a href=\"http:\/\/www.lefigaro.fr\/vox\/societe\/thierry-breton-face-aux-nouvelles-menaces-de-donald-trump-l-union-europeenne-ne-peut-plus-accepter-la-soumission-20250828\" data-fig-type=\"Article\" data-gtm-custom-categorie=\"navigation\" data-gtm-custom-action=\"crossclick\" data-gtm-custom-label=\"Contextuel\" data-gtm-event=\"customEventSPE\" data-fig-domain=\"LEFIGARO\" target=\"_blank\" rel=\"noopener\">Donald Trump<\/a>. La proc\u00e9dure dite d&rsquo;\u00abexpulsion acc\u00e9l\u00e9r\u00e9e\u00bb a \u00e9t\u00e9 utilis\u00e9e par l&rsquo;administration r\u00e9publicaine pour renvoyer rapidement des migrants arr\u00eat\u00e9s pr\u00e8s de la fronti\u00e8re mexicaine s&rsquo;ils avaient p\u00e9n\u00e9tr\u00e9 aux \u00c9tats-Unis au cours des deux semaines pr\u00e9c\u00e9dentes.<\/p>\n<p>Expuls\u00e9s \u00abde mani\u00e8re erron\u00e9e\u00bb<\/p>\n<p class=\"fig-paragraph\">Cependant, depuis son entr\u00e9e en fonction en janvier, l&rsquo;administration Trump a g\u00e9n\u00e9ralis\u00e9 l&rsquo;application de cette proc\u00e9dure \u00e0 l&rsquo;ensemble du pays et l&rsquo;a appliqu\u00e9e \u00e0 des migrants qui se trouvaient aux \u00c9tats-Unis depuis des p\u00e9riodes pouvant aller jusqu&rsquo;\u00e0 deux ans. La juge f\u00e9d\u00e9rale Jia Cobb a\u00a0<a href=\"http:\/\/www.lefigaro.fr\/international\/etats-unis-la-cour-supreme-suspend-les-expulsions-de-migrants-venezueliens-20250419\" data-fig-type=\"NewsFlash\" data-gtm-custom-categorie=\"navigation\" data-gtm-custom-action=\"crossclick\" data-gtm-custom-label=\"Contextuel\" data-gtm-event=\"customEventSPE\" data-fig-domain=\"LEFIGARO\" target=\"_blank\" rel=\"noopener\">bloqu\u00e9, dans un texte publi\u00e9 tard vendredi<\/a>, cette application \u00e9largie de la proc\u00e9dure, arguant qu&rsquo;elle pourrait amener des personnes \u00e0 \u00eatre expuls\u00e9es \u00abde mani\u00e8re erron\u00e9e\u00bb hors de toute proc\u00e9dure l\u00e9gale, et notamment sans avoir la possibilit\u00e9 de prouver qu&rsquo;elles se trouvent aux \u00c9tats-Unis depuis plus de deux ans.<\/p>\n<p>                                    <a class=\"fig-a11y-skip a11y-hidden\" href=\"#fig-a11y-skip-main-inarticle\"><br \/>\n        Passer la publicit\u00e9<br \/>\n    <\/a><\/p>\n<p class=\"fig-paragraph\">\u00abContrairement au groupe de personnes vis\u00e9es par l&rsquo;expulsion acc\u00e9l\u00e9r\u00e9e &#8211; celles qui sont arr\u00eat\u00e9es \u00e0 la fronti\u00e8re peu apr\u00e8s l&rsquo;avoir travers\u00e9e &#8211; la cat\u00e9gorie de personnes que le gouvernement cible d\u00e9sormais avec l&rsquo;expulsion acc\u00e9l\u00e9r\u00e9e est entr\u00e9e dans notre pays depuis bien longtemps\u00bb, a expliqu\u00e9 Jia Cobb. \u00abEn d\u00e9fendant cette proc\u00e9dure exp\u00e9ditive, le gouvernement avance un argument r\u00e9ellement stup\u00e9fiant\u00a0: ceux qui sont entr\u00e9s ill\u00e9galement dans le pays n&rsquo;ont droit \u00e0 aucune proc\u00e9dure au titre du Cinqui\u00e8me amendement (de la Constitution) et ne pourraient compter que sur une \u00e9ventuelle mesure de gr\u00e2ce du Congr\u00e8s\u00bb, a-t-elle ajout\u00e9.<\/p>\n<p>Grand th\u00e8me de campagne de Trump<\/p>\n<p class=\"fig-paragraph\">\u00abSi cela \u00e9tait vrai, non seulement les \u00e9trangers, mais tout le monde, serait en danger\u00bb. Le Cinqui\u00e8me amendement de la Constitution vise \u00e0 prot\u00e9ger les individus de tout abus d&rsquo;autorit\u00e9 du gouvernement dans une proc\u00e9dure juridique. La d\u00e9cision de la juge Cobb, qui avait \u00e9t\u00e9 nomm\u00e9e par l&rsquo;ancien pr\u00e9sident d\u00e9mocrate Joe Biden, intervient dans le cadre d&rsquo;une affaire prise en charge par \u00abMake The Road New York\u00bb, un groupe de d\u00e9fense des droits des migrants. La juge a pr\u00e9cis\u00e9 que le tribunal ne mettait pas \u00aben doute la constitutionnalit\u00e9 de la loi sur les expulsions acc\u00e9l\u00e9r\u00e9es, ni son application \u00e0 la fronti\u00e8re\u00bb.<\/p>\n<p class=\"fig-paragraph\">L&rsquo;un des grands th\u00e8mes de campagne de M. Trump dans la course \u00e0 la Maison Blanche avait \u00e9t\u00e9 la promesse\u00a0<a href=\"http:\/\/www.lefigaro.fr\/flash-actu\/quand-la-maison-blanche-utilise-une-tendance-sur-tiktok-pour-mettre-en-scene-l-expulsion-de-migrants-20250731\" data-fig-type=\"NewsFlash\" data-gtm-custom-categorie=\"navigation\" data-gtm-custom-action=\"crossclick\" data-gtm-custom-label=\"Contextuel\" data-gtm-event=\"customEventSPE\" data-fig-domain=\"LEFIGARO\" target=\"_blank\" rel=\"noopener\">d&rsquo;expulsion de millions de migrants sans papiers<\/a>. Mais son programme de renvois massifs a \u00e9t\u00e9 entrav\u00e9 par de nombreuses d\u00e9cisions judiciaires, notamment au motif que les personnes cibl\u00e9es devraient pouvoir faire valoir leur droit \u00e0 une proc\u00e9dure r\u00e9guli\u00e8re. nJia Cobb a \u00e9galement invoqu\u00e9 un article de la Constitution qui garantit que \u00abnul ne sera expuls\u00e9 des \u00c9tats-Unis sans possibilit\u00e9, \u00e0 un moment donn\u00e9, d&rsquo;\u00eatre entendu\u00bb.<\/p>\n","protected":false},"excerpt":{"rendered":"La juge f\u00e9d\u00e9rale Jia Cobb a bloqu\u00e9 l\u2019application \u00e9largie de la proc\u00e9dure d\u2019expulsion, arguant qu\u2019elle pourrait amener des&hellip;\n","protected":false},"author":2,"featured_media":354378,"comment_status":"","ping_status":"","sticky":false,"template":"","format":"standard","meta":{"footnotes":""},"categories":[5],"tags":[11,75,1011,27,14,1251,12,28],"class_list":{"0":"post-354377","1":"post","2":"type-post","3":"status-publish","4":"format-standard","5":"has-post-thumbnail","7":"category-international","8":"tag-actualites","9":"tag-donald-trump","10":"tag-fr","11":"tag-france","12":"tag-international","13":"tag-migrants","14":"tag-news","15":"tag-world"},"share_on_mastodon":{"url":"https:\/\/pubeurope.com\/@fr\/115117314800769622","error":""},"_links":{"self":[{"href":"https:\/\/www.europesays.com\/fr\/wp-json\/wp\/v2\/posts\/354377","targetHints":{"allow":["GET"]}}],"collection":[{"href":"https:\/\/www.europesays.com\/fr\/wp-json\/wp\/v2\/posts"}],"about":[{"href":"https:\/\/www.europesays.com\/fr\/wp-json\/wp\/v2\/types\/post"}],"author":[{"embeddable":true,"href":"https:\/\/www.europesays.com\/fr\/wp-json\/wp\/v2\/users\/2"}],"replies":[{"embeddable":true,"href":"https:\/\/www.europesays.com\/fr\/wp-json\/wp\/v2\/comments?post=354377"}],"version-history":[{"count":0,"href":"https:\/\/www.europesays.com\/fr\/wp-json\/wp\/v2\/posts\/354377\/revisions"}],"wp:featuredmedia":[{"embeddable":true,"href":"https:\/\/www.europesays.com\/fr\/wp-json\/wp\/v2\/media\/354378"}],"wp:attachment":[{"href":"https:\/\/www.europesays.com\/fr\/wp-json\/wp\/v2\/media?parent=354377"}],"wp:term":[{"taxonomy":"category","embeddable":true,"href":"https:\/\/www.europesays.com\/fr\/wp-json\/wp\/v2\/categories?post=354377"},{"taxonomy":"post_tag","embeddable":true,"href":"https:\/\/www.europesays.com\/fr\/wp-json\/wp\/v2\/tags?post=354377"}],"curies":[{"name":"wp","href":"https:\/\/api.w.org\/{rel}","templated":true}]}}