{"id":354381,"date":"2025-08-30T10:47:18","date_gmt":"2025-08-30T10:47:18","guid":{"rendered":"https:\/\/www.europesays.com\/fr\/354381\/"},"modified":"2025-08-30T10:47:18","modified_gmt":"2025-08-30T10:47:18","slug":"affaire-rabiot-il-na-pas-encore-juge-bon-de-suivre-mon-conseil-explique-roberto-de-zerbi","status":"publish","type":"post","link":"https:\/\/www.europesays.com\/fr\/354381\/","title":{"rendered":"Affaire Rabiot : \u00ab\u00a0Il n&rsquo;a pas encore jug\u00e9 bon de suivre mon conseil\u00a0\u00bb, explique Roberto De Zerbi"},"content":{"rendered":"<p>Les jours passent, les gens parlent&#8230; mais rien ne change. De retour devant les micros, premi\u00e8re depuis sa \u00ab\u00a0main tendue\u00a0\u00bb au \u00ab\u00a0Duc\u00a0\u00bb, <a href=\"https:\/\/www.laprovence.com\/article\/om\/3747852294693714\/direct-laprovence-direct-om-suivez-la-conference-de-presse-de-roberto-de-zerbi-avant-lolympico\" target=\"_blank\" rel=\"nofollow noopener\">Roberto De Zerbi a forc\u00e9ment \u00e9t\u00e9 cuisin\u00e9 \u00e0 la sauce Rabiot pour son auditoire, vendredi sur les hauteurs de La Commanderie<\/a>. Le Lombard, regard noir et ton sec, aurait \u00ab\u00a0pr\u00e9f\u00e9r\u00e9 parler football, tactique ou du match \u00e0 Lyon\u00a0\u00bb. Il n&#8217;emp\u00eache, soucieux de passer un tout dernier message, \u00ab\u00a0Roby\u00a0\u00bb a sign\u00e9 une nouvelle, et \u00e9ni\u00e8me, r\u00e9plique dans cette vaste farce.<\/p>\n<p>Au lendemain du discours pr\u00e9sidentiel, en marge du tirage au sort de la Ligue des champions, et \u00e0 une centaine de m\u00e8tres de l<a href=\"https:\/\/www.laprovence.com\/article\/om\/3087679666265514\/om-la-porte-de-mon-bureau-est-ouverte-pour-adrien-rabiot-comme-les-autres-assure-pablo-longoria\" target=\"_blank\" rel=\"nofollow noopener\">a fameuse \u00ab\u00a0porte ouverte\u00a0\u00bb par Pablo Longoria<\/a>, celle de son bureau, De Zerbi a tenu \u00e0 pr\u00e9ciser sa pens\u00e9e. <a href=\"https:\/\/www.laprovence.com\/article\/om\/1326749791721314\/om-roberto-de-zerbi-tend-la-main-a-adrien-rabiot\" target=\"_blank\" rel=\"nofollow noopener\">Ce fameux \u00ab\u00a0conseil\u00a0\u00bb<\/a> qu&rsquo;il a donn\u00e9 \u00e0 son (ex) prot\u00e9g\u00e9. \u00ab\u00a0RDZ\u00a0\u00bb l&rsquo;assure, il n&rsquo;a \u00ab\u00a0jamais imagin\u00e9 que Rabiot doive changer d&rsquo;entourage\u00a0\u00bb. Sous entendu sa m\u00e8re et conseill\u00e8re, qui a rhabill\u00e9 les dirigeants olympiens pour l&rsquo;hiver dans les colonnes de La Provence (<a href=\"https:\/\/www.laprovence.com\/article\/om\/1862226006789914\/affaire-rabiot-ils-mentent-notre-interview-de-veronique-rabiot-la-mere-du-joueur-de-lom-qui-sen-prend-a-longoria-et-benatia\" target=\"_blank\" rel=\"nofollow noopener\">voir l&rsquo;\u00e9dition du 22\u00a0ao\u00fbt<\/a>). \u00ab\u00a0La seule chose que je lui ai conseill\u00e9e, et que j&rsquo;ai r\u00e9p\u00e9t\u00e9e, c&rsquo;est d&rsquo;aller au club pour s&rsquo;excuser, a-t-il pr\u00e9cis\u00e9. Pas forc\u00e9ment du geste qu&rsquo;il a eu \u00e0 Rennes, plut\u00f4t vis-\u00e0-vis de son entourage, dont les paroles ont \u00e9t\u00e9 disproportionn\u00e9es. Cela n&rsquo;a pas \u00e9t\u00e9 correct envers le pr\u00e9sident, ses \u00e9quipiers.\u00a0\u00bb<\/p>\n<p>\u00ab\u00a0Cela ne me regarde plus\u00a0\u00bb<\/p>\n<p>D&rsquo;apr\u00e8s l&rsquo;ancien meneur de jeu, Adrien Rabiot n&rsquo;aurait \u00ab\u00a0pas encore jug\u00e9 bon de suivre ce conseil\u00a0\u00bb. Comprenez que le statu quo r\u00e8gne, tandis que les derni\u00e8res heures du mercato d\u00e9filent sans cesse (Milan lorgne toujours sa situation). Un probl\u00e8me pour certains, moins pour d&rsquo;autres.<\/p>\n<p>\u00ab\u00a0Cette histoire ne me regarde plus, je n&rsquo;ai plus rien \u00e0 dire. C&rsquo;est entre Adrien, son entourage et les dirigeants, a-t-il \u00e9vacu\u00e9, avant d&rsquo;\u00eatre relanc\u00e9. Je pense que l&rsquo;\u00e9quipe souffre \u00e0 partir du moment o\u00f9 chacun fait ce qu&rsquo;il veut. Pour moi, la d\u00e9cision du club a \u00e9t\u00e9 prise dans l&rsquo;unique but de faire respecter les r\u00e8gles. La situation me semblait r\u00e9cup\u00e9rable. Cela a d\u00e9g\u00e9n\u00e9r\u00e9, mais pas \u00e0 cause de nous. Si l&rsquo;on a envie de faire un pas en arri\u00e8re avec humilit\u00e9, comme je l&rsquo;ai souffl\u00e9 \u00e0 Adrien, alors on pourra reconstruire les choses. Si les gens sont emport\u00e9s par leur ego, alors&#8230; je ne peux rien y faire.\u00a0\u00bb<\/p>\n<p><a target=\"_self\" aria-label=\"Acc\u00e9der au dossier Affaire Rabiot\" class=\"w-full h-full flex flex-row rounded-lg\" data-xiti-chapter1=\"dossier\" data-xiti-chapter2=\"tag\" type=\"navigation\" href=\"https:\/\/www.laprovence.com\/dossiers\/126188\/affaire-rabiot\" rel=\"nofollow noopener\"><img alt=\"Illustration du dossier Affaire Rabiot\" loading=\"lazy\" decoding=\"async\" data-nimg=\"fill\" class=\"rounded-lg\" style=\"position:absolute;height:100%;width:100%;left:0;top:0;right:0;bottom:0;object-fit:cover;color:transparent\"   src=\"https:\/\/www.europesays.com\/fr\/wp-content\/uploads\/2025\/08\/rabiot-jpg-folder.png\"\/><\/a><img alt=\"\" loading=\"lazy\" width=\"18\" height=\"18\" decoding=\"async\" data-nimg=\"1\" class=\"mx-[8px]\" style=\"color:transparent\" src=\"https:\/\/www.laprovence.com\/_next\/static\/media\/comment.b95dda91.svg\"\/>D\u00e9marrez la conversation<\/p>\n<p class=\"text-[1.8rem] mt-[32px]\">Votre opinion compte pour nous. Rejoignez la communaut\u00e9 laprovence.com en r\u00e9agissant sur l&rsquo;article Affaire Rabiot : \u00ab\u00a0Il n&rsquo;a pas encore jug\u00e9 bon de suivre mon conseil\u00a0\u00bb, explique Roberto De Zerbi, l&rsquo;entra\u00eeneur de l&rsquo;OM.<\/p>\n","protected":false},"excerpt":{"rendered":"Les jours passent, les gens parlent&#8230; mais rien ne change. De retour devant les micros, premi\u00e8re depuis sa&hellip;\n","protected":false},"author":2,"featured_media":354382,"comment_status":"","ping_status":"","sticky":false,"template":"","format":"standard","meta":{"footnotes":""},"categories":[2],"tags":[17,11,13060,1440,1011,27,3707,9342,26203,12,149,5261,4029],"class_list":{"0":"post-354381","1":"post","2":"type-post","3":"status-publish","4":"format-standard","5":"has-post-thumbnail","7":"category-actualites","8":"tag-17","9":"tag-actualites","10":"tag-affaire","11":"tag-encore","12":"tag-fr","13":"tag-france","14":"tag-il","15":"tag-juge","16":"tag-na","17":"tag-news","18":"tag-om","19":"tag-pas","20":"tag-rabiot"},"share_on_mastodon":{"url":"https:\/\/pubeurope.com\/@fr\/115117322738024339","error":""},"_links":{"self":[{"href":"https:\/\/www.europesays.com\/fr\/wp-json\/wp\/v2\/posts\/354381","targetHints":{"allow":["GET"]}}],"collection":[{"href":"https:\/\/www.europesays.com\/fr\/wp-json\/wp\/v2\/posts"}],"about":[{"href":"https:\/\/www.europesays.com\/fr\/wp-json\/wp\/v2\/types\/post"}],"author":[{"embeddable":true,"href":"https:\/\/www.europesays.com\/fr\/wp-json\/wp\/v2\/users\/2"}],"replies":[{"embeddable":true,"href":"https:\/\/www.europesays.com\/fr\/wp-json\/wp\/v2\/comments?post=354381"}],"version-history":[{"count":0,"href":"https:\/\/www.europesays.com\/fr\/wp-json\/wp\/v2\/posts\/354381\/revisions"}],"wp:featuredmedia":[{"embeddable":true,"href":"https:\/\/www.europesays.com\/fr\/wp-json\/wp\/v2\/media\/354382"}],"wp:attachment":[{"href":"https:\/\/www.europesays.com\/fr\/wp-json\/wp\/v2\/media?parent=354381"}],"wp:term":[{"taxonomy":"category","embeddable":true,"href":"https:\/\/www.europesays.com\/fr\/wp-json\/wp\/v2\/categories?post=354381"},{"taxonomy":"post_tag","embeddable":true,"href":"https:\/\/www.europesays.com\/fr\/wp-json\/wp\/v2\/tags?post=354381"}],"curies":[{"name":"wp","href":"https:\/\/api.w.org\/{rel}","templated":true}]}}