{"id":354393,"date":"2025-08-30T10:55:21","date_gmt":"2025-08-30T10:55:21","guid":{"rendered":"https:\/\/www.europesays.com\/fr\/354393\/"},"modified":"2025-08-30T10:55:21","modified_gmt":"2025-08-30T10:55:21","slug":"la-ville-assure-que-80-de-la-parcelle-agricole-de-la-cite-bergere-sera-preservee","status":"publish","type":"post","link":"https:\/\/www.europesays.com\/fr\/354393\/","title":{"rendered":"la Ville assure que 80% de la parcelle agricole de la Cit\u00e9 Berg\u00e8re sera pr\u00e9serv\u00e9e"},"content":{"rendered":"<p>            Par<br \/>\n        <strong><br \/>\n            <a href=\"https:\/\/actu.fr\/auteur\/g-martin\" title=\"Consulter tous les articles de Gil Martin\" rel=\"nofollow noopener\" target=\"_blank\">Gil Martin<\/a><br \/>\n        <\/strong><\/p>\n<p>        Publi\u00e9 le<\/p>\n<p>            30 ao\u00fbt 2025 \u00e0 11h56        <\/p>\n<p>L\u2019\u00e9lu montpelli\u00e9rain <strong>Laurent Nison<\/strong>, d\u00e9l\u00e9gu\u00e9 aux grands travaux, \u00e0 l\u2019embellissement de la ville et du cadre de vie, a r\u00e9agi \u00e0 l\u2019article paru dans M\u00e9tropolitain \u00e9voquant l<a href=\"https:\/\/actu.fr\/occitanie\/montpellier_34172\/montpellier-la-cite-bergere-derniere-terre-agricole-menacee-par-un-programme-immobilier_63091888.html\" rel=\"nofollow noopener\" target=\"_blank\">a p\u00e9tition lanc\u00e9e par le collectif Riverains Beaux-Arts<\/a>. Ces derniers s\u2019opposent \u00e0 l\u2019urbanisation annonc\u00e9e de la <strong>derni\u00e8re exploitation mara\u00eech\u00e8re<\/strong> du centre-ville, <strong>la Cit\u00e9 Berg\u00e8re<\/strong>, sis au 21 de la rue Saint Lazare.<\/p>\n<p>Une parcelle agricole de 5000m2<\/p>\n<p class=\" wall-content\"><strong>Deux immeubles<\/strong> doivent voir le jour sur la parcelle agricole de <strong>5000 m2<\/strong>,\u00a0comme le stipule les panneaux fix\u00e9s sur les cl\u00f4tures du site, confirmant que le <strong>permis de construire<\/strong> a \u00e9t\u00e9 d\u00e9livr\u00e9 par la mairie le 6 ao\u00fbt dernier\u2026 Mais Laurent Nison tient \u00e0 apporter quelques pr\u00e9cisions, assurant que ce document ne signifie pas la fin de l\u2019activit\u00e9 agricole du site.<\/p>\n<blockquote class=\"ac-article-quote wall-content\">\n<p>\u00ab\u00a0La parcelle est d\u00e9sormais class\u00e9e en EVP1 (classement espace vert prot\u00e9g\u00e9) : les 80% de la parcelle agricole sont sanctuaris\u00e9s\u00a0\u00bb<\/p>\n<p>    <strong>Laurent Nison<\/strong>\n            <\/p><\/blockquote>\n<p class=\" wall-content\">\u00ab\u00a0Tout d\u2019abord, il faut pr\u00e9ciser que dans <strong>l\u2019ancien PLUI,<\/strong> la parcelle qui appartient \u00e0 la famille Colomina \u00e9tait <strong>constructible \u00e0 100%<\/strong> et le projet initial, qui est priv\u00e9, pr\u00e9voyait l\u2019utilisation de tout l\u2019espace\u2026 Nous avons discut\u00e9 ce de projet avec les propri\u00e9taires dans le cadre <strong>du nouveau PLUI<\/strong> qui met notamment un point d\u2019honneur \u00e0 pr\u00e9server les terres agricoles. Concr\u00e8tement, nous avons accept\u00e9 que <strong>20% de la surface<\/strong> soit utilis\u00e9e pour le programme immobilier, et nous avons<strong> sanctuaris\u00e9 80% de la parcelle agricole<\/strong> sur laquelle la famille Colomina pourra continuer \u00e0 faire du mara\u00eechage \u00bb.<\/p>\n<p>    <a href=\"https:\/\/www.google.com\/maps\/embed?pb=!1m18!1m12!1m3!1d2888.3203212688704!2d3.8829589756701393!3d43.62069157110367!2m3!1f0!2f0!3f0!3m2!1i1024!2i768!4f13.1!3m3!1m2!1s0x12b6af12b68b83e3%3A0xb51e32fabcc9841e!2s21%20Av.%20Saint-Lazare%2C%2034000%20Montpellier!5e0!3m2!1sfr!2sfr!4v1756503692541!5m2!1sfr!2sfr\" title=\"Ouvrie le lien\" rel=\"nofollow noopener\" target=\"_blank\">Cliquez ici pour visualiser le contenu<\/a><\/p>\n<p>Vid\u00e9os : en ce moment sur Actu<br \/>\n    <img   decoding=\"async\" loading=\"lazy\" src=\"https:\/\/www.europesays.com\/fr\/wp-content\/uploads\/2025\/08\/photo-cite-bergere-1-1-960x640.jpg\" alt=\"La Ville a class\u00e9 les 80% de la parcelle agricole en EVP1 (pour espace vert prot\u00e9g\u00e9) et affirme voir sanctuaris\u00e9 les terres nourrici\u00e8res \" width=\"960\" height=\"640\"\/><br \/>\n    La Ville a class\u00e9 les 80% de la parcelle agricole en EVP1 (pour espace vert prot\u00e9g\u00e9) et affirme voir sanctuaris\u00e9 les terres nourrici\u00e8res (\u00a9dr)Un accord \u00e9quilibr\u00e9 pour la Ville\u00a0<\/p>\n<p class=\" wall-content\">Laurent Nison assure que cette d\u00e9cision \u00ab\u00a0juste et \u00e9quilibr\u00e9e\u00a0\u00bb a \u00e9t\u00e9 prise en concertation avec <strong>les \u00e9lus de la majorit\u00e9 plurielle<\/strong> de Micha\u00ebl Delafosse, dont une partie <strong>des \u00e9lus \u00e9cologistes<\/strong>\u00a0: \u00ab\u00a0La parcelle est d\u00e9sormais <strong>class\u00e9e en EVP1<\/strong> (classement espace vert prot\u00e9g\u00e9), ce qui signifie qu\u2019\u00e0 l\u2019avenir, les 80% de la parcelle agricole sont bien sanctuaris\u00e9s \u00bb, insiste l\u2019\u00e9lu.<\/p>\n<p>Votre r\u00e9gion, votre actu !<\/p>\n<p>Recevez chaque jour les infos qui comptent pour vous.<\/p>\n<p>\t<a href=\"https:\/\/actu.fr\/newsletter\" class=\"ac-btn ac-btn--corner ac-btn--medium ac-btn--blue800\" rel=\"nofollow noopener\" target=\"_blank\">S&rsquo;incrire<\/a><br \/>\nDes immeubles en R+4<\/p>\n<p class=\" wall-content\">Si le projet est 100% priv\u00e9 et que la Ville n\u2019y intervient pas, la collectivit\u00e9 a n\u00e9anmoins <strong>impos\u00e9 des limites<\/strong> \u00e0 ce projet, comme l\u2019explique aussi le d\u00e9l\u00e9gu\u00e9 aux grands travaux et \u00e0 la qualit\u00e9 de vie\u00a0: \u00ab\u00a0Nous avons impos\u00e9 notamment que <strong>la hauteur<\/strong> des immeubles pr\u00e9vus soit ramen\u00e9e <strong>\u00e0 du R+4<\/strong>, moins que ce que le promoteur avait initialement pr\u00e9vu, mais il a accept\u00e9 \u00bb. Des arguments \u00e0 m\u00eame de convaincre le collectif des Riverains Beaux-Arts ?<\/p>\n<p class=\" wall-content\">Personnalisez votre actualit\u00e9 en ajoutant vos villes et m\u00e9dias en favori avec <a href=\"https:\/\/moncompte.actu.fr\" title=\"D\u00e9couvez Mon Actu\" rel=\"nofollow noopener\" data-trk=\"{&quot;cta&quot;:{&quot;action&quot;:&quot;https:\\\/\\\/moncompte.actu.fr&quot;,&quot;category&quot;:&quot;mon compte&quot;,&quot;from&quot;:&quot;article footer&quot;,&quot;name&quot;:&quot;Mon actu&quot;,&quot;type&quot;:&quot;cta&quot;}}\" target=\"_blank\">Mon Actu<\/a>.<\/p>\n","protected":false},"excerpt":{"rendered":"Par Gil Martin Publi\u00e9 le 30 ao\u00fbt 2025 \u00e0 11h56 L\u2019\u00e9lu montpelli\u00e9rain Laurent Nison, d\u00e9l\u00e9gu\u00e9 aux grands travaux,&hellip;\n","protected":false},"author":2,"featured_media":354394,"comment_status":"","ping_status":"","sticky":false,"template":"","format":"standard","meta":{"footnotes":""},"categories":[9599],"tags":[1111,11,1777,674,1011,27,2208,12,2680,25,104],"class_list":{"0":"post-354393","1":"post","2":"type-post","3":"status-publish","4":"format-standard","5":"has-post-thumbnail","7":"category-montpellier","8":"tag-actu","9":"tag-actualites","10":"tag-eu","11":"tag-europe","12":"tag-fr","13":"tag-france","14":"tag-montpellier","15":"tag-news","16":"tag-occitanie","17":"tag-republique-francaise","18":"tag-societe"},"share_on_mastodon":{"url":"https:\/\/pubeurope.com\/@fr\/115117354115594356","error":""},"_links":{"self":[{"href":"https:\/\/www.europesays.com\/fr\/wp-json\/wp\/v2\/posts\/354393","targetHints":{"allow":["GET"]}}],"collection":[{"href":"https:\/\/www.europesays.com\/fr\/wp-json\/wp\/v2\/posts"}],"about":[{"href":"https:\/\/www.europesays.com\/fr\/wp-json\/wp\/v2\/types\/post"}],"author":[{"embeddable":true,"href":"https:\/\/www.europesays.com\/fr\/wp-json\/wp\/v2\/users\/2"}],"replies":[{"embeddable":true,"href":"https:\/\/www.europesays.com\/fr\/wp-json\/wp\/v2\/comments?post=354393"}],"version-history":[{"count":0,"href":"https:\/\/www.europesays.com\/fr\/wp-json\/wp\/v2\/posts\/354393\/revisions"}],"wp:featuredmedia":[{"embeddable":true,"href":"https:\/\/www.europesays.com\/fr\/wp-json\/wp\/v2\/media\/354394"}],"wp:attachment":[{"href":"https:\/\/www.europesays.com\/fr\/wp-json\/wp\/v2\/media?parent=354393"}],"wp:term":[{"taxonomy":"category","embeddable":true,"href":"https:\/\/www.europesays.com\/fr\/wp-json\/wp\/v2\/categories?post=354393"},{"taxonomy":"post_tag","embeddable":true,"href":"https:\/\/www.europesays.com\/fr\/wp-json\/wp\/v2\/tags?post=354393"}],"curies":[{"name":"wp","href":"https:\/\/api.w.org\/{rel}","templated":true}]}}