{"id":354395,"date":"2025-08-30T10:56:16","date_gmt":"2025-08-30T10:56:16","guid":{"rendered":"https:\/\/www.europesays.com\/fr\/354395\/"},"modified":"2025-08-30T10:56:16","modified_gmt":"2025-08-30T10:56:16","slug":"la-fin-du-calvaire-pour-les-automobilistes-a-montpellier-la-route-de-laverune-rouvre-a-double-sens-des-ce-lundi-1er-septembre","status":"publish","type":"post","link":"https:\/\/www.europesays.com\/fr\/354395\/","title":{"rendered":"La fin du calvaire pour les automobilistes \u00e0 Montpellier\u00a0: la route de Lav\u00e9rune rouvre \u00e0 double sens d\u00e8s ce lundi 1er\u00a0septembre"},"content":{"rendered":"<p>\n                                                                La route de Lav\u00e9rune va retrouver son double sens de circulation et permettre \u00e0 nouveau de sortir de la ville via le rond-point de Chez Paulette. Un soulagement pour le trafic \u00e0 l\u2019ouest de la m\u00e9tropole, alors que le chantier de la future Ligne 5 de tramway entre dans sa derni\u00e8re phase.\n                            <\/p>\n<p>C\u2019est une annonce attendue par de nombreux automobilistes de l\u2019ouest montpelli\u00e9rain. \u00c0 compter du lundi 1er\u00a0septembre, la route de Lav\u00e9rune sera de nouveau accessible en double sens de circulation, entre le giratoire Maurice Gennevaux et le carrefour Paul Fajon. Une \u00e9tape importante dans la derni\u00e8re ligne droite du chantier de la Ligne 5 du tramway, dont la mise en service est pr\u00e9vue pour le 20\u00a0d\u00e9cembre prochain.<\/p>\n<p>        <img decoding=\"async\" class=\"std-img__img responsive-img\" src=\"https:\/\/www.europesays.com\/fr\/wp-content\/uploads\/2025\/08\/1756551376_492_image.png\" alt=\".\"\/><\/p>\n<p>Apr\u00e8s plusieurs mois de travaux et de d\u00e9viations parfois contraignantes, cette r\u00e9ouverture vient fluidifier un axe strat\u00e9gique pour la circulation, en particulier pour sortir de la ville du c\u00f4t\u00e9 du rond-point de Paulette. Ce qui va soulager les automobilistes agglutin\u00e9s sur l\u2019avenue de Vanni\u00e8res, \u00e0 hauteur du Septeo Stadium. V\u00e9ritable art\u00e8re de liaison entre les quartiers ouest et le centre-ville, la route de Lav\u00e9rune va r\u00e9cup\u00e9rer un important trafic chaque jour.<\/p>\n<p>Une grande piste cyclable<\/p>\n<p>Le chantier a \u00e9t\u00e9 long et pour cause\u00a0: outre l\u2019arriv\u00e9e prochaine du tramway, les travaux ont permis de r\u00e9am\u00e9nager l\u2019espace public\u00a0: cr\u00e9ation de pistes cyclables, de trottoirs \u00e9largis, mais aussi modernisation des r\u00e9seaux d\u2019eau potable et d\u2019assainissement. Autant d\u2019\u00e9quipements pens\u00e9s pour am\u00e9liorer durablement la qualit\u00e9 de vie des habitants du secteur.<\/p>\n<p>Cette remise en circulation marque une nouvelle avanc\u00e9e vers la fin du chantier, qui s\u2019\u00e9tend sur 16\u00a0km de ligne, mobilise 6\u00a0200 tonnes de rail et pr\u00e9voit 100\u00a0000 voyageurs par jour \u00e0 terme. En attendant, les riverains et conducteurs peuvent retrouver d\u00e8s lundi des conditions de circulation assouplies dans cette zone particuli\u00e8rement sollicit\u00e9e.<\/p>\n<p>Pour toute information, un num\u00e9ro vert reste accessible du lundi au vendredi (8\u00a0h\u00a030 \u2013 17\u00a0h)\u00a0: 0\u00a0805 29 69 20, ainsi qu\u2019un site d\u00e9di\u00e9\u00a0:<a href=\"https:\/\/tram5-montpellier3m.fr\/\" target=\"_blank\" rel=\"nofollow noopener\"> tram5-montpellier3m.fr.<\/a><\/p>\n","protected":false},"excerpt":{"rendered":"La route de Lav\u00e9rune va retrouver son double sens de circulation et permettre \u00e0 nouveau de sortir de&hellip;\n","protected":false},"author":2,"featured_media":354396,"comment_status":"","ping_status":"","sticky":false,"template":"","format":"standard","meta":{"footnotes":""},"categories":[9599],"tags":[1111,11,1777,674,1011,27,2208,12,2680,25],"class_list":{"0":"post-354395","1":"post","2":"type-post","3":"status-publish","4":"format-standard","5":"has-post-thumbnail","7":"category-montpellier","8":"tag-actu","9":"tag-actualites","10":"tag-eu","11":"tag-europe","12":"tag-fr","13":"tag-france","14":"tag-montpellier","15":"tag-news","16":"tag-occitanie","17":"tag-republique-francaise"},"share_on_mastodon":{"url":"https:\/\/pubeurope.com\/@fr\/115117358020240080","error":""},"_links":{"self":[{"href":"https:\/\/www.europesays.com\/fr\/wp-json\/wp\/v2\/posts\/354395","targetHints":{"allow":["GET"]}}],"collection":[{"href":"https:\/\/www.europesays.com\/fr\/wp-json\/wp\/v2\/posts"}],"about":[{"href":"https:\/\/www.europesays.com\/fr\/wp-json\/wp\/v2\/types\/post"}],"author":[{"embeddable":true,"href":"https:\/\/www.europesays.com\/fr\/wp-json\/wp\/v2\/users\/2"}],"replies":[{"embeddable":true,"href":"https:\/\/www.europesays.com\/fr\/wp-json\/wp\/v2\/comments?post=354395"}],"version-history":[{"count":0,"href":"https:\/\/www.europesays.com\/fr\/wp-json\/wp\/v2\/posts\/354395\/revisions"}],"wp:featuredmedia":[{"embeddable":true,"href":"https:\/\/www.europesays.com\/fr\/wp-json\/wp\/v2\/media\/354396"}],"wp:attachment":[{"href":"https:\/\/www.europesays.com\/fr\/wp-json\/wp\/v2\/media?parent=354395"}],"wp:term":[{"taxonomy":"category","embeddable":true,"href":"https:\/\/www.europesays.com\/fr\/wp-json\/wp\/v2\/categories?post=354395"},{"taxonomy":"post_tag","embeddable":true,"href":"https:\/\/www.europesays.com\/fr\/wp-json\/wp\/v2\/tags?post=354395"}],"curies":[{"name":"wp","href":"https:\/\/api.w.org\/{rel}","templated":true}]}}