{"id":354399,"date":"2025-08-30T10:59:18","date_gmt":"2025-08-30T10:59:18","guid":{"rendered":"https:\/\/www.europesays.com\/fr\/354399\/"},"modified":"2025-08-30T10:59:18","modified_gmt":"2025-08-30T10:59:18","slug":"depuis-2014-faire-vivre-les-droits-culturels-au-quotidien","status":"publish","type":"post","link":"https:\/\/www.europesays.com\/fr\/354399\/","title":{"rendered":"Depuis 2014 &#8211; Faire vivre les droits culturels au quotidien"},"content":{"rendered":"<p><strong>\u00c0 Grenoble, garantir \u00e0 chacun-e un cheminement libre dans la vie culturelle locale est le fil conducteur de l\u2019action municipale. Depuis 2014, la Ville a profond\u00e9ment renouvel\u00e9 la politique culturelle, fid\u00e8le \u00e0 son identit\u00e9 \u00e9cologiste, sociale et citoyenne.<\/strong><\/p>\n<p><strong>Elle repose sur une conviction centrale : les cultures sont un droit fondamental, un bien commun qui doit \u00eatre accessible au plus grand nombre. Elle n\u2019est pas seulement une offre de spectacles ou d\u2019\u00e9v\u00e9nements, mais un tissu vivant qui relie les habitantes et habitants, nourrit la d\u00e9mocratie locale et favorise l\u2019\u00e9mancipation individuelle et collective.<\/strong><\/p>\n<p><strong>Co-construites, la politique culturelle de Grenoble est un mod\u00e8le de transparence et d\u2019accessibilit\u00e9. La majorit\u00e9 soutient et a toujours soutenu les droits des artistes, la libert\u00e9 de cr\u00e9ation, d\u2019expression et de programmation et le r\u00f4le d\u00e9terminant des acteur-ices de la production et de la diffusion artistique dans la vie des territoires. Pens\u00e9e par tous-tes et pour tous-tes, elle s\u2019incarne notamment dans un rapport annuel qui fait le point sur l\u2019ensemble des \u00e9quipements culturels avec leurs missions, r\u00e9sultats, moyens humains et financiers et l\u2019ensemble des dispositifs d\u2019aides aux acteur-ices et \u00e9quipements du milieu artistique et culturel de la ville.<\/strong><\/p>\n<p><img fetchpriority=\"high\" decoding=\"async\" class=\"wp-image-5498 aligncenter\" src=\"data:image\/svg+xml,%3Csvg%20xmlns=\" http:=\"\" alt=\"\" width=\"812\" height=\"609\" data-lazy- data-lazy- data-lazy-src=\"https:\/\/www.europesays.com\/fr\/wp-content\/uploads\/2025\/08\/Belle-Elec-concert-300x225.jpg\"\/><\/p>\n<p><b>Tous-tes ensemble dans la transition \u00e9cologique<\/b><\/p>\n<p>La Ville accompagne\u00a0la prise de conscience du secteur culturel face aux d\u00e9fis du d\u00e9r\u00e8glement climatique. C\u2019est un projet de long terme pour r\u00e9pondre aux attentes d\u2019une soci\u00e9t\u00e9 qui veut \u00eatre r\u00e9ellement \u00e9galitaire, inclusive et qui veut laisser aux plus jeunes un futur d\u00e9sirable, une culture riche et accessible sur une plan\u00e8te habitable.<\/p>\n<p>R\u00e9dig\u00e9e par 60 acteurs et actrices de la culture pour qu\u2019elle soit adoss\u00e9e \u00e0 toute demande de subvention, la charte des transitions fait \u00e9cho aux 4 priorit\u00e9s transversales adopt\u00e9es par la majorit\u00e9 en 2022 et refl\u00e8te l\u2019exigence collective attendue par les acteurs et actrices du milieu culturel.<\/p>\n<p>Afin de les accompagner dans cette adaptation, des formations sur les transitions sont prises en charge par la Ville, \u00e0 la demande des acteurs-ices. Aussi, les \u00e9quipements municipaux rendent comptent annuellement, dans un document publi\u00e9, de l\u2019avanc\u00e9e de leurs actions sur ces 4 priorit\u00e9s relatives aux transitions. En outre, un bilan carbone du Mus\u00e9e de Grenoble a \u00e9t\u00e9 r\u00e9alis\u00e9 en 2019 et 2021. Le Th\u00e9\u00e2tre municipal de Grenoble a \u00e9galement contribu\u00e9 \u00e0 la mise en place d\u2019une charte plus sp\u00e9cifique au spectacle vivant, au sein d\u2019un r\u00e9seau d\u2019acteur-ices de la culture de l\u2019aire grenobloise, les VerdoYantes.<\/p>\n<p><b><img loading=\"lazy\" decoding=\"async\" class=\" wp-image-5486 aligncenter\" src=\"data:image\/svg+xml,%3Csvg%20xmlns=\" http:=\"\" alt=\"\" width=\"534\" height=\"301\" data-lazy- data-lazy- data-lazy-src=\"https:\/\/www.europesays.com\/fr\/wp-content\/uploads\/2025\/08\/20230611_151404-300x169.jpg\"\/><\/b><\/p>\n<p>\u00a0<\/p>\n<p><b>Des Cultures avec l\u2019accessibilit\u00e9 comme fil rouge<\/b><\/p>\n<p>L\u2019accessibilit\u00e9 est l\u2019une des pierres angulaires de la politique culturelle grenobloise. Le d\u00e9ploiement depuis 2015 de l\u2019Agenda d\u2019Accessibilit\u00e9 Programm\u00e9e a renforc\u00e9 l\u2019accessibilit\u00e9 d\u2019\u00e9quipements culturels d\u00e9j\u00e0 reconnus dans ce domaine : les boucles magn\u00e9tiques sont syst\u00e9matis\u00e9es, les \u00e9tablissements proposent des visites et spectacles adapt\u00e9s, le conservatoire dispose d\u2019un enseignant d\u00e9di\u00e9 \u201cmusique et handicap\u201d et chaque ann\u00e9e le mois de l\u2019accessibilit\u00e9 offre une programmation artistique, culturelle et sportive riche, donnant une large visibilit\u00e9 aux personnes en situation de handicap.<\/p>\n<p>Grenoble a aussi affirm\u00e9 une politique claire pour l\u2019\u00e9galit\u00e9 entre les genres et la lutte contre les violences sexistes et sexuelles (VSS) dans le monde culturel. Avec des associations militantes, la Ville a mis en place des formations pour les acteur-ices. Des protocoles de signalement et de prise en charge des victimes ont \u00e9t\u00e9 instaur\u00e9s.<\/p>\n<p>De plus, l\u2019engagement de la Ville pour l\u2019\u00e9galit\u00e9 femmes \/ hommes s\u2019est traduit dans les programmations, avec une attention particuli\u00e8re au matrimoine et \u00e0 la place des femmes dans les arts, mais aussi par des \u00e9v\u00e9nements publics contre les violences faites aux femmes.<\/p>\n<p><b><img loading=\"lazy\" decoding=\"async\" class=\" wp-image-5219 aligncenter\" src=\"data:image\/svg+xml,%3Csvg%20xmlns=\" http:=\"\" alt=\"\" width=\"523\" height=\"293\" data-lazy- data-lazy- data-lazy-src=\"https:\/\/www.europesays.com\/fr\/wp-content\/uploads\/2025\/08\/photo_2024-12-14_12-08-11-e1743095993605-300x168.jpg\"\/><\/b><\/p>\n<p>\u00a0<\/p>\n<p><b>Des Cultures populaires qui d\u00e9veloppent de nouveaux imaginaires<\/b><\/p>\n<p>Grenoble a renforc\u00e9 sa pr\u00e9sence culturelle dans les quartiers populaires. Le soutien financier aux lieux culturels implant\u00e9s dans les quartiers prioritaires a \u00e9t\u00e9 augment\u00e9 de 10 % en 2024. De nouveaux \u00e9quipements ont vu le jour : un lieu pour les tout-petits, L\u2019art tendre, au Village Olympique et la biblioth\u00e8que Chantal Mauduit, associ\u00e9e \u00e0 un dojo et un mur d\u2019escalade dans le quartier Mistral, o\u00f9 sport et culture se rencontrent. Ces initiatives d\u00e9montrent que l\u2019\u00e9galit\u00e9 territoriale passe aussi par une offre culturelle de proximit\u00e9 dans tous les quartiers.<\/p>\n<p>La diversit\u00e9 culturelle et les droits culturels de toutes et tous constituent aussi un fil rouge. La Ville a soutenu des initiatives valorisant toutes les cultures, les parcours de personnes exil\u00e9es ou des minorit\u00e9s sexuelles et de genre. Grenoble s\u2019est engag\u00e9e dans un travail de fond sur la question de la restitution des \u0153uvres. Les grands \u00e9quipements participent \u00e0 la lutte contre l\u2019invisibilisation des femmes et des minorit\u00e9s : la Ville proc\u00e8de depuis 10 ans, via un processus participatif impliquant petit-es et grand-es, \u00e0 la f\u00e9minisation des noms de lieux et rues pour nourrir tous les imaginaires avec des histoires et des personnalit\u00e9s renouvel\u00e9es. Les biblioth\u00e8ques, le Conservatoire, le Mus\u00e9e, le Mus\u00e9um: dans les lieux culturels de Grenoble des femmes sont c\u00e9l\u00e9br\u00e9es, de Chantal Mauduit \u00e0 Mafalda en passant par Gis\u00e8le Halimi, Nina Simone ou Rose Valland.<\/p>\n<p>Car Grenoble encourage l\u2019\u00e9mergence de nouveaux imaginaires : des r\u00e9cits qui rompent avec la logique consum\u00e9riste pour proposer d\u2019autres visions. Cr\u00e9er de nouveaux r\u00eaves passe par une construction collective et plus nombreux-ses sont les personnes \u00e0 nourrir les cultures, plus les cultures s\u2019enrichissent de nouveaux horizons. La Biennale des transitions est une illustration marquante de r\u00e9flexion d\u2019un avenir meilleur en collectivit\u00e9 avec une participation locale des Grenoblois-es et une mobilisation du r\u00e9seau international des Villes en transition.<\/p>\n<p><img loading=\"lazy\" decoding=\"async\" class=\"wp-image-5483 aligncenter\" src=\"https:\/\/www.europesays.com\/fr\/wp-content\/uploads\/2025\/08\/AdobeStock_3310040491-300x200.jpeg\" alt=\"\" width=\"543\" height=\"362\"  \/><\/p>\n<p>\u00a0<\/p>\n<p><b>\u00c9ducation artistique, culturelle et populaire<\/b><\/p>\n<p>\u00c0 Grenoble, tous les enfants b\u00e9n\u00e9ficient de l\u2019enseignement hors les murs du conservatoire gr\u00e2ce aux musiciens intervenants, pr\u00e9sents dans toutes les \u00e9coles \u00e9l\u00e9mentaires et dans toutes les classes. Une attention particuli\u00e8re est port\u00e9e aux \u00e9coles dont l\u2019indice de position sociale (IPS) est le plus faible, avec davantage d\u2019heures ou un accompagnement renforc\u00e9 pour leurs projets, priorit\u00e9 \u00e9galement appliqu\u00e9e par l\u2019ensemble des \u00e9tablissements culturels de la Ville. L\u2019int\u00e9gration du concept de \u201csant\u00e9 culturelle\u201d dans le Projet \u00c9ducatif Petite Enfance (2022) a permis de d\u00e9velopper de nombreuses initiatives pour les 0-6 ans. Enfin, l\u2019accueil du Babylab Grenoble \u2013 laboratoire de recherche sur le nourrisson et le jeune enfant \u2013 dans plusieurs structures d\u2019accueil de la petite enfance a enrichi les recherches sur les effets de la musique dans le d\u00e9veloppement du langage des tout-petits.<\/p>\n<p>L\u2019objectif est clair : donner aux enfants et aux jeunes une familiarit\u00e9 quotidienne avec les arts et les cultures, favoriser leur cr\u00e9ativit\u00e9 et leur sens critique, et permettre \u00e0 chacun-e de d\u00e9velopper une pratique artistique, qu\u2019elle soit amateur ou professionnelle.<\/p>\n<p>L\u2019accessibilit\u00e9 aux arts et aux cultures se joue aussi sur l\u2019\u00e9quit\u00e9 sociale : les mus\u00e9es et biblioth\u00e8ques municipaux sont gratuits, renfor\u00e7ant la fr\u00e9quentation, notamment des jeunes et des familles. Le festival Cabaret Frapp\u00e9 mais aussi l\u2019Et\u00e9 Oh Parcs sont des rendez-vous gratuits qui offrent \u00e0 tous-tes un acc\u00e8s direct aux cultures, aux sports et aux divertissements. Le conservatoire, lui, promeut une pratique large gr\u00e2ce \u00e0 la gratuit\u00e9 pour les familles les moins ais\u00e9es et une bourse municipale qui prend en charge le mat\u00e9riel et les sorties. Cette politique tarifaire solidaire, adapt\u00e9e aux r\u00e9alit\u00e9s sociales, permet \u00e0 chacun-e de trouver sa place dans la vie culturelle, quelles que soient ses ressources.<\/p>\n<p><b><img loading=\"lazy\" decoding=\"async\" class=\" wp-image-5491 aligncenter\" src=\"https:\/\/www.europesays.com\/fr\/wp-content\/uploads\/2025\/08\/20230611_152542-300x169.jpg\" alt=\"\" width=\"552\" height=\"311\"  \/><\/b><\/p>\n<p>\u00a0<\/p>\n<p><b>Faire avec les habitant-es<\/b><\/p>\n<p>La d\u00e9mocratie culturelle ne peut se concevoir sans la participation directe des habitant-es. Grenoble a donc d\u00e9velopp\u00e9 des dispositifs de comit\u00e9s d\u2019avis ou de comit\u00e9s d\u2019usager-es au sein des biblioth\u00e8ques ou du Th\u00e9\u00e2tre municipal. Ces instances, compos\u00e9es de citoyen-nes tir\u00e9-es au sort ou volontaires, permettent de d\u00e9cider ensemble et de partager les orientations. Ainsi la totalit\u00e9 des demandes de subventions est examin\u00e9es en comit\u00e9 d\u2019avis, mettant en \u0153uvre une r\u00e9elle d\u00e9mocratique culturelle. Plus encore, le passage en soci\u00e9t\u00e9 coop\u00e9rative de La Belle \u00c9lectrique fait \u00e9voluer le r\u00f4le des Grenoblois-es et la mani\u00e8re d\u2019exercer sa citoyennet\u00e9 dans la vie culturelle. Ce n\u2019est plus juste \u00eatre spectateur-rice ou avoir une pratique amateur.<\/p>\n<p>Dans une France qui se fracture et se renferme, Grenoble porte l\u2019inclusion de toutes et tous dans sa politique culturelle avec la c\u00e9l\u00e9bration de la journ\u00e9e internationale des migrant-es au Mus\u00e9e de Grenoble, proposant aux visiteurs-euses des visites guid\u00e9es par des m\u00e9diateurs-rices exil\u00e9-es.<\/p>\n<p>La cr\u00e9ation de communs et la gouvernance partag\u00e9e sont des leviers majeurs dont les politiques culturelles doivent se saisir. Et en mati\u00e8re de leviers de gouvernance partag\u00e9e, les petits-d\u00e9jeuners culturels en sont un autre exemple concret. Ces moments conviviaux entre acteurs et actrices de la culture, \u00e9lu-es et services municipaux, prolongent le dialogue constant pour forger une politique qui soit \u00e0 l\u2019image des acteur-ices et des habitant-es et assurer une parole direct, des \u00e9changes et de la transparence.<\/p>\n<p><img loading=\"lazy\" decoding=\"async\" class=\"wp-image-5505 aligncenter\" src=\"https:\/\/www.europesays.com\/fr\/wp-content\/uploads\/2025\/08\/photo_2025-07-18_19-30-06-300x169.jpg\" alt=\"\" width=\"525\" height=\"296\"  \/><\/p>\n<p><b>La politique culturelle invisible<\/b><\/p>\n<p>Au-del\u00e0 des \u00e9v\u00e9nements visibles et m\u00e9diatis\u00e9s, Grenoble revendique une politique culturelle invisible, c\u2019est-\u00e0-dire tout ce qui se construit dans les relations quotidiennes, dans l\u2019accompagnement des acteur-ices, dans les droits garantis aux habitantes et habitants. Cette dimension moins spectaculaire mais essentielle s\u2019incarne dans la mani\u00e8re dont la Ville favorise la coop\u00e9ration, soutient les initiatives citoyennes, et encourage les pratiques artistiques amateures. C\u2019est une politique patiente et profonde, qui travaille sur la confiance, l\u2019inclusion et l\u2019\u00e9mancipation, et qui donne du sens au mot \u201cculture\u201d en l\u2019ancrant dans la vie r\u00e9elle des Grenobloises et des Grenoblois.<\/p>\n<p>Le fondement de la politique culturelle men\u00e9e depuis dix ans est de faire vivre les artistes au c\u0153ur de la ville, dans le quotidien des habitant-es. Cela s\u2019incarne notamment \u00e0 travers l\u2019appel \u00e0 projets lanc\u00e9 par la Municipalit\u00e9, invitant des artistes \u00e0 concevoir sur les places aux enfants un projet cr\u00e9atif avec les petit-es Grenoblois-es, afin de les r\u00e9inscrire au c\u0153ur de la Cit\u00e9.<\/p>\n<p>Depuis 2018, une r\u00e9sidence d\u2019auteur-es soutenue par la Ville renforce le statut de Grenoble comme ville litt\u00e9raire dynamique. Le Grand Th\u00e9\u00e2tre, le Th\u00e9\u00e2tre 145 et le Th\u00e9\u00e2tre de Poche sont aussi associ\u00e9s \u00e0 3 \u00e9quipes d\u2019artistes pour 3 ans et deux ateliers affili\u00e9s permettant la confection de costumes et la construction de d\u00e9cors.<\/p>\n<p><img loading=\"lazy\" decoding=\"async\" class=\" wp-image-5497 aligncenter\" src=\"https:\/\/www.europesays.com\/fr\/wp-content\/uploads\/2025\/08\/AdobeStock_55367588-300x181.jpeg\" alt=\"\" width=\"540\" height=\"326\"  \/><\/p>\n<p>\u00a0<\/p>\n<p><strong>En cinq ans, Grenoble a d\u00e9montr\u00e9 qu\u2019il est possible de conjuguer cr\u00e9ation, justice sociale et transition \u00e9cologique. La culture irrigue l\u2019ensemble des quartiers, elle est rendue accessible \u00e0 toutes et tous par des politiques tarifaires solidaires et des dispositifs innovants de participation. Elle nourrit la d\u00e9mocratie locale en donnant une place active aux habitantes et habitants. Elle lutte contre les in\u00e9galit\u00e9s et promeut de nouveaux r\u00e9cits, n\u00e9cessaires pour affronter les d\u00e9fis de notre temps. La politique culturelle grenobloise est ainsi devenue une r\u00e9f\u00e9rence : exigeante dans ses principes, ouverte dans ses pratiques, et tourn\u00e9e vers l\u2019avenir d\u2019une ville plus juste, plus vivante et plus durable.<\/strong><\/p>\n<p>\u00a0<\/p>\n<p>\u00a0<\/p>\n","protected":false},"excerpt":{"rendered":"\u00c0 Grenoble, garantir \u00e0 chacun-e un cheminement libre dans la vie culturelle locale est le fil conducteur de&hellip;\n","protected":false},"author":2,"featured_media":354400,"comment_status":"","ping_status":"","sticky":false,"template":"","format":"standard","meta":{"footnotes":""},"categories":[9566],"tags":[1111,11,2430,1777,674,1011,27,2731,12,25],"class_list":{"0":"post-354399","1":"post","2":"type-post","3":"status-publish","4":"format-standard","5":"has-post-thumbnail","7":"category-grenoble","8":"tag-actu","9":"tag-actualites","10":"tag-auvergne-rhone-alpes","11":"tag-eu","12":"tag-europe","13":"tag-fr","14":"tag-france","15":"tag-grenoble","16":"tag-news","17":"tag-republique-francaise"},"share_on_mastodon":{"url":"https:\/\/pubeurope.com\/@fr\/115117370007656527","error":""},"_links":{"self":[{"href":"https:\/\/www.europesays.com\/fr\/wp-json\/wp\/v2\/posts\/354399","targetHints":{"allow":["GET"]}}],"collection":[{"href":"https:\/\/www.europesays.com\/fr\/wp-json\/wp\/v2\/posts"}],"about":[{"href":"https:\/\/www.europesays.com\/fr\/wp-json\/wp\/v2\/types\/post"}],"author":[{"embeddable":true,"href":"https:\/\/www.europesays.com\/fr\/wp-json\/wp\/v2\/users\/2"}],"replies":[{"embeddable":true,"href":"https:\/\/www.europesays.com\/fr\/wp-json\/wp\/v2\/comments?post=354399"}],"version-history":[{"count":0,"href":"https:\/\/www.europesays.com\/fr\/wp-json\/wp\/v2\/posts\/354399\/revisions"}],"wp:featuredmedia":[{"embeddable":true,"href":"https:\/\/www.europesays.com\/fr\/wp-json\/wp\/v2\/media\/354400"}],"wp:attachment":[{"href":"https:\/\/www.europesays.com\/fr\/wp-json\/wp\/v2\/media?parent=354399"}],"wp:term":[{"taxonomy":"category","embeddable":true,"href":"https:\/\/www.europesays.com\/fr\/wp-json\/wp\/v2\/categories?post=354399"},{"taxonomy":"post_tag","embeddable":true,"href":"https:\/\/www.europesays.com\/fr\/wp-json\/wp\/v2\/tags?post=354399"}],"curies":[{"name":"wp","href":"https:\/\/api.w.org\/{rel}","templated":true}]}}