{"id":354405,"date":"2025-08-30T11:04:12","date_gmt":"2025-08-30T11:04:12","guid":{"rendered":"https:\/\/www.europesays.com\/fr\/354405\/"},"modified":"2025-08-30T11:04:12","modified_gmt":"2025-08-30T11:04:12","slug":"a-lapproche-de-la-rentree-les-benevoles-sont-sur-tous-les-fronts","status":"publish","type":"post","link":"https:\/\/www.europesays.com\/fr\/354405\/","title":{"rendered":"\u00e0 l&rsquo;approche de la rentr\u00e9e, les b\u00e9n\u00e9voles sont sur tous les fronts"},"content":{"rendered":"<p>M\u00eame au c\u0153ur de l\u2019\u00e9t\u00e9, il y a toujours \u00e0 faire\u2026 Ce lundi, par exemple, 250\u00a0kilos de gravier attendent sagement d\u2019\u00eatre d\u00e9charg\u00e9s dans la cour de Saint-Guillaume\u00a0; tandis qu\u2019au sous-sol, R\u00e9gis continue la mise en peinture de la cave. \u00c7a tombe bien\u00a0! En d\u00e9but de matin\u00e9e, <a href=\"https:\/\/www.dna.fr\/edition-de-strasbourg\/2019\/11\/12\/cyril-pallaud-nouvel-organiste-titulaire-de-saint-guillaume\" target=\"_blank\" rel=\"noopener\"> Cyril Pallaud, le pr\u00e9sident de l\u2019association Passions crois\u00e9es<\/a> , a r\u00e9uni les plus motiv\u00e9s de \u00ab\u00a0ses\u00a0\u00bb b\u00e9n\u00e9voles (\u00e0 95\u00a0% des femmes) <a href=\"https:\/\/www.dna.fr\/culture-loisirs\/2025\/08\/09\/apres-l-opera-bientot-des-cours-de-yoga-a-l-eglise-saint-guillaume\" target=\"_blank\" rel=\"noopener\">pour pr\u00e9parer la rentr\u00e9e.<\/a><\/p>\n<p>Ils sont une quarantaine \u00e0 avoir rejoint les rangs suite \u00e0 l\u2019appel lanc\u00e9 il y a tout juste un an, dont une petite moiti\u00e9 est tr\u00e8s active. \u00ab\u00a0Pour la saison culturelle 2025-2026, on recrute de nouveaux b\u00e9n\u00e9voles afin de d\u00e9charger un peu ceux qui s\u2019investissent. On a aussi d\u00e9cid\u00e9 de constituer des p\u00f4les, avec un r\u00e9f\u00e9rent pour chacun d\u2019entre eux, histoire de mieux structurer les choses. Cela me permettra de d\u00e9l\u00e9guer certaines t\u00e2ches\u00a0\u00bb, esp\u00e8re celui qui jongle en&#8230;<\/p>\n","protected":false},"excerpt":{"rendered":"M\u00eame au c\u0153ur de l\u2019\u00e9t\u00e9, il y a toujours \u00e0 faire\u2026 Ce lundi, par exemple, 250\u00a0kilos de gravier&hellip;\n","protected":false},"author":2,"featured_media":354406,"comment_status":"","ping_status":"","sticky":false,"template":"","format":"standard","meta":{"footnotes":""},"categories":[2820],"tags":[1111,11,1687,2880,1777,674,107,1011,27,775,2089,12,2661,5889,25,104,3140,640,2879,1631],"class_list":{"0":"post-354405","1":"post","2":"type-post","3":"status-publish","4":"format-standard","5":"has-post-thumbnail","7":"category-strasbourg","8":"tag-actu","9":"tag-actualites","10":"tag-culture-loisirs","11":"tag-edition-strasbourg","12":"tag-eu","13":"tag-europe","14":"tag-fil-info","15":"tag-fr","16":"tag-france","17":"tag-grand-est","18":"tag-marche","19":"tag-news","20":"tag-patrimoine-culturel","21":"tag-religion-croyance","22":"tag-republique-francaise","23":"tag-societe","24":"tag-spectacle","25":"tag-strasbourg","26":"tag-strasbourg-ville","27":"tag-vie-associative"},"share_on_mastodon":{"url":"https:\/\/pubeurope.com\/@fr\/115117389493408867","error":""},"_links":{"self":[{"href":"https:\/\/www.europesays.com\/fr\/wp-json\/wp\/v2\/posts\/354405","targetHints":{"allow":["GET"]}}],"collection":[{"href":"https:\/\/www.europesays.com\/fr\/wp-json\/wp\/v2\/posts"}],"about":[{"href":"https:\/\/www.europesays.com\/fr\/wp-json\/wp\/v2\/types\/post"}],"author":[{"embeddable":true,"href":"https:\/\/www.europesays.com\/fr\/wp-json\/wp\/v2\/users\/2"}],"replies":[{"embeddable":true,"href":"https:\/\/www.europesays.com\/fr\/wp-json\/wp\/v2\/comments?post=354405"}],"version-history":[{"count":0,"href":"https:\/\/www.europesays.com\/fr\/wp-json\/wp\/v2\/posts\/354405\/revisions"}],"wp:featuredmedia":[{"embeddable":true,"href":"https:\/\/www.europesays.com\/fr\/wp-json\/wp\/v2\/media\/354406"}],"wp:attachment":[{"href":"https:\/\/www.europesays.com\/fr\/wp-json\/wp\/v2\/media?parent=354405"}],"wp:term":[{"taxonomy":"category","embeddable":true,"href":"https:\/\/www.europesays.com\/fr\/wp-json\/wp\/v2\/categories?post=354405"},{"taxonomy":"post_tag","embeddable":true,"href":"https:\/\/www.europesays.com\/fr\/wp-json\/wp\/v2\/tags?post=354405"}],"curies":[{"name":"wp","href":"https:\/\/api.w.org\/{rel}","templated":true}]}}