{"id":354412,"date":"2025-08-30T11:08:17","date_gmt":"2025-08-30T11:08:17","guid":{"rendered":"https:\/\/www.europesays.com\/fr\/354412\/"},"modified":"2025-08-30T11:08:17","modified_gmt":"2025-08-30T11:08:17","slug":"son-dome-fascine-voici-lhistoire-de-leglise-notre-dame-de-bon-port","status":"publish","type":"post","link":"https:\/\/www.europesays.com\/fr\/354412\/","title":{"rendered":"son d\u00f4me fascine, voici l&rsquo;histoire de l&rsquo;\u00e9glise Notre-Dame-de-Bon-Port"},"content":{"rendered":"<p>            Par<br \/>\n        <strong><br \/>\n            <a href=\"https:\/\/actu.fr\/auteur\/thomas-bernard\" title=\"Consulter tous les articles de Thomas Bernard\" rel=\"nofollow noopener\" target=\"_blank\">Thomas Bernard<\/a><br \/>\n        <\/strong><\/p>\n<p>        Publi\u00e9 le<\/p>\n<p>            30 ao\u00fbt 2025 \u00e0 12h02        <\/p>\n<p>C\u2019est un point de rep\u00e8re. Depuis l\u2019\u00eele de Nantes, le centre-ville ou Chantenay on aper\u00e7oit le d\u00f4me de <strong>l\u2019\u00e9glise Notre-Dame-de-Bon-Port<\/strong>, construite dans la deuxi\u00e8me moiti\u00e9 au 19e si\u00e8cle. Bijou du patrimoine nantais, l\u2019\u00e9difice, de 60\u00a0m\u00e8tres de hauteur, fascine par son architecture et son histoire. R\u00e9cit.<\/p>\n<p>Une construction difficile<\/p>\n<p class=\" wall-content\">Comme le rappelle <a href=\"https:\/\/patrimonia.nantes.fr\/home\/decouvrir\/themes-et-quartiers\/eglise-notre-dame-de-bon-port.html\" rel=\"nofollow noopener\" target=\"_blank\">Nantes Patrimonia<\/a>, Notre-Dame-de-Bon-Port est la troisi\u00e8me \u00e9glise construite dans le quartier du Sanitat. La premi\u00e8re est \u00e9difi\u00e9e en 1612 pr\u00e8s de l\u2019h\u00f4pital du Sanitat, la seconde en\u00a01824 et\u00a01828, sur la place Eug\u00e8ne Livet par Mathurin Crucy, <a href=\"https:\/\/actu.fr\/pays-de-la-loire\/nantes_44109\/il-a-connu-les-flammes-et-la-gloire-connaissez-vous-l-histoire-du-theatre-graslin-de-nantes_63025850.html\" rel=\"nofollow noopener\" target=\"_blank\">architecte du th\u00e9\u00e2tre Graslin<\/a>.<\/p>\n<p class=\" wall-content\">En 1843, il est d\u00e9cid\u00e9 de construire une nouvelle \u00e9glise sur le site de l\u2019ancien h\u00f4pital du Sanitat. L\u2019\u00e9difice religieux est plac\u00e9 sous la supervision architecturale de <strong>Joseph-Fleury Chenantais<\/strong> et <strong>Saint-F\u00e9lix S\u00e9heul.<\/strong><\/p>\n<p class=\" wall-content\">\u00ab\u2009Ils proposent un \u00e9difice en forme de croix grecque couronn\u00e9 d\u2019un d\u00f4me circulaire et cantonn\u00e9 de quatre chapelles carr\u00e9es\u2009\u00bb, d\u00e9taille Nantes Patrimonia.<\/p>\n<p>    <img   decoding=\"async\" loading=\"lazy\" src=\"https:\/\/www.europesays.com\/fr\/wp-content\/uploads\/2025\/08\/notre-dame-de-bon-port-960x640.jpeg\" alt=\"Le d\u00f4me de Notre-Dame-de-Bon-Port est l'un des points de rep\u00e8re de Nantes. \" width=\"960\" height=\"640\"\/><br \/>\n    Le d\u00f4me de Notre-Dame-de-Bon-Port est l\u2019un des points de rep\u00e8re de Nantes. (\u00a9Thomas Bernard \/ actu Nantes)<\/p>\n<p class=\" wall-content\">La construction de Notre-Dame-de-Bon-Port <strong>s\u2019\u00e9tend de 1846 \u00e0 1860<\/strong>, malgr\u00e9 l\u2019inauguration de 1853. Le chantier prend du retard suite \u00e0 des probl\u00e8mes de financement et les plans doivent \u00eatre revus pour soutenir la coupole. La d\u00e9coration suivra sur deux p\u00e9riodes\u2009: 1858-1876 et 1886-1914. <strong>L\u2019\u00e9glise est consacr\u00e9e le 24\u00a0octobre\u00a01883<\/strong>.<\/p>\n<p>Votre r\u00e9gion, votre actu !<\/p>\n<p>Recevez chaque jour les infos qui comptent pour vous.<\/p>\n<p>\t<a href=\"https:\/\/actu.fr\/newsletter\" class=\"ac-btn ac-btn--corner ac-btn--medium ac-btn--blue800\" rel=\"nofollow noopener\" target=\"_blank\">S&rsquo;incrire<\/a><br \/>\nD\u00f4me et orgues<\/p>\n<p class=\" wall-content\">L\u2019\u00e9glise Notre-Dame-de-Bon-Port <strong>est aussi appel\u00e9e \u00e9glise Saint-Louis<\/strong>, en hommage au roi de France Louis IX mais aussi \u00e0 Louis-Hyacinthe Levesque, maire de Nantes contemporain de la construction et g\u00e9n\u00e9reux donateur. Auparavant, l\u2019\u00e9glise \u00e9tait baptis\u00e9e Notre-Dame de Ch\u00e9zine car le cours d\u2019eau de la Ch\u00e9zine passait \u00e0 ses pieds.<\/p>\n<p class=\" wall-content\">Construite en forme de croix grecque, l\u2019architecture de l\u2019\u00e9glise est d\u2019inspiration franco-italienne et de style n\u00e9oclassique. Une fa\u00e7ade inspir\u00e9e du style de l\u2019\u00e9glise Saint-Pierre de Rome. Le fronton, r\u00e9alis\u00e9 par <strong>le sculpteur Am\u00e9d\u00e9 M\u00e9nard en 1858<\/strong>, repr\u00e9sente la Vierge Marie, assist\u00e9e de deux anges\u2009: un b\u00e9nissant les marins en partance et l\u2019autre les marins de retour.<\/p>\n<p class=\" wall-content\">La coupole a \u00e9t\u00e9 \u00e9difi\u00e9e sur le mod\u00e8le de l\u2019\u00e9glise des Invalides \u00e0 Paris. <strong>Une croix et un archange dor\u00e9 parent la fl\u00e8che du d\u00f4me de 20\u00a0m\u00e8tres<\/strong> de diam\u00e8tre. Les d\u00e9corations de la coupole ont \u00e9t\u00e9 r\u00e9alis\u00e9es par l\u2019artiste Alphonse Le H\u00e9naff.<\/p>\n<p>    <img   decoding=\"async\" loading=\"lazy\" src=\"https:\/\/www.europesays.com\/fr\/wp-content\/uploads\/2025\/08\/dome-notre-dame-de-bon-port-960x640.png\" alt=\"Un archange dor\u00e9 et une croix s\u2019\u00e9levant \u00e0 60 m\u00e8tres de hauteur composent la fl\u00e8che de ce d\u00f4me de 20 m\u00e8tres de diam\u00e8tre.\" width=\"960\" height=\"640\"\/><br \/>\n    Un archange dor\u00e9 et une croix s\u2019\u00e9levant \u00e0 60\u00a0m\u00e8tres de hauteur composent la fl\u00e8che de ce d\u00f4me de 20\u00a0m\u00e8tres de diam\u00e8tre. (\u00a9Wikimedia Commons)<\/p>\n<p class=\" wall-content\">Entre\u00a01879 et\u00a01881, Louis Debierre construit l\u2019orgue de tribune. Un orgue install\u00e9 au sein de l\u2019\u00e9glise en 1891. Un instrument remarqu\u00e9 pour ses innovations techniques. \u00ab\u2009La transmission de cet orgue est \u00e9lectrique ou \u00e9lectropneumatique, tandis qu\u2019auparavant elle se faisait de mani\u00e8re m\u00e9canique\u2009\u00bb, pr\u00e9cise Nantes Patrimonia.<\/p>\n<p class=\" wall-content\">Au fil des ann\u00e9es, l\u2019\u00e9difice a connu plusieurs phases de restauration. Le tambour et le d\u00f4me de l\u2019\u00e9glise ont \u00e9t\u00e9 r\u00e9nov\u00e9s lors de <a href=\"https:\/\/actu.fr\/pays-de-la-loire\/nantes_44109\/nantes-redecouvrez-l-eglise-notre-dame-de-bon-port-ce-samedi-6-novembre_46174895.html\" rel=\"nofollow noopener\" target=\"_blank\">plusieurs campagnes de travaux notamment entre\u00a02018 et\u00a02021<\/a>.<\/p>\n<p>    <img   decoding=\"async\" loading=\"lazy\" src=\"https:\/\/www.europesays.com\/fr\/wp-content\/uploads\/2025\/08\/20211103-155336-960x640.jpg\" alt=\"Le tambour et le d\u00f4me de l'\u00e9glise de Notre-Dame-de-Bon-Port ont \u00e9t\u00e9 restaur\u00e9s.\" width=\"960\" height=\"640\"\/><br \/>\n    Le tambour et le d\u00f4me de l\u2019\u00e9glise de Notre-Dame-de-Bon-Port ont \u00e9t\u00e9 restaur\u00e9s. (\u00a9Thomas Bernard \/ actu Nantes)<\/p>\n<p class=\" wall-content\">Class\u00e9e au titre des<strong> Monuments historiques<\/strong> depuis 1975, l\u2019\u00e9glise Notre-Dame-de-Bon-Port continue d\u2019accueillir fid\u00e8les et touristes. L\u2019\u00e9difice est aussi <a href=\"https:\/\/actu.fr\/pays-de-la-loire\/nantes_44109\/nantes-la-billetterie-est-ouverte-pour-ce-spectacle-immersif-dans-une-eglise_61724298.html\" rel=\"nofollow noopener\" target=\"_blank\">le th\u00e9\u00e2tre de spectacles immersifs<\/a>.<\/p>\n<p class=\" wall-content\">\u00c0 l\u2019instar de la tour Lu ou du Ch\u00e2teau des ducs de Bretagne, l\u2019\u00e9glise Notre-Dame-de-Bon-Port s\u2019est \u00e9rig\u00e9e, au fil des ann\u00e9es, comme <strong>un symbole de Nantes.<\/strong><\/p>\n<p class=\" wall-content\">Personnalisez votre actualit\u00e9 en ajoutant vos villes et m\u00e9dias en favori avec <a href=\"https:\/\/moncompte.actu.fr\" title=\"D\u00e9couvez Mon Actu\" rel=\"nofollow noopener\" data-trk=\"{&quot;cta&quot;:{&quot;action&quot;:&quot;https:\\\/\\\/moncompte.actu.fr&quot;,&quot;category&quot;:&quot;mon compte&quot;,&quot;from&quot;:&quot;article footer&quot;,&quot;name&quot;:&quot;Mon actu&quot;,&quot;type&quot;:&quot;cta&quot;}}\" target=\"_blank\">Mon Actu<\/a>.<\/p>\n","protected":false},"excerpt":{"rendered":"Par Thomas Bernard Publi\u00e9 le 30 ao\u00fbt 2025 \u00e0 12h02 C\u2019est un point de rep\u00e8re. Depuis l\u2019\u00eele de&hellip;\n","protected":false},"author":2,"featured_media":354413,"comment_status":"","ping_status":"","sticky":false,"template":"","format":"standard","meta":{"footnotes":""},"categories":[2818],"tags":[1111,11,1777,674,3727,1011,27,937,1652,766,12,2551,2636,25],"class_list":{"0":"post-354412","1":"post","2":"type-post","3":"status-publish","4":"format-standard","5":"has-post-thumbnail","7":"category-nantes","8":"tag-actu","9":"tag-actualites","10":"tag-eu","11":"tag-europe","12":"tag-evasion","13":"tag-fr","14":"tag-france","15":"tag-histoire","16":"tag-loisirs-culture","17":"tag-nantes","18":"tag-news","19":"tag-patrimoine","20":"tag-pays-de-la-loire","21":"tag-republique-francaise"},"share_on_mastodon":{"url":"https:\/\/pubeurope.com\/@fr\/115117405332505078","error":""},"_links":{"self":[{"href":"https:\/\/www.europesays.com\/fr\/wp-json\/wp\/v2\/posts\/354412","targetHints":{"allow":["GET"]}}],"collection":[{"href":"https:\/\/www.europesays.com\/fr\/wp-json\/wp\/v2\/posts"}],"about":[{"href":"https:\/\/www.europesays.com\/fr\/wp-json\/wp\/v2\/types\/post"}],"author":[{"embeddable":true,"href":"https:\/\/www.europesays.com\/fr\/wp-json\/wp\/v2\/users\/2"}],"replies":[{"embeddable":true,"href":"https:\/\/www.europesays.com\/fr\/wp-json\/wp\/v2\/comments?post=354412"}],"version-history":[{"count":0,"href":"https:\/\/www.europesays.com\/fr\/wp-json\/wp\/v2\/posts\/354412\/revisions"}],"wp:featuredmedia":[{"embeddable":true,"href":"https:\/\/www.europesays.com\/fr\/wp-json\/wp\/v2\/media\/354413"}],"wp:attachment":[{"href":"https:\/\/www.europesays.com\/fr\/wp-json\/wp\/v2\/media?parent=354412"}],"wp:term":[{"taxonomy":"category","embeddable":true,"href":"https:\/\/www.europesays.com\/fr\/wp-json\/wp\/v2\/categories?post=354412"},{"taxonomy":"post_tag","embeddable":true,"href":"https:\/\/www.europesays.com\/fr\/wp-json\/wp\/v2\/tags?post=354412"}],"curies":[{"name":"wp","href":"https:\/\/api.w.org\/{rel}","templated":true}]}}