{"id":354414,"date":"2025-08-30T11:09:23","date_gmt":"2025-08-30T11:09:23","guid":{"rendered":"https:\/\/www.europesays.com\/fr\/354414\/"},"modified":"2025-08-30T11:09:23","modified_gmt":"2025-08-30T11:09:23","slug":"ann-flore-rammant-de-la-boutique-mauvais-genre-a-nantes","status":"publish","type":"post","link":"https:\/\/www.europesays.com\/fr\/354414\/","title":{"rendered":"Ann Flore Rammant, de la Boutique Mauvais Genre, \u00e0 Nantes"},"content":{"rendered":"<p>   <img decoding=\"async\" src=\"https:\/\/www.europesays.com\/fr\/wp-content\/uploads\/2025\/08\/1756552163_464_1200x680\" alt=\"illustration agrandir l'image\" style=\"--_image-preview:url('data:image\/jpeg;base64,\/9j\/2wBDACgcHiMeGSgjISMtKygwPGRBPDc3PHtYXUlkkYCZlo+AjIqgtObDoKrarYqMyP\/L2u71\/\/\/\/m8H\/\/\/\/6\/+b9\/\/j\/2wBDASstLTw1PHZBQXb4pYyl+Pj4+Pj4+Pj4+Pj4+Pj4+Pj4+Pj4+Pj4+Pj4+Pj4+Pj4+Pj4+Pj4+Pj4+Pj4+Pj4+Pj\/wAARCAAqACoDASIAAhEBAxEB\/8QAGAABAQEBAQAAAAAAAAAAAAAAAgMBAAT\/xAAYEAEBAQEBAAAAAAAAAAAAAAAAAQIREv\/EABYBAQEBAAAAAAAAAAAAAAAAAAABAv\/EABQRAQAAAAAAAAAAAAAAAAAAAAD\/2gAMAwEAAhEDEQA\/APUzrLQumWjumdT9NmgVhpZp9BHWk7obsegfWypylAWzovSMrfQjy+ilRimQVhDklHO65io\/\/9k=');\" loading=\"eager\" fetchpriority=\"high\" aria-hidden=\"true\" class=\"svelte-1pnmlwx rounded\" onload=\"this.__e=event\" onerror=\"this.__e=event\"\/> Ann Flore Rammant et Pauline Espagno \u00a9 Radio France &#8211; Ann Flore Ramant    <\/p>\n<p class=\"g-ici-body-regular-3 info svelte-1a514ib\">Diffus\u00e9 le samedi 30 ao\u00fbt 2025 \u00e0 11:08 <\/p>\n<p class=\"g-ici-body-regular-3 info svelte-1a514ib\">Publi\u00e9 le samedi 30 ao\u00fbt 2025 \u00e0 11:08 <\/p>\n<p class=\"g-ici-body-bold-1 standFirst svelte-g22axr\">Nantaise d&rsquo;adoption, Ann-Flore incarne l&rsquo;esprit rebelle et progressiste de la ville dans ses boutiques et ses convictions. <\/p>\n<p>Elle a un franc-parler raccord avec ses tenues et sa flamboyance: Ann-Flore Rammant est un personnage de la mode nantaise, car elle a tenu pendant huit ans la boutique Mauvais genre, pr\u00e8s du ch\u00e2teau des Ducs de Bretagne. De son enfance en banlieue parisienne jusqu&rsquo;\u00e0 ses nouveaux projets ax\u00e9s psy et \u00e9ducation, Ann-Flore se raconte avec humour et puissance, et vous livre sa d\u00e9finition bienvenue du mot \u00ab\u00a0r\u00e9silience\u00a0\u00bb.<\/p>\n<ul class=\"SocialNetworks svelte-bt5901\">\n<li class=\"svelte-bt5901\"><\/li>\n<li class=\"svelte-bt5901\"><\/li>\n<li class=\"svelte-bt5901\"><\/li>\n<li class=\"svelte-bt5901\"><\/li>\n<li class=\"svelte-bt5901\"><\/li>\n<\/ul>\n<p class=\"g-ici-body-regular-3 description svelte-1vha4t1\">Tous les vendredis, recevez le meilleur de la semaine d\u2019ici Loire Oc\u00e9an\u00a0: certifi\u00e9 100% local\u00a0!<\/p>\n<p>En cliquant sur \u00ab\u00a0S\u2019abonner\u00a0\u00bb, j&rsquo;accepte que les donn\u00e9es recueillies par<br \/>\n        Radio France soient destin\u00e9es \u00e0 l&rsquo;envoi par courrier \u00e9lectronique de<br \/>\n        contenus et d&rsquo;informations relatifs aux programmes. Plus d&rsquo;informations.<\/p>\n<p>Les \u00e9pisodes de l\u2019\u00e9mission\u00a0: Les gens d&rsquo;ici &#8211; Grand format, ici Loire Oc\u00e9an<\/p>\n<p class=\"IciLink ici-link disabled title no-color g-ici-title-5 svelte-lu7k6w\">Les gens d&rsquo;ici de \u00ab\u00a0ici Loire Oc\u00e9an\u00a0\u00bb<\/p>\n<p>Sur le m\u00eame th\u00e8me<\/p>\n<ul slot=\"container\" class=\"content svelte-bu824\">\n<li class=\"IciCard  standard svelte-19qbux1\">\n<p class=\"standfirst g-ici-body-regular-2 svelte-19qbux1\">Julien Bainvel a officialis\u00e9 ce samedi 26 avril sa candidature pour la mairie de Nantes en 2026. Le conseiller municipal d&rsquo;opposition de 45 ans estime \u00eatre le mieux plac\u00e9 pour r\u00e9unir la droite et le centre.<\/p>\n<\/li>\n<li class=\"IciCard  standard svelte-19qbux1\">\n<p class=\"standfirst g-ici-body-regular-2 svelte-19qbux1\">Deux Nantais font partie des 13 personnes arr\u00eat\u00e9es et jug\u00e9es, en ce d\u00e9but avril 2025, pour un trafic de civelles, les alevins d&rsquo;anguilles, \u00e0 destination de la Chine via le S\u00e9n\u00e9gal. Ils sont soup\u00e7onn\u00e9s d&rsquo;avoir aliment\u00e9 le r\u00e9seau.<\/p>\n<\/li>\n<li class=\"IciCard  standard svelte-19qbux1\">\n<p class=\"standfirst g-ici-body-regular-2 svelte-19qbux1\">La mairie de Nantes a indiqu\u00e9, ce lundi \u00e0 la mi-journ\u00e9e, \u00eatre contrainte de fermer la piscine des Dervalli\u00e8res, seule piscine \u00e0 ciel ouvert de la ville. Une d\u00e9faillance \u00e9lectrique oblige les services techniques \u00e0 interdire le lieu au public \u00ab\u00a0jusqu&rsquo;\u00e0 nouvel ordre\u00a0\u00bb. <\/p>\n<\/li>\n<li class=\"IciCard  standard svelte-19qbux1\">\n<p class=\"standfirst g-ici-body-regular-2 svelte-19qbux1\">Le FC Nantes affronte Toulouse en finale de la Coupe de France ce samedi 29 avril. Des milliers de supporters des Canaris sont attendus au Stade de France, mais aussi devant les \u00e9crans g\u00e9ants install\u00e9s \u00e0 Nantes. On vous fait vivre l&rsquo;ambiance \u00e0 quelques heures du coup d&rsquo;envoi.<\/p>\n<\/li>\n<\/ul>\n","protected":false},"excerpt":{"rendered":"Ann Flore Rammant et Pauline Espagno \u00a9 Radio France &#8211; Ann Flore Ramant Diffus\u00e9 le samedi 30 ao\u00fbt&hellip;\n","protected":false},"author":2,"featured_media":354415,"comment_status":"","ping_status":"","sticky":false,"template":"","format":"standard","meta":{"footnotes":""},"categories":[2818],"tags":[1111,11,1777,674,1011,27,766,12,2636,25],"class_list":{"0":"post-354414","1":"post","2":"type-post","3":"status-publish","4":"format-standard","5":"has-post-thumbnail","7":"category-nantes","8":"tag-actu","9":"tag-actualites","10":"tag-eu","11":"tag-europe","12":"tag-fr","13":"tag-france","14":"tag-nantes","15":"tag-news","16":"tag-pays-de-la-loire","17":"tag-republique-francaise"},"share_on_mastodon":{"url":"https:\/\/pubeurope.com\/@fr\/115117409159142565","error":""},"_links":{"self":[{"href":"https:\/\/www.europesays.com\/fr\/wp-json\/wp\/v2\/posts\/354414","targetHints":{"allow":["GET"]}}],"collection":[{"href":"https:\/\/www.europesays.com\/fr\/wp-json\/wp\/v2\/posts"}],"about":[{"href":"https:\/\/www.europesays.com\/fr\/wp-json\/wp\/v2\/types\/post"}],"author":[{"embeddable":true,"href":"https:\/\/www.europesays.com\/fr\/wp-json\/wp\/v2\/users\/2"}],"replies":[{"embeddable":true,"href":"https:\/\/www.europesays.com\/fr\/wp-json\/wp\/v2\/comments?post=354414"}],"version-history":[{"count":0,"href":"https:\/\/www.europesays.com\/fr\/wp-json\/wp\/v2\/posts\/354414\/revisions"}],"wp:featuredmedia":[{"embeddable":true,"href":"https:\/\/www.europesays.com\/fr\/wp-json\/wp\/v2\/media\/354415"}],"wp:attachment":[{"href":"https:\/\/www.europesays.com\/fr\/wp-json\/wp\/v2\/media?parent=354414"}],"wp:term":[{"taxonomy":"category","embeddable":true,"href":"https:\/\/www.europesays.com\/fr\/wp-json\/wp\/v2\/categories?post=354414"},{"taxonomy":"post_tag","embeddable":true,"href":"https:\/\/www.europesays.com\/fr\/wp-json\/wp\/v2\/tags?post=354414"}],"curies":[{"name":"wp","href":"https:\/\/api.w.org\/{rel}","templated":true}]}}