{"id":354416,"date":"2025-08-30T11:10:07","date_gmt":"2025-08-30T11:10:07","guid":{"rendered":"https:\/\/www.europesays.com\/fr\/354416\/"},"modified":"2025-08-30T11:10:07","modified_gmt":"2025-08-30T11:10:07","slug":"un-homme-de-85-ans-meurt-dans-un-accident-de-la-route-le-cours-victor-hugo-ferme","status":"publish","type":"post","link":"https:\/\/www.europesays.com\/fr\/354416\/","title":{"rendered":"un homme de 85\u00a0ans meurt dans un accident de la route, le cours Victor-Hugo ferm\u00e9"},"content":{"rendered":"<p>Selon les premiers \u00e9l\u00e9ments, une collision a eu lieu sur cette art\u00e8re du centre-ville de Bordeaux entre deux v\u00e9hicules. L\u2019octog\u00e9naire qui a trouv\u00e9 la mort, un homme de nationalit\u00e9 portugaise, circulait \u00e0 pied. Une troisi\u00e8me personne, un homme \u00e2g\u00e9 de 43\u00a0ans, est actuellement en cours d\u2019assistance par les secours. Les pompiers, le Samu et la police nationale sont sur place.<\/p>\n<p>Un t\u00e9moin sur place d\u00e9crit deux v\u00e9hicules accident\u00e9s, un fourgon de La Poste et un SUV, au niveau du magasin Gifi. Les circonstances de l\u2019accident sont encore floues.<\/p>\n","protected":false},"excerpt":{"rendered":"Selon les premiers \u00e9l\u00e9ments, une collision a eu lieu sur cette art\u00e8re du centre-ville de Bordeaux entre deux&hellip;\n","protected":false},"author":2,"featured_media":354417,"comment_status":"","ping_status":"","sticky":false,"template":"","format":"standard","meta":{"footnotes":""},"categories":[2817],"tags":[1111,11,1997,1777,674,1011,27,12,2219,25],"class_list":{"0":"post-354416","1":"post","2":"type-post","3":"status-publish","4":"format-standard","5":"has-post-thumbnail","7":"category-bordeaux","8":"tag-actu","9":"tag-actualites","10":"tag-bordeaux","11":"tag-eu","12":"tag-europe","13":"tag-fr","14":"tag-france","15":"tag-news","16":"tag-nouvelle-aquitaine","17":"tag-republique-francaise"},"share_on_mastodon":{"url":"https:\/\/pubeurope.com\/@fr\/115117413093305267","error":""},"_links":{"self":[{"href":"https:\/\/www.europesays.com\/fr\/wp-json\/wp\/v2\/posts\/354416","targetHints":{"allow":["GET"]}}],"collection":[{"href":"https:\/\/www.europesays.com\/fr\/wp-json\/wp\/v2\/posts"}],"about":[{"href":"https:\/\/www.europesays.com\/fr\/wp-json\/wp\/v2\/types\/post"}],"author":[{"embeddable":true,"href":"https:\/\/www.europesays.com\/fr\/wp-json\/wp\/v2\/users\/2"}],"replies":[{"embeddable":true,"href":"https:\/\/www.europesays.com\/fr\/wp-json\/wp\/v2\/comments?post=354416"}],"version-history":[{"count":0,"href":"https:\/\/www.europesays.com\/fr\/wp-json\/wp\/v2\/posts\/354416\/revisions"}],"wp:featuredmedia":[{"embeddable":true,"href":"https:\/\/www.europesays.com\/fr\/wp-json\/wp\/v2\/media\/354417"}],"wp:attachment":[{"href":"https:\/\/www.europesays.com\/fr\/wp-json\/wp\/v2\/media?parent=354416"}],"wp:term":[{"taxonomy":"category","embeddable":true,"href":"https:\/\/www.europesays.com\/fr\/wp-json\/wp\/v2\/categories?post=354416"},{"taxonomy":"post_tag","embeddable":true,"href":"https:\/\/www.europesays.com\/fr\/wp-json\/wp\/v2\/tags?post=354416"}],"curies":[{"name":"wp","href":"https:\/\/api.w.org\/{rel}","templated":true}]}}