{"id":354418,"date":"2025-08-30T11:11:21","date_gmt":"2025-08-30T11:11:21","guid":{"rendered":"https:\/\/www.europesays.com\/fr\/354418\/"},"modified":"2025-08-30T11:11:21","modified_gmt":"2025-08-30T11:11:21","slug":"cest-le-meilleur-festival-electro-a-bordeaux","status":"publish","type":"post","link":"https:\/\/www.europesays.com\/fr\/354418\/","title":{"rendered":"\u00ab\u00a0C\u2019est le meilleur festival \u00e9lectro \u00e0 Bordeaux\u00a0\u00bb"},"content":{"rendered":"<p>        <img decoding=\"async\" id=\"25715662\" src=\"https:\/\/www.europesays.com\/fr\/wp-content\/uploads\/2025\/08\/20250829221122-davt8883.jpg\" alt=\"Pour sa 4e\u00a0\u00e9dition, le site a \u00e9t\u00e9 reconfigur\u00e9. \" itemprop=\"contentURL\"\/><\/p>\n<p>    Pour sa 4e\u00a0\u00e9dition, le site a \u00e9t\u00e9 reconfigur\u00e9. <\/p>\n<p>Thierry DAVID \/ SO<\/p>\n<p>Pour sa 4e\u00a0\u00e9dition, le site a \u00e9t\u00e9 reconfigur\u00e9, avec deux grandes sc\u00e8nes \u00e0 la sc\u00e9nographie \u00e9blouissante\u00a0: une en int\u00e9rieur avec un \u00e9cran de 3\u00a0m\u00e8tres de haut pour 50\u00a0m\u00e8tres de large et une autre en plein air. Un nouveau hangar a \u00e9t\u00e9 choisi pour accueillir la sc\u00e8ne techno, r\u00e9glant tous les probl\u00e8mes de r\u00e9sonance de son de l\u2019ancien hangar.<\/p>\n<p>\u00ab\u00a0C\u2019est la troisi\u00e8me ann\u00e9e de suite qu\u2019on vient, on n\u2019est jamais d\u00e9\u00e7us. Pour moi c\u2019est le meilleur festival \u00e9lectro \u00e0 Bordeaux\u00a0\u00bb, s\u2019amuse dans la foule L\u00e9o, venu avec quatre amis. Ils attendaient surtout les deux \u00ab\u00a0reines\u00a0\u00bb de la soir\u00e9e\u00a0: la bordelaise Anetha, star locale, et la n\u00e9erlandaise KI\/KI.<\/p>\n","protected":false},"excerpt":{"rendered":"Pour sa 4e\u00a0\u00e9dition, le site a \u00e9t\u00e9 reconfigur\u00e9. Thierry DAVID \/ SO Pour sa 4e\u00a0\u00e9dition, le site a&hellip;\n","protected":false},"author":2,"featured_media":354419,"comment_status":"","ping_status":"","sticky":false,"template":"","format":"standard","meta":{"footnotes":""},"categories":[2817],"tags":[1111,11,1997,1777,674,1011,27,12,2219,25],"class_list":{"0":"post-354418","1":"post","2":"type-post","3":"status-publish","4":"format-standard","5":"has-post-thumbnail","7":"category-bordeaux","8":"tag-actu","9":"tag-actualites","10":"tag-bordeaux","11":"tag-eu","12":"tag-europe","13":"tag-fr","14":"tag-france","15":"tag-news","16":"tag-nouvelle-aquitaine","17":"tag-republique-francaise"},"share_on_mastodon":{"url":"https:\/\/pubeurope.com\/@fr\/115117417178741595","error":""},"_links":{"self":[{"href":"https:\/\/www.europesays.com\/fr\/wp-json\/wp\/v2\/posts\/354418","targetHints":{"allow":["GET"]}}],"collection":[{"href":"https:\/\/www.europesays.com\/fr\/wp-json\/wp\/v2\/posts"}],"about":[{"href":"https:\/\/www.europesays.com\/fr\/wp-json\/wp\/v2\/types\/post"}],"author":[{"embeddable":true,"href":"https:\/\/www.europesays.com\/fr\/wp-json\/wp\/v2\/users\/2"}],"replies":[{"embeddable":true,"href":"https:\/\/www.europesays.com\/fr\/wp-json\/wp\/v2\/comments?post=354418"}],"version-history":[{"count":0,"href":"https:\/\/www.europesays.com\/fr\/wp-json\/wp\/v2\/posts\/354418\/revisions"}],"wp:featuredmedia":[{"embeddable":true,"href":"https:\/\/www.europesays.com\/fr\/wp-json\/wp\/v2\/media\/354419"}],"wp:attachment":[{"href":"https:\/\/www.europesays.com\/fr\/wp-json\/wp\/v2\/media?parent=354418"}],"wp:term":[{"taxonomy":"category","embeddable":true,"href":"https:\/\/www.europesays.com\/fr\/wp-json\/wp\/v2\/categories?post=354418"},{"taxonomy":"post_tag","embeddable":true,"href":"https:\/\/www.europesays.com\/fr\/wp-json\/wp\/v2\/tags?post=354418"}],"curies":[{"name":"wp","href":"https:\/\/api.w.org\/{rel}","templated":true}]}}