{"id":354420,"date":"2025-08-30T11:12:12","date_gmt":"2025-08-30T11:12:12","guid":{"rendered":"https:\/\/www.europesays.com\/fr\/354420\/"},"modified":"2025-08-30T11:12:12","modified_gmt":"2025-08-30T11:12:12","slug":"sur-la-route-entre-toulouse-et-locean-ne-ratez-pas-ce-village-etape-plein-de-charme","status":"publish","type":"post","link":"https:\/\/www.europesays.com\/fr\/354420\/","title":{"rendered":"Sur la route entre Toulouse et l\u2019oc\u00e9an ? Ne ratez pas ce village-\u00e9tape plein de charme"},"content":{"rendered":"<p><strong>Vous partez ou rentrez de vacances et le trajet s\u2019annonce long ? Pensez \u00e0 vous arr\u00eater dans\u00a0<a href=\"https:\/\/www.lejournaltoulousain.fr\/occitanie\/florac-perle-cachee-rn-106-patrimoine-gastronomie-et-paysages-stupefiants-333571\/\" rel=\"nofollow noopener\" target=\"_blank\">un village-\u00e9tape qui peut jalonner votre itin\u00e9raire<\/a>.\u00a0Vous y trouverez de quoi faire une vraie pause, dans un endroit agr\u00e9able. En Occitanie, 11 communes sont ainsi labellis\u00e9es, comme celle de Martres-Tolosane, en Haute-Garonne, sur l\u2019A64.<\/strong><\/p>\n<p><img fetchpriority=\"high\" decoding=\"async\" width=\"1200\" height=\"675\" src=\"https:\/\/www.europesays.com\/fr\/wp-content\/uploads\/2025\/08\/Martres-Tolosane-1200x675.jpg\" alt=\"village-\u00e9tape route oc\u00e9an\"  \/><\/p>\n<p>Vue du ciel, la forme circulaire du centre de Martres-Tolosane se remarque encore mieux. \u2013 Spitfire06 \/ CC BY-SA 4.0 (Wikimedia Commons)<\/p>\n<p>Situ\u00e9e dans l\u2019ancien pays de Comminges, la cit\u00e9 de Martres-Tolosane recense environ 2 400 habitants dans un cadre unique. Sur le passage de l\u2019A64, baptis\u00e9e \u201cla Pyr\u00e9n\u00e9enne\u201d et reliant Toulouse \u00e0 Bayonne, cette commune de Haute-Garonne se d\u00e9marque dans un premier temps par son architecture unique. Vue du sol, elle ressemble peut-\u00eatre \u00e0 une ville rurale comme une autre, mais en faisant le tour de son centre-ville, vous saisirez peut-\u00eatre l\u2019une des belles originalit\u00e9s de ce lieu. En effet, <strong>le c\u0153ur de ce village-\u00e9tape s\u2019est construit en cercle, autour de l\u2019\u00e9glise Saint-Vidian<\/strong>, construite au XIIIe si\u00e8cle sur les vestiges d\u2019un ancien complexe gallo-romain. Par ailleurs, ce lieu de culte accueille plusieurs reliquaires du Saint dont il a pris le nom.<\/p>\n<p>Un village-\u00e9tape plein de surprises !<\/p>\n<p>\u00c0 45 minutes de la Ville rose, cette cit\u00e9, plus atypique qu\u2019il n\u2019y para\u00eet, m\u00e9rite clairement une pause sur votre route vers l\u2019oc\u00e9an. Marqu\u00e9e par une riche histoire, de l\u2019Antiquit\u00e9 \u00e0 nos jours,<strong> Martres-Tolosane poss\u00e8de plusieurs constructions class\u00e9es Monument historique.<\/strong> En plus de l\u2019\u00e9glise tr\u00f4nant au centre du <a href=\"https:\/\/village-etape.fr\/village-etape\/martres-tolosane\/\" target=\"_blank\" rel=\"noreferrer noopener nofollow\">village-\u00e9tape<\/a>, on peut \u00e9voquer la villa romaine de Chiragan sur le territoire de la commune. Il s\u2019agit d\u2019un site arch\u00e9ologique r\u00e9put\u00e9, consid\u00e9r\u00e9 comme l\u2019un des plus importants d\u2019Europe dans son genre. Plusieurs des pi\u00e8ces qui y ont \u00e9t\u00e9 d\u00e9couvertes sont expos\u00e9es au mus\u00e9e Saint-Raymond de Toulouse. Enfin, le ch\u00e2teau de Th\u00e8be est une propri\u00e9t\u00e9 priv\u00e9e notable de la cit\u00e9, datant du XVIIe si\u00e8cle.<\/p>\n<p>Dans ce village-\u00e9tape, une industrie a \u00e9galement marqu\u00e9 la r\u00e9gion, au point que Martres-Tolosane en est devenue une v\u00e9ritable r\u00e9f\u00e9rence. En effet, <strong>la ville est connue pour sa manufacture de fa\u00efence.<\/strong> Depuis le XVIIIe si\u00e8cle, plusieurs g\u00e9n\u00e9rations d\u2019artisans ont transmis des techniques permettant de sublimer des objets en terre cuite, pour en faire de la vaisselle, des objets de d\u00e9coration et bien d\u2019autres choses. Pour illustrer l\u2019histoire de la ville et son excellence, un mus\u00e9e a ouvert ses portes. Accessible de mars \u00e0 d\u00e9cembre, il accueille une collection vari\u00e9e de t\u00e9moins du pass\u00e9 de la ville, au premier \u00e9tage, et un espace d\u00e9di\u00e9 \u00e0 la fa\u00efencerie, au second.<\/p>\n","protected":false},"excerpt":{"rendered":"Vous partez ou rentrez de vacances et le trajet s\u2019annonce long ? Pensez \u00e0 vous arr\u00eater dans\u00a0un village-\u00e9tape&hellip;\n","protected":false},"author":2,"featured_media":354421,"comment_status":"","ping_status":"","sticky":false,"template":"","format":"standard","meta":{"footnotes":""},"categories":[2816],"tags":[1111,11,1777,674,1011,27,12,2680,25,49055,2312],"class_list":{"0":"post-354420","1":"post","2":"type-post","3":"status-publish","4":"format-standard","5":"has-post-thumbnail","7":"category-toulouse","8":"tag-actu","9":"tag-actualites","10":"tag-eu","11":"tag-europe","12":"tag-fr","13":"tag-france","14":"tag-news","15":"tag-occitanie","16":"tag-republique-francaise","17":"tag-sur-la-route-entre-toulouse-et-lu2019ocu00e9an-ne-ratez-pas-ce-village-u00e9tape-plein-de-charme","18":"tag-toulouse"},"share_on_mastodon":{"url":"https:\/\/pubeurope.com\/@fr\/115117420989321134","error":""},"_links":{"self":[{"href":"https:\/\/www.europesays.com\/fr\/wp-json\/wp\/v2\/posts\/354420","targetHints":{"allow":["GET"]}}],"collection":[{"href":"https:\/\/www.europesays.com\/fr\/wp-json\/wp\/v2\/posts"}],"about":[{"href":"https:\/\/www.europesays.com\/fr\/wp-json\/wp\/v2\/types\/post"}],"author":[{"embeddable":true,"href":"https:\/\/www.europesays.com\/fr\/wp-json\/wp\/v2\/users\/2"}],"replies":[{"embeddable":true,"href":"https:\/\/www.europesays.com\/fr\/wp-json\/wp\/v2\/comments?post=354420"}],"version-history":[{"count":0,"href":"https:\/\/www.europesays.com\/fr\/wp-json\/wp\/v2\/posts\/354420\/revisions"}],"wp:featuredmedia":[{"embeddable":true,"href":"https:\/\/www.europesays.com\/fr\/wp-json\/wp\/v2\/media\/354421"}],"wp:attachment":[{"href":"https:\/\/www.europesays.com\/fr\/wp-json\/wp\/v2\/media?parent=354420"}],"wp:term":[{"taxonomy":"category","embeddable":true,"href":"https:\/\/www.europesays.com\/fr\/wp-json\/wp\/v2\/categories?post=354420"},{"taxonomy":"post_tag","embeddable":true,"href":"https:\/\/www.europesays.com\/fr\/wp-json\/wp\/v2\/tags?post=354420"}],"curies":[{"name":"wp","href":"https:\/\/api.w.org\/{rel}","templated":true}]}}