{"id":354424,"date":"2025-08-30T11:15:18","date_gmt":"2025-08-30T11:15:18","guid":{"rendered":"https:\/\/www.europesays.com\/fr\/354424\/"},"modified":"2025-08-30T11:15:18","modified_gmt":"2025-08-30T11:15:18","slug":"un-nouvel-espace-dechanges-a-fives-actualites","status":"publish","type":"post","link":"https:\/\/www.europesays.com\/fr\/354424\/","title":{"rendered":"Un nouvel espace d&rsquo;\u00e9changes \u00e0 Fives \/ Actualit\u00e9s"},"content":{"rendered":"<p>Un nouvel espace d&rsquo;\u00e9changes et de proximit\u00e9 a \u00e9t\u00e9 inaugur\u00e9 le samedi 30 ao\u00fbt 2025 \u00e0 Fives. Toutes les infos sur ce nouvel espace.\u00a0<\/p>\n<p>            <img loading=\"lazy\" decoding=\"async\" src=\"\/var\/www\/storage\/images\/mediatheque\/mairie-de-lille\/mon-quartier\/fives\/images\/le-salon-citoyen\/3830947-2-fre-FR\/Le-salon-citoyen_news_image_top.jpg\" width=\"779\" height=\"519\" alt=\"\"\/><\/p>\n<p>Retrouvez en mairie de quartier de Fives votre nouveau salon citoyen !<\/p>\n<p>Cet espace sur mesure am\u00e9nag\u00e9 dans votre mairie vous offre de nombreuses possibilit\u00e9s :<\/p>\n<ul class=\"listPuce\">\n<li>D\u00e9couvrir toutes les actualit\u00e9s pr\u00e8s de chez vous\u00a0(\u00e9v\u00e9nements, informations pratiques, etc.) et vous inscrire pour recevoir les infos du quartier<\/li>\n<li>Donner vos id\u00e9es ou projets pour Fives et signaler tout \u00e9ventuel incident concernant votre cadre de vie<\/li>\n<li>Profiter d&rsquo;un espace num\u00e9rique pour r\u00e9aliser vos d\u00e9marches<\/li>\n<li>\u00c9changer en toute simplicit\u00e9 dans un lieu propice \u00e0 la discussion et \u00e0 la d\u00e9tente<\/li>\n<\/ul>\n<p>Venez pousser la porte de ce nouvel espace pour discuter !\u00a0Rendez-vous \u00e0 la mairie de quartier de Fives (au 127 ter rue Pierre Legrand).<\/p>\n","protected":false},"excerpt":{"rendered":"Un nouvel espace d&rsquo;\u00e9changes et de proximit\u00e9 a \u00e9t\u00e9 inaugur\u00e9 le samedi 30 ao\u00fbt 2025 \u00e0 Fives. Toutes&hellip;\n","protected":false},"author":2,"featured_media":354425,"comment_status":"","ping_status":"","sticky":false,"template":"","format":"standard","meta":{"footnotes":""},"categories":[2815],"tags":[1111,11,4763,1777,674,1011,27,811,1307,5415,12,25],"class_list":{"0":"post-354424","1":"post","2":"type-post","3":"status-publish","4":"format-standard","5":"has-post-thumbnail","7":"category-lille","8":"tag-actu","9":"tag-actualites","10":"tag-agenda","11":"tag-eu","12":"tag-europe","13":"tag-fr","14":"tag-france","15":"tag-hauts-de-france","16":"tag-lille","17":"tag-mairie","18":"tag-news","19":"tag-republique-francaise"},"share_on_mastodon":{"url":"https:\/\/pubeurope.com\/@fr\/115117432848059602","error":""},"_links":{"self":[{"href":"https:\/\/www.europesays.com\/fr\/wp-json\/wp\/v2\/posts\/354424","targetHints":{"allow":["GET"]}}],"collection":[{"href":"https:\/\/www.europesays.com\/fr\/wp-json\/wp\/v2\/posts"}],"about":[{"href":"https:\/\/www.europesays.com\/fr\/wp-json\/wp\/v2\/types\/post"}],"author":[{"embeddable":true,"href":"https:\/\/www.europesays.com\/fr\/wp-json\/wp\/v2\/users\/2"}],"replies":[{"embeddable":true,"href":"https:\/\/www.europesays.com\/fr\/wp-json\/wp\/v2\/comments?post=354424"}],"version-history":[{"count":0,"href":"https:\/\/www.europesays.com\/fr\/wp-json\/wp\/v2\/posts\/354424\/revisions"}],"wp:featuredmedia":[{"embeddable":true,"href":"https:\/\/www.europesays.com\/fr\/wp-json\/wp\/v2\/media\/354425"}],"wp:attachment":[{"href":"https:\/\/www.europesays.com\/fr\/wp-json\/wp\/v2\/media?parent=354424"}],"wp:term":[{"taxonomy":"category","embeddable":true,"href":"https:\/\/www.europesays.com\/fr\/wp-json\/wp\/v2\/categories?post=354424"},{"taxonomy":"post_tag","embeddable":true,"href":"https:\/\/www.europesays.com\/fr\/wp-json\/wp\/v2\/tags?post=354424"}],"curies":[{"name":"wp","href":"https:\/\/api.w.org\/{rel}","templated":true}]}}