{"id":354426,"date":"2025-08-30T11:16:11","date_gmt":"2025-08-30T11:16:11","guid":{"rendered":"https:\/\/www.europesays.com\/fr\/354426\/"},"modified":"2025-08-30T11:16:11","modified_gmt":"2025-08-30T11:16:11","slug":"a-marseille-les-personnes-en-situation-de-handicap-dans-un-parcours-seme-dembuches","status":"publish","type":"post","link":"https:\/\/www.europesays.com\/fr\/354426\/","title":{"rendered":"A Marseille, les personnes en situation de handicap dans \u00ab\u2009un parcours sem\u00e9 d\u2019emb\u00fbches\u2009\u00bb"},"content":{"rendered":"<p>            Par<br \/>\n        <strong><br \/>\n            <a href=\"https:\/\/actu.fr\/auteur\/thomas-blanc\" title=\"Consulter tous les articles de Thomas Blanc\" target=\"_blank\" rel=\"noopener\">Thomas Blanc<\/a><br \/>\n        <\/strong><\/p>\n<p>        Publi\u00e9 le<\/p>\n<p>            30 ao\u00fbt 2025 \u00e0 8h38        <\/p>\n<p>La vie quotidienne des personnes handicap\u00e9es \u00e0 <a href=\"https:\/\/actu.fr\/marseille\/\" target=\"_blank\" rel=\"noopener\">Marseille<\/a> demeure \u00ab\u2009un parcours sem\u00e9 d\u2019emb\u00fbches\u2009\u00bb, malgr\u00e9 des dispositifs l\u00e9gaux cens\u00e9s garantir leur inclusion, raconte \u00e0 actu Marseille Kylian, atteint d\u2019une d\u00e9ficience visuelle. C\u2019est m\u00eame un <strong>combat<\/strong> de tous les jours auxquels ils doivent se livrer et cela concerne aussi les parents d\u2019enfants atteints de <a href=\"https:\/\/actu.fr\/tag\/handicap\" target=\"_blank\" rel=\"noopener\">handicaps<\/a>, quels qu\u2019ils soient. Entre <strong>manque d\u2019accompagnement<\/strong>, d\u2019\u00e9quipement et d\u2019\u00e9coute \u00e0 l\u2019\u00e9chelle politique, une association est sur le point d\u2019\u00eatre cr\u00e9\u00e9e par Salim Benhaddi, pour d\u00e9fendre les int\u00e9r\u00eats de ce public. Pour actu Marseille, ils t\u00e9moignent et veulent faire entendre leurs voix \u00e0 l\u2019approche des \u00e9lections municipales qui se tiendront les 15 et 22 mars 2026.<\/p>\n<p>\u00ab\u2009Marseille n\u2019est pas la pire ville mais ce n\u2019est pas la meilleure\u2009\u00bb<\/p>\n<p class=\" wall-content\">L\u2019exp\u00e9rience de Kylian, malvoyant depuis quatre ans et r\u00e9cemment revenu dans la cit\u00e9 phoc\u00e9enne, illustre l\u2019ampleur et les nuances de <strong>ses difficult\u00e9s<\/strong>. \u00ab\u2009Il faudrait plus de bandes passantes c\u2019est un vrai probl\u00e8me pour se rep\u00e9rer\u2009\u00bb, explique-t-il, impuissant.<\/p>\n<p class=\" wall-content\">Son exemple le plus criant est celui du trajet entre l\u2019int\u00e9rieur de la <a href=\"https:\/\/actu.fr\/tag\/gare-saint-charles\" target=\"_blank\" rel=\"noopener\">gare Saint-Charles<\/a> et ses fameux escaliers, d\u00e9pourvu d\u2019un tel \u00e9quipement alors que \u00ab\u2009beaucoup de personnes empruntent ce circuit en sortant de leur train\u2009\u00bb, sermonne-t-il.<\/p>\n<p class=\" wall-content\">Kylian \u00e9voque aussi, avec tristesse, le d\u00e9ficit d\u2019<strong>annonces audios<\/strong> des arr\u00eats dans le tramway et le m\u00e9tro marseillais, \u00ab\u2009cela se fait dans d\u2019autres villes mais pas \u00e0 Marseille, c\u2019est dommage.\u2009\u00bb Malgr\u00e9 des progr\u00e8s sur certains aspects, il ne saurait qualifier sa ville de naissance de <strong>mod\u00e8le<\/strong>, \u00ab\u2009Marseille n\u2019est pas la pire ville o\u00f9 j\u2019ai v\u00e9cu niveau accessibilit\u00e9 mais ce n\u2019est pas la meilleure\u2009\u00bb admet le jeune homme.<\/p>\n<p class=\" wall-content\">Son choix de revenir s\u2019explique notamment par le <strong>tissu social local<\/strong>, il y trouve que \u00ab\u2009les gens m\u2019aident beaucoup plus ici qu\u2019\u00e0 Bordeaux o\u00f9 je suis all\u00e9 habiter, ils sont beaucoup plus solidaires.\u2009\u00bb Cette <strong>entraide<\/strong> compense partiellement les lacunes mat\u00e9rielles et organisationnelles selon lui.<\/p>\n<p>Le patrimoine inaccessible<\/p>\n<p class=\" wall-content\">Plusieurs personnes handicap\u00e9es interrog\u00e9es d\u00e9noncent <strong>l\u2019inaccessibilit\u00e9 des monuments historiques de Marseille<\/strong> qui, pourtant, devraient r\u00e9pondre \u00e0 l\u2019obligation l\u00e9gale de la loi du 11\u00a0f\u00e9vrier 2005 pour l\u2019\u00e9galit\u00e9 des droits.<\/p>\n<p class=\" wall-content\">L\u2019exemple phare reste la <a href=\"https:\/\/actu.fr\/tag\/cathedrale-la-major\" target=\"_blank\" rel=\"noopener\">cath\u00e9drale de La Major<\/a>, r\u00e9cemment r\u00e9nov\u00e9e, o\u00f9 <strong>aucun acc\u00e8s pour les personnes \u00e0 mobilit\u00e9 r\u00e9duite n\u2019a \u00e9t\u00e9 install\u00e9<\/strong> et le seul moyen d\u2019acc\u00e9der au b\u00e2timent reste un escalier d\u2019une dizaine de marches\u2026 Les personnes en fauteuil doivent donc rester \u00e0 l\u2019ext\u00e9rieur.<\/p>\n<p>Votre r\u00e9gion, votre actu !<\/p>\n<p>Recevez chaque jour les infos qui comptent pour vous.<\/p>\n<p>\t<a href=\"https:\/\/actu.fr\/newsletter\" class=\"ac-btn ac-btn--corner ac-btn--medium ac-btn--blue800\" target=\"_blank\" rel=\"noopener\">S&rsquo;incrire<\/a><\/p>\n<p class=\" wall-content\">Pourtant, d\u2019apr\u00e8s Pierre, employ\u00e9 dans l\u2019\u00e9difice, \u00ab<strong>\u2009il \u00e9tait bien pr\u00e9vu une rampe de 80\u00a0m\u00e8tres<\/strong> de long sur le c\u00f4t\u00e9 est de la cath\u00e9drale lors de la r\u00e9novation\u2009\u00bb mais l\u2019\u00c9tat, qui g\u00e8re le b\u00e2timent car monument historique, l\u2019aurait refus\u00e9. Une d\u00e9cision qui ent\u00e9rine l\u2019exclusion de certains publics.<\/p>\n<p>Faiblesse du suivi et formations<\/p>\n<p class=\" wall-content\">Les difficult\u00e9s ne se limitent pas \u00e0 la mobilit\u00e9. Lilia, m\u00e8re de trois enfants porteurs de troubles du spectre autistique, relate son exp\u00e9rience.<\/p>\n<blockquote class=\"ac-article-quote wall-content\">\n<p>Dans la r\u00e9gion, il n\u2019y a pas de professionnels suffisamment form\u00e9s \u00e0 ce genre de handicap<\/p>\n<p>    <strong>Lilia<\/strong>\n            <\/p><\/blockquote>\n<p class=\" wall-content\">Contrainte de se former par elle-m\u00eame, <strong>au prix fort<\/strong> et souvent \u00e0 l\u2019\u00e9tranger \u2014 en Pologne notamment \u2014 elle estime s\u2019\u00eatre \u00ab\u2009battue\u2009\u00bb mais que malheureusement \u00ab\u2009beaucoup baissent les bras et n\u2019offrent plus de suivi \u00e0 leurs enfants faute de professionnels disponibles et form\u00e9s.\u2009\u00bb<\/p>\n<p class=\" wall-content\">Ce manque d\u2019accompagnement conduit certains <strong>\u00e0 quitter Marseille<\/strong>. Nadjib, a d\u2019ailleurs vu un membre de sa famille plier bagage. \u00ab\u2009Mon fr\u00e8re est p\u00e8re de deux enfants autistes, il a pr\u00e9f\u00e9r\u00e9 partir de Marseille.\u2009\u00bb Valentin partage une situation similaire, sa tante, h\u00e9mipl\u00e9gique, est repartie en Guadeloupe pour trouver un accompagnement et une acceptation du handicap sup\u00e9rieurs \u00e0 ceux offerts dans la ville.<\/p>\n<p class=\" wall-content\">Ces r\u00e9cits d\u00e9montrent une forme d\u2019exil impos\u00e9, r\u00e9v\u00e9latrice d\u2019un \u00e9cosyst\u00e8me local inadapt\u00e9.<\/p>\n<p>La peur d\u2019un logement inadapt\u00e9<\/p>\n<p class=\" wall-content\">La <strong>crise du logement social<\/strong> aggrave encore la situation et Marseille particuli\u00e8rement touch\u00e9 enregistre <strong>un retard de 40\u2009000 places en HLM<\/strong>. Selon, <a href=\"https:\/\/actu.fr\/provence-alpes-cote-d-azur\/marseille_13055\/quand-je-saute-d-un-avion-j-oublie-mon-fauteuil-parcours-de-ce-sportif-de-marseille-hors-normes_63089060.html\" target=\"_blank\" rel=\"noopener\">Salim Benhaddi<\/a>, en fauteuil roulant depuis 30\u00a0ans et multiple champion handisport, \u00ab\u2009la cons\u00e9quence directe de cela pour nous est que si l\u2019on demande une place en logement social en rez-de-chauss\u00e9e, ce dont on a besoin, on a peu de chance de l\u2019obtenir.\u2009\u00bb<\/p>\n<p class=\" wall-content\">Les personnes handicap\u00e9es qui vivent en \u00e9tage s\u2019en trouvent confin\u00e9es chez elles, coup\u00e9es du reste du monde. Il ajoute, \u00ab\u2009il faudrait plus de logements proches du centre-ville et non dans des quartiers exil\u00e9s, puisque l\u2019on a de grosses difficult\u00e9s d\u2019accessibilit\u00e9 dans les transports \u00e0 Marseille.\u2009\u00bb<\/p>\n<p class=\" wall-content\">En somme, quel que soit le handicap en question, les personnes concern\u00e9es ne demandent que le renforcement de l\u2019application de la loi de 2005 cens\u00e9 leur \u00e9viter un isolement social.<\/p>\n<p class=\" wall-content\">Personnalisez votre actualit\u00e9 en ajoutant vos villes et m\u00e9dias en favori avec <a href=\"https:\/\/moncompte.actu.fr\" title=\"D\u00e9couvez Mon Actu\" rel=\"nofollow noopener\" data-trk=\"{&quot;cta&quot;:{&quot;action&quot;:&quot;https:\\\/\\\/moncompte.actu.fr&quot;,&quot;category&quot;:&quot;mon compte&quot;,&quot;from&quot;:&quot;article footer&quot;,&quot;name&quot;:&quot;Mon actu&quot;,&quot;type&quot;:&quot;cta&quot;}}\" target=\"_blank\">Mon Actu<\/a>.<\/p>\n","protected":false},"excerpt":{"rendered":"Par Thomas Blanc Publi\u00e9 le 30 ao\u00fbt 2025 \u00e0 8h38 La vie quotidienne des personnes handicap\u00e9es \u00e0 Marseille&hellip;\n","protected":false},"author":2,"featured_media":354427,"comment_status":"","ping_status":"","sticky":false,"template":"","format":"standard","meta":{"footnotes":""},"categories":[2814],"tags":[1111,11,6791,1777,674,1011,27,1943,884,12,2551,882,25,104],"class_list":{"0":"post-354426","1":"post","2":"type-post","3":"status-publish","4":"format-standard","5":"has-post-thumbnail","7":"category-marseille","8":"tag-actu","9":"tag-actualites","10":"tag-cathedrale-la-major","11":"tag-eu","12":"tag-europe","13":"tag-fr","14":"tag-france","15":"tag-handicap","16":"tag-marseille","17":"tag-news","18":"tag-patrimoine","19":"tag-provence-alpes-cote-dazur","20":"tag-republique-francaise","21":"tag-societe"},"share_on_mastodon":{"url":"https:\/\/pubeurope.com\/@fr\/115117436668084500","error":""},"_links":{"self":[{"href":"https:\/\/www.europesays.com\/fr\/wp-json\/wp\/v2\/posts\/354426","targetHints":{"allow":["GET"]}}],"collection":[{"href":"https:\/\/www.europesays.com\/fr\/wp-json\/wp\/v2\/posts"}],"about":[{"href":"https:\/\/www.europesays.com\/fr\/wp-json\/wp\/v2\/types\/post"}],"author":[{"embeddable":true,"href":"https:\/\/www.europesays.com\/fr\/wp-json\/wp\/v2\/users\/2"}],"replies":[{"embeddable":true,"href":"https:\/\/www.europesays.com\/fr\/wp-json\/wp\/v2\/comments?post=354426"}],"version-history":[{"count":0,"href":"https:\/\/www.europesays.com\/fr\/wp-json\/wp\/v2\/posts\/354426\/revisions"}],"wp:featuredmedia":[{"embeddable":true,"href":"https:\/\/www.europesays.com\/fr\/wp-json\/wp\/v2\/media\/354427"}],"wp:attachment":[{"href":"https:\/\/www.europesays.com\/fr\/wp-json\/wp\/v2\/media?parent=354426"}],"wp:term":[{"taxonomy":"category","embeddable":true,"href":"https:\/\/www.europesays.com\/fr\/wp-json\/wp\/v2\/categories?post=354426"},{"taxonomy":"post_tag","embeddable":true,"href":"https:\/\/www.europesays.com\/fr\/wp-json\/wp\/v2\/tags?post=354426"}],"curies":[{"name":"wp","href":"https:\/\/api.w.org\/{rel}","templated":true}]}}