{"id":354439,"date":"2025-08-30T11:24:12","date_gmt":"2025-08-30T11:24:12","guid":{"rendered":"https:\/\/www.europesays.com\/fr\/354439\/"},"modified":"2025-08-30T11:24:12","modified_gmt":"2025-08-30T11:24:12","slug":"il-pensait-passer-incognito-mais-attire-lattention-de-la-police-avec-son-sac","status":"publish","type":"post","link":"https:\/\/www.europesays.com\/fr\/354439\/","title":{"rendered":"Il pensait passer incognito mais attire l&rsquo;attention de la police avec son sac"},"content":{"rendered":"<p>            Par<br \/>\n        <strong><br \/>\n            <a href=\"https:\/\/actu.fr\/auteur\/redaction-paris\" title=\"Consulter tous les articles de R\u00e9daction Paris\" target=\"_blank\" rel=\"noopener\">R\u00e9daction Paris<\/a><br \/>\n        <\/strong><\/p>\n<p>        Publi\u00e9 le<\/p>\n<p>            30 ao\u00fbt 2025 \u00e0 11h10        <\/p>\n<p>Peut-\u00eatre imaginait-il donner l\u2019impression de faire ses courses. Il n\u2019a en tout cas pas tromper les <a href=\"https:\/\/actu.fr\/tag\/police\" target=\"_blank\" rel=\"noopener\">policiers<\/a> de la BAC post\u00e9s dans les rues d\u2019Asni\u00e8res-sur-Seine (Hauts-de-Seine). Sur son compte Facebook, le syndicat de police Unit\u00e992, rapporte qu\u2019un homme a \u00e9t\u00e9 interpell\u00e9 dans les rues de la ville alors qu\u2019il se baladait avec un sac. \u00ab\u00a0Il pensait passer incognito\u00a0\u00bb, commentent les policiers.\u00a0<\/p>\n<p class=\" wall-content\">Ils poursuivent non sans humour : \u00ab\u00a0rep\u00e9r\u00e9 par la BAC Asni\u00e8res, il n\u2019a pas eu le temps de filer : interpellation nette et sans bavure par nos coll\u00e8gues. Direction le commissariat, sans carte de fid\u00e9lit\u00e9 ni ticket de caisse !\u00a0\u00bb Car le sac de l\u2019individu ne contenait pas ses courses du jour mais 5 kilos de <a href=\"https:\/\/actu.fr\/tag\/cannabis\" target=\"_blank\" rel=\"noopener\">cannabis<\/a>.\u00a0<\/p>\n<p class=\" wall-content\">\u00ab\u00a0Comme un panier suffit rarement, une perquisition a permis de d\u00e9couvrir le reste du \u201cstock maison\u201d\u00a0\u00bb. Les policiers ont ainsi d\u00e9couvert au domicile de l\u2019individu 9 autres kilos de r\u00e9sine de cannabis.\u00a0<\/p>\n<p class=\" wall-content\">Personnalisez votre actualit\u00e9 en ajoutant vos villes et m\u00e9dias en favori avec <a href=\"https:\/\/moncompte.actu.fr\" title=\"D\u00e9couvez Mon Actu\" rel=\"nofollow noopener\" data-trk=\"{&quot;cta&quot;:{&quot;action&quot;:&quot;https:\\\/\\\/moncompte.actu.fr&quot;,&quot;category&quot;:&quot;mon compte&quot;,&quot;from&quot;:&quot;article footer&quot;,&quot;name&quot;:&quot;Mon actu&quot;,&quot;type&quot;:&quot;cta&quot;}}\" target=\"_blank\">Mon Actu<\/a>.<\/p>\n","protected":false},"excerpt":{"rendered":"Par R\u00e9daction Paris Publi\u00e9 le 30 ao\u00fbt 2025 \u00e0 11h10 Peut-\u00eatre imaginait-il donner l\u2019impression de faire ses courses.&hellip;\n","protected":false},"author":2,"featured_media":354440,"comment_status":"","ping_status":"","sticky":false,"template":"","format":"standard","meta":{"footnotes":""},"categories":[1888],"tags":[11,3675,1777,674,118,1011,27,12,626,1072,25],"class_list":{"0":"post-354439","1":"post","2":"type-post","3":"status-publish","4":"format-standard","5":"has-post-thumbnail","7":"category-paris","8":"tag-actualites","9":"tag-cannabis","10":"tag-eu","11":"tag-europe","12":"tag-faits-divers","13":"tag-fr","14":"tag-france","15":"tag-news","16":"tag-paris","17":"tag-police","18":"tag-republique-francaise"},"share_on_mastodon":{"url":"","error":""},"_links":{"self":[{"href":"https:\/\/www.europesays.com\/fr\/wp-json\/wp\/v2\/posts\/354439","targetHints":{"allow":["GET"]}}],"collection":[{"href":"https:\/\/www.europesays.com\/fr\/wp-json\/wp\/v2\/posts"}],"about":[{"href":"https:\/\/www.europesays.com\/fr\/wp-json\/wp\/v2\/types\/post"}],"author":[{"embeddable":true,"href":"https:\/\/www.europesays.com\/fr\/wp-json\/wp\/v2\/users\/2"}],"replies":[{"embeddable":true,"href":"https:\/\/www.europesays.com\/fr\/wp-json\/wp\/v2\/comments?post=354439"}],"version-history":[{"count":0,"href":"https:\/\/www.europesays.com\/fr\/wp-json\/wp\/v2\/posts\/354439\/revisions"}],"wp:featuredmedia":[{"embeddable":true,"href":"https:\/\/www.europesays.com\/fr\/wp-json\/wp\/v2\/media\/354440"}],"wp:attachment":[{"href":"https:\/\/www.europesays.com\/fr\/wp-json\/wp\/v2\/media?parent=354439"}],"wp:term":[{"taxonomy":"category","embeddable":true,"href":"https:\/\/www.europesays.com\/fr\/wp-json\/wp\/v2\/categories?post=354439"},{"taxonomy":"post_tag","embeddable":true,"href":"https:\/\/www.europesays.com\/fr\/wp-json\/wp\/v2\/tags?post=354439"}],"curies":[{"name":"wp","href":"https:\/\/api.w.org\/{rel}","templated":true}]}}