{"id":35444,"date":"2025-04-19T02:56:12","date_gmt":"2025-04-19T02:56:12","guid":{"rendered":"https:\/\/www.europesays.com\/fr\/35444\/"},"modified":"2025-04-19T02:56:12","modified_gmt":"2025-04-19T02:56:12","slug":"un-homme-heliporte-a-grenoble-apres-un-malaise-cardiaque-sur-un-sentier","status":"publish","type":"post","link":"https:\/\/www.europesays.com\/fr\/35444\/","title":{"rendered":"Un homme h\u00e9liport\u00e9 \u00e0 Grenoble apr\u00e8s un malaise cardiaque sur un sentier"},"content":{"rendered":"<p>\u00a0<\/p>\n<p><strong>-Hautes-Alpes-\u00a0<\/strong><\/p>\n<p style=\"text-align: justify;\">Un homme de 56 ans h\u00e9liport\u00e9 sur l\u2019h\u00f4pital de Grenoble apr\u00e8s un malaise cardiaque, vers 10h30 ce vendredi. L\u2019homme se trouvait sur un sentier de randonn\u00e9e, en direction d\u2019un site de d\u00e9collage de parapente. Il a \u00e9t\u00e9 pris en charge par le PGHM de Brian\u00e7on. Son pronostic vital \u00e9tait engag\u00e9 selon les secours.\u00a0<\/p>\n<p style=\"text-align: right;\"><strong>LR<\/strong><\/p>\n","protected":false},"excerpt":{"rendered":"\u00a0 -Hautes-Alpes-\u00a0 Un homme de 56 ans h\u00e9liport\u00e9 sur l\u2019h\u00f4pital de Grenoble apr\u00e8s un malaise cardiaque, vers 10h30&hellip;\n","protected":false},"author":2,"featured_media":35445,"comment_status":"","ping_status":"","sticky":false,"template":"","format":"standard","meta":{"footnotes":""},"categories":[9566],"tags":[1111,11,7733,8279,2430,7736,650,7734,2889,2263,1777,674,1011,27,1085,2731,8280,6417,1114,4662,12,3725,1825,25,7053,7737],"class_list":{"0":"post-35444","1":"post","2":"type-post","3":"status-publish","4":"format-standard","5":"has-post-thumbnail","7":"category-grenoble","8":"tag-actu","9":"tag-actualites","10":"tag-alpes","11":"tag-alpes1","12":"tag-auvergne-rhone-alpes","13":"tag-cds","14":"tag-cinema","15":"tag-ecoute","16":"tag-emission","17":"tag-equipe","18":"tag-eu","19":"tag-europe","20":"tag-fr","21":"tag-france","22":"tag-gap","23":"tag-grenoble","24":"tag-haute","25":"tag-information","26":"tag-infos","27":"tag-journal","28":"tag-news","29":"tag-podcast","30":"tag-radio","31":"tag-republique-francaise","32":"tag-sud","33":"tag-winamp"},"share_on_mastodon":{"url":"https:\/\/pubeurope.com\/@fr\/114362383254999940","error":""},"_links":{"self":[{"href":"https:\/\/www.europesays.com\/fr\/wp-json\/wp\/v2\/posts\/35444","targetHints":{"allow":["GET"]}}],"collection":[{"href":"https:\/\/www.europesays.com\/fr\/wp-json\/wp\/v2\/posts"}],"about":[{"href":"https:\/\/www.europesays.com\/fr\/wp-json\/wp\/v2\/types\/post"}],"author":[{"embeddable":true,"href":"https:\/\/www.europesays.com\/fr\/wp-json\/wp\/v2\/users\/2"}],"replies":[{"embeddable":true,"href":"https:\/\/www.europesays.com\/fr\/wp-json\/wp\/v2\/comments?post=35444"}],"version-history":[{"count":0,"href":"https:\/\/www.europesays.com\/fr\/wp-json\/wp\/v2\/posts\/35444\/revisions"}],"wp:featuredmedia":[{"embeddable":true,"href":"https:\/\/www.europesays.com\/fr\/wp-json\/wp\/v2\/media\/35445"}],"wp:attachment":[{"href":"https:\/\/www.europesays.com\/fr\/wp-json\/wp\/v2\/media?parent=35444"}],"wp:term":[{"taxonomy":"category","embeddable":true,"href":"https:\/\/www.europesays.com\/fr\/wp-json\/wp\/v2\/categories?post=35444"},{"taxonomy":"post_tag","embeddable":true,"href":"https:\/\/www.europesays.com\/fr\/wp-json\/wp\/v2\/tags?post=35444"}],"curies":[{"name":"wp","href":"https:\/\/api.w.org\/{rel}","templated":true}]}}