{"id":354443,"date":"2025-08-30T11:26:10","date_gmt":"2025-08-30T11:26:10","guid":{"rendered":"https:\/\/www.europesays.com\/fr\/354443\/"},"modified":"2025-08-30T11:26:10","modified_gmt":"2025-08-30T11:26:10","slug":"selon-une-enquete-journalistique-des-drones-russes-espions-survolent-lest-de-lallemagne","status":"publish","type":"post","link":"https:\/\/www.europesays.com\/fr\/354443\/","title":{"rendered":"selon une enqu\u00eate journalistique, des drones russes espions survolent l\u2019Est de l\u2019Allemagne"},"content":{"rendered":"<p>Cette op\u00e9ration a \u00e9t\u00e9 d\u00e9mentie par le Kremlin, qui \u00e9voque \u00abdes informations tr\u00e8s probablement fausses\u00bb. De son c\u00f4t\u00e9, le minist\u00e8re allemand de la D\u00e9fense se dit conscient de la menace.<\/p>\n<p class=\"fig-paragraph\">Selon le m\u00e9dia allemand\u00a0<a href=\"https:\/\/www.wiwo.de\/politik\/deutschland\/geheimdienste-putins-drohnen-spionage-mitten-in-deutschland\/100151058.html\" target=\"_blank\" rel=\"sponsored noopener\" data-gtm-custom-categorie=\"navigation\" data-gtm-custom-action=\"crossclick\" data-gtm-custom-label=\"Contextuel\" data-gtm-event=\"customEventSPE\">WirtschaftsWoche<\/a> \u00a0et le quotidien am\u00e9ricain\u00a0<a href=\"https:\/\/www.nytimes.com\/2025\/08\/28\/us\/politics\/russian-drones-weapons-routes.html\" target=\"_blank\" rel=\"sponsored noopener\" data-gtm-custom-categorie=\"navigation\" data-gtm-custom-action=\"crossclick\" data-gtm-custom-label=\"Contextuel\" data-gtm-event=\"customEventSPE\">New York Times<\/a>, des drones de surveillance ont r\u00e9cemment survol\u00e9 des routes d\u2019Allemagne de l\u2019Est, par lesquelles transite du\u00a0<a href=\"http:\/\/www.lefigaro.fr\/societes\/en-allemagne-une-gigantesque-usine-de-munitions-inauguree-par-rheinmetall-pilier-du-rearmement-europeen-20250827\" data-fig-type=\"NewsFlash\" data-gtm-custom-categorie=\"navigation\" data-gtm-custom-action=\"crossclick\" data-gtm-custom-label=\"Contextuel\" data-gtm-event=\"customEventSPE\" data-fig-domain=\"LEFIGARO\" target=\"_blank\" rel=\"noopener\">mat\u00e9riel<\/a>\u00a0achemin\u00e9 par les alli\u00e9s de l\u2019Ukraine.<\/p>\n<p class=\"fig-paragraph\">L\u2019objectif des Russes serait de recueillir des informations en pr\u00e9vision d\u2019actes de sabotages ou tout simplement d\u2019aider ses troupes en Ukraine \u00e0 anticiper la menace ennemie, d\u2019apr\u00e8s ces enqu\u00eates.<\/p>\n<p>                                    <a class=\"fig-a11y-skip a11y-hidden\" href=\"#fig-a11y-skip-main-inarticle\"><br \/>\n        Passer la publicit\u00e9<br \/>\n    <\/a><\/p>\n<p>\u00abJeu du chat et de la souris\u00bb<\/p>\n<p class=\"fig-paragraph\">Apr\u00e8s la publication de ces r\u00e9v\u00e9lations ce jeudi 28 ao\u00fbt, le ministre allemand de la D\u00e9fense, Boris Pistorius s\u2019est dit \u00abpleinement conscient du d\u00e9fi\u00bb. \u00abLe fait que des drones survolent \u00e9galement des ports et des installations ferroviaires ne devrait surprendre personne\u00bb, a-t-il affirm\u00e9, ajoutant avec d\u00e9pit\u00a0: \u00abNous ne pouvons pas y faire grand-chose.\u00bb Selon Boris Pistorius, \u00abun jeu du chat et de la souris\u00bb d\u2019ordre technique et technologique s\u2019est engag\u00e9 entre les d\u00e9veloppeurs de drones et les \u00c9tats cibl\u00e9s.<\/p>\n<p class=\"fig-paragraph\">Selon les informations de WirtschaftsWoche, certains des drones ont \u00e9t\u00e9 fabriqu\u00e9s en Iran. Des membres des services de renseignements allemands affirment \u00e9galement que certains seraient partis de navires pr\u00e9sents dans\u00a0<a href=\"http:\/\/www.lefigaro.fr\/international\/en-mer-baltique-la-russie-deploie-ses-navires-de-guerre-pour-escorter-sa-flotte-fantome-20250528\" data-fig-type=\"NewsFlash\" data-gtm-custom-categorie=\"navigation\" data-gtm-custom-action=\"crossclick\" data-gtm-custom-label=\"Contextuel\" data-gtm-event=\"customEventSPE\" data-fig-domain=\"LEFIGARO\" target=\"_blank\" rel=\"noopener\">la mer Baltique<\/a>. De leur c\u00f4t\u00e9, les autorit\u00e9s am\u00e9ricaines, contact\u00e9es par le New York Times, ont \u00e9galement confirm\u00e9 \u00eatre inform\u00e9es de l\u2019existence de ses vols. Toutefois, elles n\u2019en ont pas pr\u00e9cis\u00e9ment d\u00e9termin\u00e9 l\u2019origine.<\/p>\n<p>\u00abC\u2019est difficile \u00e0 imaginer\u00bb<\/p>\n<p class=\"fig-paragraph\">Interrog\u00e9 par des journalistes sur le sujet ce jeudi, le porte-parole du Kremlin Dmitri Peskov a qualifi\u00e9 ces informations de \u00abtr\u00e8s probablement fausses\u00bb. \u00abC\u2019est difficile \u00e0 imaginer. Si c\u2019\u00e9tait le cas, les Allemands le verraient clairement et il est peu probable qu\u2019ils resteraient silencieux\u00bb, a-t-il affirm\u00e9, \u00e9voquant un \u00abun \u00e9ni\u00e8me faux article de presse\u00bb.<\/p>\n<p class=\"fig-paragraph\">En ce premier semestre 2025, les op\u00e9rations de sabotage russes en Europe ont toutefois diminu\u00e9, comme l\u2019affirme Seth Jones au New York Times, vice-pr\u00e9sident du Centre d\u2019\u00e9tudes strat\u00e9giques et internationales (CSIS). Selon un t\u00e9moignage transmis au S\u00e9nat du g\u00e9n\u00e9ral Alexus G. Grynkewich, \u00e0 la t\u00eate du commandement am\u00e9ricain en Europe, \u00abla surveillance accrue\u00bb des autorit\u00e9s europ\u00e9ennes a contribu\u00e9 \u00e0 r\u00e9duire la menace. La riche activit\u00e9 diplomatique de ces derniers mois, visant \u00e0 n\u00e9gocier la fin des combats en Ukraine, pourrait aussi expliquer cette baisse.<\/p>\n","protected":false},"excerpt":{"rendered":"Cette op\u00e9ration a \u00e9t\u00e9 d\u00e9mentie par le Kremlin, qui \u00e9voque \u00abdes informations tr\u00e8s probablement fausses\u00bb. De son c\u00f4t\u00e9,&hellip;\n","protected":false},"author":2,"featured_media":354444,"comment_status":"","ping_status":"","sticky":false,"template":"","format":"standard","meta":{"footnotes":""},"categories":[1591],"tags":[259,11,260,1887,14,261,12,262,1885,1886,132],"class_list":{"0":"post-354443","1":"post","2":"type-post","3":"status-publish","4":"format-standard","5":"has-post-thumbnail","7":"category-russie","8":"tag-actualite-internationale","9":"tag-actualites","10":"tag-affaires-etrangeres","11":"tag-federation-de-russie","12":"tag-international","13":"tag-ministere-des-affaires-etrangeres","14":"tag-news","15":"tag-politique-etrangere","16":"tag-russia","17":"tag-russian-federation","18":"tag-russie"},"share_on_mastodon":{"url":"https:\/\/pubeurope.com\/@fr\/115117475975953817","error":""},"_links":{"self":[{"href":"https:\/\/www.europesays.com\/fr\/wp-json\/wp\/v2\/posts\/354443","targetHints":{"allow":["GET"]}}],"collection":[{"href":"https:\/\/www.europesays.com\/fr\/wp-json\/wp\/v2\/posts"}],"about":[{"href":"https:\/\/www.europesays.com\/fr\/wp-json\/wp\/v2\/types\/post"}],"author":[{"embeddable":true,"href":"https:\/\/www.europesays.com\/fr\/wp-json\/wp\/v2\/users\/2"}],"replies":[{"embeddable":true,"href":"https:\/\/www.europesays.com\/fr\/wp-json\/wp\/v2\/comments?post=354443"}],"version-history":[{"count":0,"href":"https:\/\/www.europesays.com\/fr\/wp-json\/wp\/v2\/posts\/354443\/revisions"}],"wp:featuredmedia":[{"embeddable":true,"href":"https:\/\/www.europesays.com\/fr\/wp-json\/wp\/v2\/media\/354444"}],"wp:attachment":[{"href":"https:\/\/www.europesays.com\/fr\/wp-json\/wp\/v2\/media?parent=354443"}],"wp:term":[{"taxonomy":"category","embeddable":true,"href":"https:\/\/www.europesays.com\/fr\/wp-json\/wp\/v2\/categories?post=354443"},{"taxonomy":"post_tag","embeddable":true,"href":"https:\/\/www.europesays.com\/fr\/wp-json\/wp\/v2\/tags?post=354443"}],"curies":[{"name":"wp","href":"https:\/\/api.w.org\/{rel}","templated":true}]}}