{"id":354451,"date":"2025-08-30T11:30:22","date_gmt":"2025-08-30T11:30:22","guid":{"rendered":"https:\/\/www.europesays.com\/fr\/354451\/"},"modified":"2025-08-30T11:30:22","modified_gmt":"2025-08-30T11:30:22","slug":"eliesse-ben-seghir-quitte-monaco-pour-lallemagne","status":"publish","type":"post","link":"https:\/\/www.europesays.com\/fr\/354451\/","title":{"rendered":"Eliesse Ben Seghir quitte Monaco pour l&rsquo;Allemagne"},"content":{"rendered":"<p style=\"text-align: justify;\"><strong>TRANSFERTS \u2013 C\u2019\u00e9tait un des joueurs les plus courtis\u00e9s \u00e0 Monaco : Eliesse Ben Seghir va quitter la Principaut\u00e9 pour le Bayer Leverkusen, et pour une coquette somme, selon <a href=\"https:\/\/www.footmercato.net\/a574302014204861027-monaco-tombe-daccord-pour-le-depart-deliesse-ben-seghir\" target=\"_blank\" rel=\"noopener\">FootMercato<\/a>.\u00a0<\/strong><\/p>\n<p style=\"text-align: justify;\"><strong>Monaco<\/strong> conna\u00eet d\u00e9sormais son destin pour la campagne de Ligue des champions. Un sacr\u00e9 tirage, et quelques belles affiches, ce qui laisse \u00e0 penser que l\u2019ASM devait conserver son effectif, voire m\u00eame l\u2019am\u00e9liorer pour pouvoir lutter pour la qualification. Mais voil\u00e0, la r\u00e9alit\u00e9 \u00e9conomique est ce qu\u2019elle est, et la direction doit vendre pour rester dans le vert.<\/p>\n<p>Nouvelle \u00e9tape pour Eliesse Ben Seghir<\/p>\n<p style=\"text-align: justify;\">Ainsi, <strong>Wilfried Singo<\/strong> a quitt\u00e9 la Principaut\u00e9 pour le Galatasaray dans la semaine. D\u00e9fenseur respect\u00e9, il va rapporte autour de 30 millions d\u2019euros, la preuve que Monaco sait toujours vendre. Ce que le club vient une nouvelle fois de prouver, puisqu\u2019il est tomb\u00e9 d\u2019accord avec le <strong>Bayer Leverkusen<\/strong> pour le transfert d\u2019<strong>Eliesse Ben Seghir<\/strong>. Estim\u00e9 \u00e0 28 millions d\u2019euros par <a href=\"https:\/\/www.transfermarkt.fr\/eliesse-ben-seghir\/profil\/spieler\/810895\" target=\"_blank\" rel=\"noopener\"><strong>Transfermarkt<\/strong><\/a>, le Marocain va s\u2019envoler pour l\u2019Allemagne pour un montant de <strong>30 millions d\u2019euros<\/strong>.<\/p>\n<p style=\"text-align: justify;\">En prime, Monaco gardera un pourcentage \u00e0 la revente de son joueur, un pourcentage qui n\u2019est pas encore connu. \u00c0 20 ans, <strong>Eliesse Ben Seghir<\/strong> compte d\u00e9j\u00e0 67 matchs de Ligue 1 et 10 de Ligue des champions au compteur (pour 14 buts au total), et est d\u00e9j\u00e0 international marocain. Un talent form\u00e9 au club qui s\u2019en va et qui rapporte donc une belle cagnotte. Reste \u00e0 savoir comment Monaco va le remplacer\u2026<\/p>\n<p>\u00c0 ce sujet<br \/>\n<a href=\"https:\/\/dicodusport.fr\/blog\/mercato-asm-2025-2026-le-tableau-complet-des-transferts-arrivees-et-departs\/\" class=\"vlp-link\" title=\"Mercato Monaco 2025-2026 : Le tableau complet des transferts, arriv\u00e9es et d\u00e9parts\" target=\"_blank\" rel=\"noopener\"><img loading=\"lazy\" decoding=\"async\" style=\"max-width: 792px;\" width=\"792\" height=\"445\" class=\"attachment-800x445 size-800x445 perfmatters-lazy\" alt=\"Mercato ASM 2025-2026 Le tableau complet des transferts, arriv\u00e9es et d\u00e9parts\" src=\"https:\/\/www.europesays.com\/fr\/wp-content\/uploads\/2025\/08\/Mercato-ASM-2025-2026-Le-tableau-complet-des-transferts-arrivees-et-departs.png\"  data-\/><\/p>\n<p>Mercato Monaco 2025-2026 : Le tableau complet des transferts, arriv\u00e9es et d\u00e9parts<\/p>\n<p>TRANSFERTS ASM &#8211; Retrouvez tous les mouvements de l&rsquo;Association Sportive Monaco pour l&rsquo;intersaison 2025 en Ligue 1. Arriv\u00e9es, d\u00e9part, pr\u00eats, transferts d\u00e9finitifs, ne ratez rien du mercato estival.\u00a0<\/p>\n<p>Lire l&rsquo;article<\/p>\n<p>dicodusport.fr<\/p>\n","protected":false},"excerpt":{"rendered":"TRANSFERTS \u2013 C\u2019\u00e9tait un des joueurs les plus courtis\u00e9s \u00e0 Monaco : Eliesse Ben Seghir va quitter la&hellip;\n","protected":false},"author":2,"featured_media":354452,"comment_status":"","ping_status":"","sticky":false,"template":"","format":"standard","meta":{"footnotes":""},"categories":[1587],"tags":[11,672,2113,1804,1805,1803,1777,674,1801,3127,12,1802,10662],"class_list":{"0":"post-354451","1":"post","2":"type-post","3":"status-publish","4":"format-standard","5":"has-post-thumbnail","7":"category-allemagne","8":"tag-actualites","9":"tag-allemagne","10":"tag-breve","11":"tag-bundesrepublik-deutschland","12":"tag-de","13":"tag-deutschland","14":"tag-eu","15":"tag-europe","16":"tag-germany","17":"tag-monaco","18":"tag-news","19":"tag-republique-federale-dallemagne","20":"tag-transferts"},"share_on_mastodon":{"url":"https:\/\/pubeurope.com\/@fr\/115117492097536452","error":""},"_links":{"self":[{"href":"https:\/\/www.europesays.com\/fr\/wp-json\/wp\/v2\/posts\/354451","targetHints":{"allow":["GET"]}}],"collection":[{"href":"https:\/\/www.europesays.com\/fr\/wp-json\/wp\/v2\/posts"}],"about":[{"href":"https:\/\/www.europesays.com\/fr\/wp-json\/wp\/v2\/types\/post"}],"author":[{"embeddable":true,"href":"https:\/\/www.europesays.com\/fr\/wp-json\/wp\/v2\/users\/2"}],"replies":[{"embeddable":true,"href":"https:\/\/www.europesays.com\/fr\/wp-json\/wp\/v2\/comments?post=354451"}],"version-history":[{"count":0,"href":"https:\/\/www.europesays.com\/fr\/wp-json\/wp\/v2\/posts\/354451\/revisions"}],"wp:featuredmedia":[{"embeddable":true,"href":"https:\/\/www.europesays.com\/fr\/wp-json\/wp\/v2\/media\/354452"}],"wp:attachment":[{"href":"https:\/\/www.europesays.com\/fr\/wp-json\/wp\/v2\/media?parent=354451"}],"wp:term":[{"taxonomy":"category","embeddable":true,"href":"https:\/\/www.europesays.com\/fr\/wp-json\/wp\/v2\/categories?post=354451"},{"taxonomy":"post_tag","embeddable":true,"href":"https:\/\/www.europesays.com\/fr\/wp-json\/wp\/v2\/tags?post=354451"}],"curies":[{"name":"wp","href":"https:\/\/api.w.org\/{rel}","templated":true}]}}