{"id":354455,"date":"2025-08-30T11:32:14","date_gmt":"2025-08-30T11:32:14","guid":{"rendered":"https:\/\/www.europesays.com\/fr\/354455\/"},"modified":"2025-08-30T11:32:14","modified_gmt":"2025-08-30T11:32:14","slug":"consultation-publique-et-appel-a-temoignages-pour-elaborer-la-premiere-strategie-europeenne-de-lutte-contre-la-pauvrete","status":"publish","type":"post","link":"https:\/\/www.europesays.com\/fr\/354455\/","title":{"rendered":"Consultation publique et appel \u00e0 t\u00e9moignages pour \u00e9laborer la premi\u00e8re strat\u00e9gie europ\u00e9enne de lutte contre la pauvret\u00e9"},"content":{"rendered":"<p><strong>Objectif de la consultation<\/strong>\u00a0<\/p>\n<p>Cette consultation est l\u2019occasion de recueillir l\u2019avis d\u2019un large \u00e9ventail de parties prenantes, ce qui permettra \u00e0 la Commission europ\u00e9enne d\u2019\u00e9laborer la strat\u00e9gie europ\u00e9enne de lutte contre la pauvret\u00e9 <a>.<\/a><\/p>\n<p><strong>Comment participer\u202f?<\/strong><\/p>\n<p>Vous pouvez participer \u00e0 cette consultation publique en remplissant le questionnaire en ligne, en fran\u00e7ais.<\/p>\n<p><a href=\"https:\/\/ec.europa.eu\/eusurvey\/runner\/c2f93dd2-f203-513b-969d-8df9ecb4af0c?surveylanguage=fr\" target=\"_blank\" rel=\"noopener\">&#8211;&gt; Acc\u00e9der au questionnaire<\/a><\/p>\n<p>Pour y r\u00e9pondre, il est n\u00e9cessaire de <strong>vous inscrire ou de vous connecter<\/strong> via un compte utilisateur ou un r\u00e9seau social.<\/p>\n<p>La\u00a0<a href=\"https:\/\/ec.europa.eu\/info\/law\/better-regulation\/have-your-say\/initiatives\/14683-Strategie-europeenne-de-lutte-contre-la-pauvrete_fr\" target=\"_blank\" rel=\"noopener\">consultation publique et l&rsquo;appel \u00e0 t\u00e9moignages<\/a> resteront ouverts jusqu&rsquo;au 24 octobre 2025.<\/p>\n<p>\u00a0<\/p>\n<p><strong>Contexte politique<\/strong>\u00a0<\/p>\n<p>La pr\u00e9sidente\u00a0Ursula von\u00a0der\u00a0Leyen a annonc\u00e9, dans les orientations politiques\u00a0de la Commission europ\u00e9enne pour 2024-2029, la toute premi\u00e8re strat\u00e9gie europ\u00e9enne de lutte contre la pauvret\u00e9.\u00a0Cette strat\u00e9gie, qui sera pr\u00e9sent\u00e9e l&rsquo;ann\u00e9e prochaine, vise \u00e0 offrir une protection essentielle aux personnes qui en ont le plus besoin, et \u00e0 s&rsquo;attaquer aux causes profondes de la pauvret\u00e9. Elle jouera \u00e9galement un r\u00f4le central dans la mise en \u0153uvre\u00a0<a href=\"https:\/\/employment-social-affairs.ec.europa.eu\/european-pillar-social-rights-20-principles_en?prefLang=fr\" target=\"_blank\" rel=\"noopener\">du socle europ\u00e9en des droits sociaux,<\/a> l&rsquo;UE s&rsquo;effor\u00e7ant de r\u00e9duire d&rsquo;au moins 15 millions le nombre de personnes expos\u00e9es au risque de pauvret\u00e9 d&rsquo;ici 2030.\u00a0<\/p>\n<p>\u00a0<\/p>\n<p><strong>Pourquoi les collectivit\u00e9s locales sont concern\u00e9es ?\u202f\u202f\u00a0<\/strong><\/p>\n<p>La mise en \u0153uvre du socle europ\u00e9en des droits sociaux est un effort conjoint des institutions de l\u2019UE, des autorit\u00e9s nationales, r\u00e9gionales et locales, des partenaires sociaux et de la soci\u00e9t\u00e9 civile. Les collectivit\u00e9s locales fran\u00e7aises sont concern\u00e9es par cette consultation car elles sont acteurs de terrain, d\u00e9tentrices d\u2019expertise locale, potentielles b\u00e9n\u00e9ficiaires de fonds europ\u00e9ens, et partenaires indispensables d\u2019une politique sociale r\u00e9ellement efficace \u00e0 l\u2019\u00e9chelle europ\u00e9enne.<\/p>\n<p>\u00a0<\/p>\n","protected":false},"excerpt":{"rendered":"Objectif de la consultation\u00a0 Cette consultation est l\u2019occasion de recueillir l\u2019avis d\u2019un large \u00e9ventail de parties prenantes, ce&hellip;\n","protected":false},"author":2,"featured_media":354456,"comment_status":"","ping_status":"","sticky":false,"template":"","format":"standard","meta":{"footnotes":""},"categories":[1586],"tags":[11,39045,1777,674,1779,1011,27,12,25,1778,364],"class_list":{"0":"post-354455","1":"post","2":"type-post","3":"status-publish","4":"format-standard","5":"has-post-thumbnail","7":"category-europe","8":"tag-actualites","9":"tag-collectivite-territoriale","10":"tag-eu","11":"tag-europe","12":"tag-european-union","13":"tag-fr","14":"tag-france","15":"tag-news","16":"tag-republique-francaise","17":"tag-ue","18":"tag-union-europeenne"},"share_on_mastodon":{"url":"https:\/\/pubeurope.com\/@fr\/115117499532726766","error":""},"_links":{"self":[{"href":"https:\/\/www.europesays.com\/fr\/wp-json\/wp\/v2\/posts\/354455","targetHints":{"allow":["GET"]}}],"collection":[{"href":"https:\/\/www.europesays.com\/fr\/wp-json\/wp\/v2\/posts"}],"about":[{"href":"https:\/\/www.europesays.com\/fr\/wp-json\/wp\/v2\/types\/post"}],"author":[{"embeddable":true,"href":"https:\/\/www.europesays.com\/fr\/wp-json\/wp\/v2\/users\/2"}],"replies":[{"embeddable":true,"href":"https:\/\/www.europesays.com\/fr\/wp-json\/wp\/v2\/comments?post=354455"}],"version-history":[{"count":0,"href":"https:\/\/www.europesays.com\/fr\/wp-json\/wp\/v2\/posts\/354455\/revisions"}],"wp:featuredmedia":[{"embeddable":true,"href":"https:\/\/www.europesays.com\/fr\/wp-json\/wp\/v2\/media\/354456"}],"wp:attachment":[{"href":"https:\/\/www.europesays.com\/fr\/wp-json\/wp\/v2\/media?parent=354455"}],"wp:term":[{"taxonomy":"category","embeddable":true,"href":"https:\/\/www.europesays.com\/fr\/wp-json\/wp\/v2\/categories?post=354455"},{"taxonomy":"post_tag","embeddable":true,"href":"https:\/\/www.europesays.com\/fr\/wp-json\/wp\/v2\/tags?post=354455"}],"curies":[{"name":"wp","href":"https:\/\/api.w.org\/{rel}","templated":true}]}}