{"id":354457,"date":"2025-08-30T11:33:10","date_gmt":"2025-08-30T11:33:10","guid":{"rendered":"https:\/\/www.europesays.com\/fr\/354457\/"},"modified":"2025-08-30T11:33:10","modified_gmt":"2025-08-30T11:33:10","slug":"la-prefecture-interdit-une-distribution-de-fournitures-scolaires-organisee-par-des-dealers","status":"publish","type":"post","link":"https:\/\/www.europesays.com\/fr\/354457\/","title":{"rendered":"la pr\u00e9fecture interdit une distribution de fournitures scolaires organis\u00e9e par des dealers"},"content":{"rendered":"<p>Un r\u00e9seau de trafiquants avait annonc\u00e9 son op\u00e9ration caritative en d\u00e9but de semaine. Le sous-pr\u00e9fet refuse que soit ainsi diffus\u00e9e \u00abune image positive de la criminalit\u00e9 organis\u00e9e\u00bb.<\/p>\n<p class=\"fig-paragraph\">Une distribution de\u00a0<a href=\"http:\/\/www.lefigaro.fr\/conso\/les-prix-des-fournitures-scolaires-se-maintiennent-a-un-niveau-eleve-estime-l-ufc-que-choisir-20250715\" data-fig-type=\"NewsFlash\" data-gtm-custom-categorie=\"navigation\" data-gtm-custom-action=\"crossclick\" data-gtm-custom-label=\"Contextuel\" data-gtm-event=\"customEventSPE\" data-fig-domain=\"LEFIGARO\" target=\"_blank\" rel=\"noopener\">fournitures scolaires<\/a>, pr\u00e9vue samedi dans un quartier d\u00e9favoris\u00e9 d&rsquo;Orange, dans le Vaucluse, a \u00e9t\u00e9 interdite par arr\u00eat\u00e9 pr\u00e9fectoral, au motif qu&rsquo;elle \u00e9tait organis\u00e9e par\u00a0<a href=\"http:\/\/www.lefigaro.fr\/marseille\/ils-approchent-nos-enfants-avec-un-billet-un-sandwich-ou-une-glace-a-marseille-l-inquietante-operation-seduction-des-dealers-dans-les-quartiers-20250821\" data-fig-type=\"NewsFlash\" data-gtm-custom-categorie=\"navigation\" data-gtm-custom-action=\"crossclick\" data-gtm-custom-label=\"Contextuel\" data-gtm-event=\"customEventSPE\" data-fig-domain=\"LEFIGARO\" target=\"_blank\" rel=\"noopener\">un r\u00e9seau local de trafiquants de drogue<\/a>. Le pr\u00e9fet du d\u00e9partement estime que l\u2019\u00abaction caritative\u00bb initi\u00e9e par le FV Gang, un groupe li\u00e9 au trafic de stup\u00e9fiants dans le quartier Fourchevieilles, a pour effet de \u00abdiffuser une image positive de criminalit\u00e9 organis\u00e9e li\u00e9e au trafic\u00bb.<\/p>\n<p class=\"fig-paragraph\">Cette distribution, annonc\u00e9e en d\u00e9but de semaine sur TikTok, devait avoir lieu \u00e0 deux jours de la rentr\u00e9e des classes dans le gymnase Maurice Purpan de ce quartier d\u00e9favoris\u00e9, rong\u00e9 depuis de nombreuses ann\u00e9es par le trafic de stup\u00e9fiants. Illustr\u00e9e de dessins color\u00e9s avec trombone, classeur et stylo, l\u2019annonce, encore visible vendredi soir mais supprim\u00e9e depuis, avait \u00e9t\u00e9 publi\u00e9e en d\u00e9but de semaine. \u00ab\u00c9tudier, c\u2019est semer l\u2019avenir\u00bb, pouvait-on lire en bas de cette publication, mise en ligne par le compte TikTok \u00abUne voix dans la zone\u00bb.<\/p>\n<p>    L\u2019arr\u00eat\u00e9 souligne \u00abl\u2019omnipr\u00e9sence du trafic de stup\u00e9fiants dans le d\u00e9partement\u00bb.<br \/>\n                Site vaucluse.gouv.fr<\/p>\n<p>                                    <a class=\"fig-a11y-skip a11y-hidden\" href=\"#fig-a11y-skip-main-inarticle\"><br \/>\n        Passer la publicit\u00e9<br \/>\n    <\/a><\/p>\n<p class=\"fig-paragraph\">Dans son arr\u00eat\u00e9, la pr\u00e9fecture du Vaucluse estime que cette distribution est \u00abde nature \u00e0 valoriser les actions du groupe FV Gang ainsi que sa r\u00e9putation\u00bb et signale \u00abl\u2019urgence \u00e0 pr\u00e9venir les risques d\u2019atteinte \u00e0 l\u2019ordre et \u00e0 la moralit\u00e9 publics\u00bb. Elle souligne \u00e9galement \u00abl&rsquo;omnipr\u00e9sence du trafic de stup\u00e9fiants dans le d\u00e9partement\u00bb, l&rsquo;un des plus pauvres de France. Selon la pr\u00e9fecture, une op\u00e9ration similaire avait d\u00e9j\u00e0 \u00e9t\u00e9 organis\u00e9e en septembre 2024 par des personnes li\u00e9es au trafic de stup\u00e9fiants local et se revendiquant aussi du groupe FV Gang.<\/p>\n<p>Un courrier de dealers proposant son aide aux habitants<\/p>\n<p class=\"fig-paragraph\">Au d\u00e9but du mois, la radio Ici Gard-Loz\u00e8re avait r\u00e9v\u00e9l\u00e9 que des habitants d&rsquo;un quartier populaire de Bagnols-sur-C\u00e8ze, dans le Gard, avaient quant \u00e0 eux re\u00e7u un courrier de dealers du quartier, s&rsquo;excusant pour les \u00abnuisances\u00bb caus\u00e9es par le trafic, proposant en contrepartie les services de \u00abjeunes motiv\u00e9s\u00bb pour du bricolage ou des courses.<\/p>\n<p class=\"fig-paragraph\">Dans le sud-est de la France, de nombreuses villes moyennes sont frapp\u00e9es par ce fl\u00e9au du trafic de stup\u00e9fiants qui empoisonne la vie de certains quartiers et suscite des violences comme, par exemple, cet \u00e9t\u00e9 \u00e0 N\u00eemes o\u00f9\u00a0<a href=\"http:\/\/www.lefigaro.fr\/actualite-france\/narcotrafic-a-nimes-le-couvre-feu-pour-mineurs-prolonge-de-deux-semaines-20250818\" data-fig-type=\"NewsFlash\" data-gtm-custom-categorie=\"navigation\" data-gtm-custom-action=\"crossclick\" data-gtm-custom-label=\"Contextuel\" data-gtm-event=\"customEventSPE\" data-fig-domain=\"LEFIGARO\" target=\"_blank\" rel=\"noopener\">un couvre-feu pour mineurs<\/a>\u00a0a \u00e9t\u00e9 d\u00e9cid\u00e9 et vient \u00e0 nouveau d&rsquo;\u00eatre prolong\u00e9 en septembre.<\/p>\n","protected":false},"excerpt":{"rendered":"Un r\u00e9seau de trafiquants avait annonc\u00e9 son op\u00e9ration caritative en d\u00e9but de semaine. Le sous-pr\u00e9fet refuse que soit&hellip;\n","protected":false},"author":2,"featured_media":354458,"comment_status":"","ping_status":"","sticky":false,"template":"","format":"standard","meta":{"footnotes":""},"categories":[2],"tags":[11,1011,27,12,25,887],"class_list":{"0":"post-354457","1":"post","2":"type-post","3":"status-publish","4":"format-standard","5":"has-post-thumbnail","7":"category-actualites","8":"tag-actualites","9":"tag-fr","10":"tag-france","11":"tag-news","12":"tag-republique-francaise","13":"tag-trafic-de-drogue"},"share_on_mastodon":{"url":"https:\/\/pubeurope.com\/@fr\/115117503577725461","error":""},"_links":{"self":[{"href":"https:\/\/www.europesays.com\/fr\/wp-json\/wp\/v2\/posts\/354457","targetHints":{"allow":["GET"]}}],"collection":[{"href":"https:\/\/www.europesays.com\/fr\/wp-json\/wp\/v2\/posts"}],"about":[{"href":"https:\/\/www.europesays.com\/fr\/wp-json\/wp\/v2\/types\/post"}],"author":[{"embeddable":true,"href":"https:\/\/www.europesays.com\/fr\/wp-json\/wp\/v2\/users\/2"}],"replies":[{"embeddable":true,"href":"https:\/\/www.europesays.com\/fr\/wp-json\/wp\/v2\/comments?post=354457"}],"version-history":[{"count":0,"href":"https:\/\/www.europesays.com\/fr\/wp-json\/wp\/v2\/posts\/354457\/revisions"}],"wp:featuredmedia":[{"embeddable":true,"href":"https:\/\/www.europesays.com\/fr\/wp-json\/wp\/v2\/media\/354458"}],"wp:attachment":[{"href":"https:\/\/www.europesays.com\/fr\/wp-json\/wp\/v2\/media?parent=354457"}],"wp:term":[{"taxonomy":"category","embeddable":true,"href":"https:\/\/www.europesays.com\/fr\/wp-json\/wp\/v2\/categories?post=354457"},{"taxonomy":"post_tag","embeddable":true,"href":"https:\/\/www.europesays.com\/fr\/wp-json\/wp\/v2\/tags?post=354457"}],"curies":[{"name":"wp","href":"https:\/\/api.w.org\/{rel}","templated":true}]}}