{"id":354461,"date":"2025-08-30T11:35:11","date_gmt":"2025-08-30T11:35:11","guid":{"rendered":"https:\/\/www.europesays.com\/fr\/354461\/"},"modified":"2025-08-30T11:35:11","modified_gmt":"2025-08-30T11:35:11","slug":"la-chasse-a-la-tourterelle-des-bois-de-nouveau-autorisee-en-france","status":"publish","type":"post","link":"https:\/\/www.europesays.com\/fr\/354461\/","title":{"rendered":"La chasse \u00e0 la tourterelle des bois de nouveau autoris\u00e9e en France"},"content":{"rendered":"<p class=\"rev-margin-0 rev-text-xs-normal\">La chasse \u00e0 la tourterelle des bois, oiseau migrateur dont la population s&rsquo;est effondr\u00e9e en Europe, est de nouveau autoris\u00e9e en France.<\/p>\n<p class=\"rev-margin-0 rev-text-xs-bold\">pHOTO AFP \/ Pascal POCHARD-CASABIANCA<\/p>\n<p>La chasse \u00e0 <a href=\"https:\/\/www.laprovence.com\/article\/france-monde\/451948736183314\/la-chasse-a-la-tourterelle-des-bois-de-nouveau-autorisee-en-france\" target=\"_blank\" rel=\"noopener\">la tourterelle des bois<\/a>, oiseau migrateur dont la population s&rsquo;est effondr\u00e9e en Europe, est de nouveau autoris\u00e9e en France, une d\u00e9cision d\u00e9nonc\u00e9e samedi comme \u00ab\u00a0inacceptable\u00a0\u00bb par les d\u00e9fenseurs de la biodiversit\u00e9. \u00ab\u00a0Pour la saison de chasse 2025-2026, le total des pr\u00e9l\u00e8vements autoris\u00e9s pour la tourterelle des bois (Streptopelia turtur) est fix\u00e9, pour l&rsquo;ensemble du territoire m\u00e9tropolitain, \u00e0 10 560 sp\u00e9cimens\u00a0\u00bb, selon un arr\u00eat\u00e9 publi\u00e9 vendredi au Journal officiel.<\/p>\n<p>Cette autorisation, d\u00e9livr\u00e9e par le minist\u00e8re de la Transition \u00e9cologique et de la Biodiversit\u00e9, s&rsquo;appuie sur \u00ab\u00a0les recommandations de la Commission europ\u00e9enne (&#8230;) concernant la proposition d&rsquo;ouverture d&rsquo;un quota de chasse de la tourterelle des bois pour les pays de la voie centre-ouest de migration dont la France, suite au constat d&rsquo;un meilleur \u00e9tat de conservation de l&rsquo;esp\u00e8ce sur cette m\u00eame voie de migration\u00a0\u00bb, selon l&rsquo;arr\u00eat\u00e9.<\/p>\n<p>\u00ab\u00a0Tout chasseur ayant pr\u00e9lev\u00e9 un individu\u00a0\u00bb de cette esp\u00e8ce \u00ab\u00a0doit l&rsquo;enregistrer en temps r\u00e9el, d\u00e8s qu&rsquo;il est en possession de l&rsquo;oiseau captur\u00e9, sur l&rsquo;application mobile &lsquo;Chassadapt&rsquo; mise \u00e0 sa disposition par la f\u00e9d\u00e9ration nationale des chasseurs (FNC)\u00a0\u00bb, selon le document.\u00a0<\/p>\n<p>\u00ab\u00a0Cette esp\u00e8ce reste \u00e0 l&rsquo;agonie\u00a0\u00bb, a r\u00e9agi Allain Bougrain Dubourg<\/p>\n<p>La f\u00e9d\u00e9ration des chasseurs doit \u00e0 son tour transmettre quotidiennement ces donn\u00e9es \u00e0 l&rsquo;Office fran\u00e7ais de la biodiversit\u00e9 (OFB). Une fois le quota atteint, la FNC alerte les chasseurs, bloque l&rsquo;application et adresse, avant le 1er mai 2026, \u00e0 l&rsquo;OFB et au minist\u00e8re un \u00ab\u00a0bilan consolid\u00e9\u00a0\u00bb des pr\u00e9l\u00e8vements. \u00ab\u00a0C&rsquo;est une inacceptable rage de tuer qui est offerte aux chasseurs. Cette esp\u00e8ce reste \u00e0 l&rsquo;agonie\u00a0\u00bb, a r\u00e9agi aupr\u00e8s de l&rsquo;AFP Allain Bougrain Dubourg, pr\u00e9sident de la Ligue pour la protection des oiseaux (LPO).<\/p>\n<p>\u00ab\u00a0Si ces experts europ\u00e9ens sur lesquels s&rsquo;appuie le minist\u00e8re constatent un +meilleur \u00e9tat de conservation+ de l&rsquo;esp\u00e8ce, c&rsquo;est tout simplement parce qu&rsquo;on a suspendu la chasse\u00a0\u00bb et l&rsquo;autoriser \u00e0 nouveau \u00ab\u00a0au moment o\u00f9 l&rsquo;esp\u00e8ce commence tout juste \u00e0 se stabiliser, voire \u00e0 offrir un fr\u00e9missement de renaissance, c&rsquo;est inacceptable\u00a0\u00bb, a-t-il ajout\u00e9. L&rsquo;\u00e9t\u00e9 dernier, en renouvelant l&rsquo;interdiction de tuer cet oiseau, le minist\u00e8re relevait alors que la population de tourterelles des bois, \u00ab\u00a0estim\u00e9e en 2009 entre 397 000 et 480 000 couples, a(vait) diminu\u00e9 de 44% sur les 10 derni\u00e8res ann\u00e9es\u00a0\u00bb, en grande partie du fait de \u00ab\u00a0la disparition des habitats de l&rsquo;esp\u00e8ce\u00a0\u00bb.<\/p>\n<p>\u00ab\u00a0Ces m\u00eames experts recommandent de prot\u00e9ger sept esp\u00e8ces d&rsquo;oiseau\u00a0\u00bb<\/p>\n<p>En 2020 c&rsquo;est une d\u00e9cision du Conseil d&rsquo;Etat qui avait conduit \u00e0 la premi\u00e8re suspension de la chasse \u00e0 la tourterelle des bois. Le juge des r\u00e9f\u00e9r\u00e9s avait fait valoir \u00e0 l&rsquo;\u00e9poque que l&rsquo;esp\u00e8ce avait \u00ab\u00a0diminu\u00e9 de pr\u00e8s de 80% en 15 ans\u00a0\u00bb et que les experts recommandaient \u00ab\u00a0l&rsquo;interdiction de la chasse de cet oiseau sauvage\u00a0\u00bb.<\/p>\n<p>La LPO regrette le choix de la France, alors que certains pays europ\u00e9ens \u00ab\u00a0comme la Tch\u00e9quie\u00a0\u00bb ont maintenu l&rsquo;interdiction de chasser, malgr\u00e9 les recommandations des experts europ\u00e9ens, selon son pr\u00e9sident. \u00ab\u00a0Ces m\u00eames experts recommandent de prot\u00e9ger sept esp\u00e8ces d&rsquo;oiseau\u00a0\u00bb, dont le canard siffleur et la caille des bl\u00e9s, \u00ab\u00a0et l\u00e0, le gouvernement fran\u00e7ais ne fait rien\u00a0\u00bb, a regrett\u00e9 M. Bougrain Dubourg.<\/p>\n","protected":false},"excerpt":{"rendered":"La chasse \u00e0 la tourterelle des bois, oiseau migrateur dont la population s&rsquo;est effondr\u00e9e en Europe, est de&hellip;\n","protected":false},"author":2,"featured_media":354462,"comment_status":"","ping_status":"","sticky":false,"template":"","format":"standard","meta":{"footnotes":""},"categories":[4],"tags":[17,11,13106,4154,4183,154,1011,27,12,4565,25,104,49058],"class_list":{"0":"post-354461","1":"post","2":"type-post","3":"status-publish","4":"format-standard","5":"has-post-thumbnail","7":"category-france","8":"tag-17","9":"tag-actualites","10":"tag-autorisee","11":"tag-bois","12":"tag-chasse","13":"tag-des","14":"tag-fr","15":"tag-france","16":"tag-news","17":"tag-nouveau","18":"tag-republique-francaise","19":"tag-societe","20":"tag-tourterelle"},"share_on_mastodon":{"url":"https:\/\/pubeurope.com\/@fr\/115117511373272449","error":""},"_links":{"self":[{"href":"https:\/\/www.europesays.com\/fr\/wp-json\/wp\/v2\/posts\/354461","targetHints":{"allow":["GET"]}}],"collection":[{"href":"https:\/\/www.europesays.com\/fr\/wp-json\/wp\/v2\/posts"}],"about":[{"href":"https:\/\/www.europesays.com\/fr\/wp-json\/wp\/v2\/types\/post"}],"author":[{"embeddable":true,"href":"https:\/\/www.europesays.com\/fr\/wp-json\/wp\/v2\/users\/2"}],"replies":[{"embeddable":true,"href":"https:\/\/www.europesays.com\/fr\/wp-json\/wp\/v2\/comments?post=354461"}],"version-history":[{"count":0,"href":"https:\/\/www.europesays.com\/fr\/wp-json\/wp\/v2\/posts\/354461\/revisions"}],"wp:featuredmedia":[{"embeddable":true,"href":"https:\/\/www.europesays.com\/fr\/wp-json\/wp\/v2\/media\/354462"}],"wp:attachment":[{"href":"https:\/\/www.europesays.com\/fr\/wp-json\/wp\/v2\/media?parent=354461"}],"wp:term":[{"taxonomy":"category","embeddable":true,"href":"https:\/\/www.europesays.com\/fr\/wp-json\/wp\/v2\/categories?post=354461"},{"taxonomy":"post_tag","embeddable":true,"href":"https:\/\/www.europesays.com\/fr\/wp-json\/wp\/v2\/tags?post=354461"}],"curies":[{"name":"wp","href":"https:\/\/api.w.org\/{rel}","templated":true}]}}