{"id":354473,"date":"2025-08-30T11:43:10","date_gmt":"2025-08-30T11:43:10","guid":{"rendered":"https:\/\/www.europesays.com\/fr\/354473\/"},"modified":"2025-08-30T11:43:10","modified_gmt":"2025-08-30T11:43:10","slug":"direct-deux-bretonnes-dans-le-groupe-de-tete-suivez-la-classic-lorient-agglomeration-en-direct","status":"publish","type":"post","link":"https:\/\/www.europesays.com\/fr\/354473\/","title":{"rendered":"DIRECT &#8211; Deux Bretonnes dans le groupe de t\u00eate, suivez la Classic Lorient Agglom\u00e9ration en direct"},"content":{"rendered":"<p>C\u00e9lia Le Mouel et Coralie Demay dans le groupe de t\u00eate<\/p>\n<p>Elles sont d\u00e9sormais une vingtaine en t\u00eate dont deux Bretonnes : C\u00e9lia Le Mouel (Ceratizit), Coralie Demay (FDJ-Suez). On retrouve \u00e9galement Blanka Vas (SD Worx-Protime), Silvia Persico (UAE Team ADQ), Lucinda Brand (Lidl-Trek), Anasatasiya Kolesava (Canyon SRAM Zondacrypto), Eva Van AGT, Margaux Vigi\u00e9 (Team Visma-Lease a Bike), Evy Kuijpers (Fenix-Deceuninck), Alexandra Manly, Julia Borgstr\u00f6m (AG Insurance-Soudal), Silke Smulders (Liv-Alula-Jayco), Henrietta Christie, Magdeleine Vallieres Mill (EF Education-Oatly), Silvia Zanardi (Human Powered Health), Yuliia Biriukova (Laboral Kutxa- Fundacion Euskadi), Franziska Koch, Josie Nelson (Picnic PostNL), Sabrina Stultiens (Volkerwessels),  Nina Buijsman (FDJ-Suez).<\/p>\n","protected":false},"excerpt":{"rendered":"C\u00e9lia Le Mouel et Coralie Demay dans le groupe de t\u00eate Elles sont d\u00e9sormais une vingtaine en t\u00eate&hellip;\n","protected":false},"author":2,"featured_media":354474,"comment_status":"","ping_status":"","sticky":false,"template":"","format":"standard","meta":{"footnotes":""},"categories":[1411],"tags":[11,1154,207,11097,765,3166,1011,27,1780,60],"class_list":{"0":"post-354473","1":"post","2":"type-post","3":"status-publish","4":"format-standard","5":"has-post-thumbnail","7":"category-cyclisme","8":"tag-actualites","9":"tag-cycling","10":"tag-cyclisme","11":"tag-cyclisme-feminin","12":"tag-en-continu","13":"tag-en-continu-sports","14":"tag-fr","15":"tag-france","16":"tag-plouay","17":"tag-sports"},"share_on_mastodon":{"url":"https:\/\/pubeurope.com\/@fr\/115117542907615354","error":""},"_links":{"self":[{"href":"https:\/\/www.europesays.com\/fr\/wp-json\/wp\/v2\/posts\/354473","targetHints":{"allow":["GET"]}}],"collection":[{"href":"https:\/\/www.europesays.com\/fr\/wp-json\/wp\/v2\/posts"}],"about":[{"href":"https:\/\/www.europesays.com\/fr\/wp-json\/wp\/v2\/types\/post"}],"author":[{"embeddable":true,"href":"https:\/\/www.europesays.com\/fr\/wp-json\/wp\/v2\/users\/2"}],"replies":[{"embeddable":true,"href":"https:\/\/www.europesays.com\/fr\/wp-json\/wp\/v2\/comments?post=354473"}],"version-history":[{"count":0,"href":"https:\/\/www.europesays.com\/fr\/wp-json\/wp\/v2\/posts\/354473\/revisions"}],"wp:featuredmedia":[{"embeddable":true,"href":"https:\/\/www.europesays.com\/fr\/wp-json\/wp\/v2\/media\/354474"}],"wp:attachment":[{"href":"https:\/\/www.europesays.com\/fr\/wp-json\/wp\/v2\/media?parent=354473"}],"wp:term":[{"taxonomy":"category","embeddable":true,"href":"https:\/\/www.europesays.com\/fr\/wp-json\/wp\/v2\/categories?post=354473"},{"taxonomy":"post_tag","embeddable":true,"href":"https:\/\/www.europesays.com\/fr\/wp-json\/wp\/v2\/tags?post=354473"}],"curies":[{"name":"wp","href":"https:\/\/api.w.org\/{rel}","templated":true}]}}