{"id":354481,"date":"2025-08-30T11:47:11","date_gmt":"2025-08-30T11:47:11","guid":{"rendered":"https:\/\/www.europesays.com\/fr\/354481\/"},"modified":"2025-08-30T11:47:11","modified_gmt":"2025-08-30T11:47:11","slug":"haute-loire-inspire-de-sa-petite-fille-une-bulle-de-savon-louvrage-intimiste-de-michel-flandin","status":"publish","type":"post","link":"https:\/\/www.europesays.com\/fr\/354481\/","title":{"rendered":"Haute-Loire. Inspir\u00e9 de sa petite-fille, \u00ab Une bulle de savon \u00bb, l&rsquo;ouvrage intimiste de Michel Flandin"},"content":{"rendered":"<blockquote class=\"question\"><p>Votre dernier ouvrage emprunte un tout autre registre que les autres. Quelle en est la gen\u00e8se\u00a0?<\/p><\/blockquote>\n<p>\u00ab\u00a0Il y a un an naissait Coline, ma petite-fille. C\u2019\u00e9tait une grande pr\u00e9matur\u00e9e de vingt-cinq semaines. Elle m\u2019a souffl\u00e9 les mots qui glissent au fil de son histoire extraordinaire.\u00a0\u00bb<\/p>\n<blockquote class=\"question\"><p>Qu\u2019est-ce qui vous a pouss\u00e9 \u00e0 l\u2019\u00e9crire ?<\/p><\/blockquote>\n<p>\u00ab\u00a0Ma plume s\u2019est anim\u00e9e, faisant de moi un canal. On ne r\u00e9siste pas en pareilles circonstances, bien au contraire. C\u2019est probablement dans ces moments-l\u00e0 que l\u2019\u00e9criture est la plus forte, la plus aboutie. Aussi, ce roman me tient particuli\u00e8rement \u00e0 c\u0153ur.\u00a0\u00bb<\/p>\n<p>  \u00ab\u00a0La po\u00e9sie n\u2019a pas d\u2019\u00e9gal pour exprimer les \u00e9motions\u00a0\u00bb<\/p>\n<blockquote class=\"question\"><p>Quel message souhaitez-vous faire passer \u00e0 travers cet ouvrage ?<\/p><\/blockquote>\n<p>\u00ab\u00a0Coline nous livre sa force, une \u00e9nergie incroyable, son regard de nouveau-n\u00e9 avec parfois une approche fac\u00e9tieuse. C\u2019est un t\u00e9moignage de vie, le partage maternel et absolu, une cha\u00eene aussi de solidarit\u00e9.\u00a0\u00bb<\/p>\n<blockquote class=\"question\"><p>La po\u00e9sie y est omnipr\u00e9sente. Pourquoi l\u2019utilisation de ce style\u00a0?<\/p><\/blockquote>\n<p>\u00ab \u00ab\u00a0Je suis tomb\u00e9e en m\u00e8re comme une pluie d\u2019automne, chaude et serr\u00e9e, musicale.\u00a0\u00bb Ainsi commence le livre. La m\u00e9taphore est en place pour emmener le lecteur dans un univers onirique o\u00f9 l\u2019eau, source originelle, prend toute sa place. Car la po\u00e9sie n\u2019a pas d\u2019\u00e9gal pour exprimer les \u00e9motions.\u00a0\u00bb<\/p>\n<blockquote class=\"question\"><p>Quels sont vos prochains projets\u00a0?<\/p><\/blockquote>\n<p>\u00ab\u00a0Un nouveau roman para\u00eetra fin octobre, mettant en sc\u00e8ne un pattaire (un chiffonnier et ferrailleur qui allait de hameaux en villages en toute saison sur les hauteurs du M\u00e9zenc. On le d\u00e9nommait aussi patti ou patier selon les r\u00e9gions) et qui s\u2019intitulera Les ramasses du Mezenc.\u00a0\u00bb<\/p>\n<p class=\"note\">Michel Flandin sera en d\u00e9dicace au salon du livre de Prades en hommage \u00e0 Gilles Calamand, Fran\u00e7ois Barruel et Albert Ducloz, les 20 et 21\u00a0septembre<\/p>\n","protected":false},"excerpt":{"rendered":"Votre dernier ouvrage emprunte un tout autre registre que les autres. Quelle en est la gen\u00e8se\u00a0? \u00ab\u00a0Il y&hellip;\n","protected":false},"author":2,"featured_media":354482,"comment_status":"","ping_status":"","sticky":false,"template":"","format":"standard","meta":{"footnotes":""},"categories":[1357],"tags":[1379,1687,58,10446,59,1011,27,49059,4002,1380,2410,49060],"class_list":{"0":"post-354481","1":"post","2":"type-post","3":"status-publish","4":"format-standard","5":"has-post-thumbnail","7":"category-livres","8":"tag-books","9":"tag-culture-loisirs","10":"tag-divertissement","11":"tag-edition-haute-loire","12":"tag-entertainment","13":"tag-fr","14":"tag-france","15":"tag-grazac","16":"tag-haute-loire","17":"tag-livres","18":"tag-livres-bd","19":"tag-retournac-bassin"},"share_on_mastodon":{"url":"https:\/\/pubeurope.com\/@fr\/115117558700861482","error":""},"_links":{"self":[{"href":"https:\/\/www.europesays.com\/fr\/wp-json\/wp\/v2\/posts\/354481","targetHints":{"allow":["GET"]}}],"collection":[{"href":"https:\/\/www.europesays.com\/fr\/wp-json\/wp\/v2\/posts"}],"about":[{"href":"https:\/\/www.europesays.com\/fr\/wp-json\/wp\/v2\/types\/post"}],"author":[{"embeddable":true,"href":"https:\/\/www.europesays.com\/fr\/wp-json\/wp\/v2\/users\/2"}],"replies":[{"embeddable":true,"href":"https:\/\/www.europesays.com\/fr\/wp-json\/wp\/v2\/comments?post=354481"}],"version-history":[{"count":0,"href":"https:\/\/www.europesays.com\/fr\/wp-json\/wp\/v2\/posts\/354481\/revisions"}],"wp:featuredmedia":[{"embeddable":true,"href":"https:\/\/www.europesays.com\/fr\/wp-json\/wp\/v2\/media\/354482"}],"wp:attachment":[{"href":"https:\/\/www.europesays.com\/fr\/wp-json\/wp\/v2\/media?parent=354481"}],"wp:term":[{"taxonomy":"category","embeddable":true,"href":"https:\/\/www.europesays.com\/fr\/wp-json\/wp\/v2\/categories?post=354481"},{"taxonomy":"post_tag","embeddable":true,"href":"https:\/\/www.europesays.com\/fr\/wp-json\/wp\/v2\/tags?post=354481"}],"curies":[{"name":"wp","href":"https:\/\/api.w.org\/{rel}","templated":true}]}}