{"id":354483,"date":"2025-08-30T11:48:15","date_gmt":"2025-08-30T11:48:15","guid":{"rendered":"https:\/\/www.europesays.com\/fr\/354483\/"},"modified":"2025-08-30T11:48:15","modified_gmt":"2025-08-30T11:48:15","slug":"moins-payes-que-dans-tpmp-les-salaires-des-chroniqueurs-de-cyril-hanouna-dans-tout-beau-tout-n9uf-font-jaser","status":"publish","type":"post","link":"https:\/\/www.europesays.com\/fr\/354483\/","title":{"rendered":"Moins pay\u00e9s que dans TPMP ? Les salaires des chroniqueurs de Cyril Hanouna dans Tout Beau Tout N9uf font jaser"},"content":{"rendered":"<p>            <img loading=\"lazy\" decoding=\"async\" src=\"https:\/\/www.europesays.com\/fr\/wp-content\/uploads\/2025\/04\/145-6602e1ce8ddc4-35x35-1.jpg\" class=\"author-article-picture\" width=\"35\" height=\"35\"\/><\/p>\n<p>                Par<br \/>\n                                    <a class=\"author-article-bio-link\" href=\"https:\/\/www.purepeople.com\/auteur\/lucie-gosselin_a145\" rel=\"nofollow noopener\" target=\"_blank\">Lucie Gosselin<\/a><br \/>\n                                                    | R\u00e9dactrice<\/p>\n<p>\n                Journaliste passionn\u00e9e, depuis plus de 10 ans, je r\u00e9alise des enqu\u00eates, des portraits, des reportages ou des interviews.\n            <\/p>\n<p>\n    Cyril Hanouna revient sur W9 d\u00e8s le 1er septembre avec \u00ab\u00a0Tout Beau Tout N9uf\u00a0\u00bb, une \u00e9mission qui rappellerait fortement l\u2019esprit de \u00ab\u00a0Touche pas \u00e0 mon poste\u00a0\u00bb. Si le concept et les visages familiers rassurent les fans, les salaires des chroniqueurs, eux, conna\u00eetraient une v\u00e9ritable cure d\u2019amaigrissement.\n<\/p>\n<p>                            <img loading=\"lazy\" decoding=\"async\" class=\"player-thumbnail\" src=\"https:\/\/www.europesays.com\/fr\/wp-content\/uploads\/2025\/08\/1094314a71a22aad-580x326-2.jpg\" width=\"580\" height=\"326\"\/><\/p>\n<p>                    Moins pay\u00e9s que dans TPMP ? Les salaires des chroniqueurs de Cyril Hanouna dans Tout Beau Tout N9uf font jaser<\/p>\n<p>La suite apr\u00e8s la publicit\u00e9<\/p>\n<p>Apr\u00e8s la fermeture de C8 et l\u2019arr\u00eat brutal de Touche pas \u00e0 mon poste, <a href=\"https:\/\/www.purepeople.com\/people\/cyril-hanouna_p1700\" rel=\"nofollow noopener\" target=\"_blank\">Cyril Hanouna<\/a> a trouv\u00e9 une nouvelle cha\u00eene &#8211; qui le voulait depuis longtemps &#8211; sur W9, cha\u00eene du groupe M6, pour lancer <a href=\"https:\/\/www.purepeople.com\/article\/cyril-hanouna-bientot-sur-w9-le-nom-de-son-emission-annonce-touche-pas-a-mon-poste-enterre_a537980\/1\" rel=\"nofollow noopener\" target=\"_blank\">une nouvelle quotidienne<\/a> baptis\u00e9e <strong>Tout Beau Tout N9uf<\/strong>. <a href=\"https:\/\/www.purepeople.com\/article\/a-quelques-jours-de-la-rentree-de-cyril-hanouna-tous-les-details-de-tbt9-liste-des-chroniqueurs-nouveau-plateau-formule_a541675\/1\" rel=\"nofollow noopener\" target=\"_blank\">Diffus\u00e9e \u00e0 18h45 \u00e0 partir du 1er septembre<\/a>, l\u2019\u00e9mission reprend la recette qui a fait le succ\u00e8s de TPMP : d\u00e9bats, chroniques, happenings et une bonne dose d\u2019improvisation. Si certains aspects du programme sont similaires, les salaires des chroniqueurs, quant \u00e0 eux, seraient tr\u00e8s diff\u00e9rents selon les r\u00e9v\u00e9lations du magazine Public.<\/p>\n<p>Cyril Hanouna relance un talk-show \u00e0 la sauce TPMP<\/p>\n<p>Pour ce <strong>nouveau d\u00e9fi<\/strong>, Baba va s\u2019entourer de<a href=\"https:\/\/www.purepeople.com\/article\/lequipe-de-tout-beau-tout-9-w9-setoffe-a-moins-dun-mois-de-la-premiere-un-nouveau-chroniqueur-a-ete-recrute-par-cyril-hanouna_a541169\/1\" rel=\"nofollow noopener\" target=\"_blank\"> plusieurs t\u00eates bien connues des t\u00e9l\u00e9spectateurs<\/a> : Fabien Lecoeuvre, <a href=\"https:\/\/www.purepeople.com\/people\/valerie-benaim_p1833\" rel=\"nofollow noopener\" target=\"_blank\">Val\u00e9rie B\u00e9na\u00efm<\/a>, Jordan de Luxe, Michel Mary, <a href=\"https:\/\/www.purepeople.com\/people\/geraldine-maillet_p268715\" rel=\"nofollow noopener\" target=\"_blank\">G\u00e9raldine Maillet<\/a>, Raymond Aabou et <a href=\"https:\/\/www.purepeople.com\/people\/gilles-verdez_p351610\" rel=\"nofollow noopener\" target=\"_blank\">Gilles Verdez<\/a> vont ainsi retrouver leur place autour de la table. \u00c0 leurs c\u00f4t\u00e9s, <a href=\"https:\/\/www.purepeople.com\/article\/cyril-hanouna-prepare-deja-sa-rentree-ses-premieres-revelations-sur-les-futurs-chroniqueurs-de-sa-nouvelle-emission-sur-w9_a541107\/1\" rel=\"nofollow noopener\" target=\"_blank\">de nouveaux visages<\/a> feraient leur entr\u00e9e, comme <a href=\"https:\/\/www.purepeople.com\/people\/jerome-anthony_p2344\" rel=\"nofollow noopener\" target=\"_blank\">J\u00e9r\u00f4me Anthony<\/a> ou <a href=\"https:\/\/www.purepeople.com\/people\/jade-leboeuf_p553519\" rel=\"nofollow noopener\" target=\"_blank\">Jade Leboeuf<\/a>.<\/p>\n<p>Sur X (ex-Twitter), Cyril Hanouna s\u2019est montr\u00e9 enthousiaste quant au casting : \u00ab\u00a0Les ch\u00e9ris on a test\u00e9 beaucoup de monde hier pour TBT9, plus de 35 personnes !! <strong>C\u2019\u00e9tait la folie !! Il y aura des petits nouveaux !! <\/strong>Je vous dis la v\u00e9rit\u00e9, \u00e7a va \u00eatre lourd\u00a0\u00bb, a-t-il \u00e9crit. De quoi rassurer les fans qui craignaient une copie trop sage de TPMP.<\/p>\n<p>Des salaires en baisse pour les chroniqueurs de \u00ab\u00a0Tout Beau Tout N9uf\u00a0\u00bb<\/p>\n<p>Si \u00e0 l\u2019antenne les t\u00e9l\u00e9spectateurs ne devraient pas \u00eatre trop d\u00e9pays\u00e9s, la situation serait bien diff\u00e9rente pour les chroniqueurs. Selon le magazine Public, le budget global de l\u2019\u00e9mission serait pass\u00e9<strong> de 120 000 euros par soir sur C8 \u00e0 70 000 euros sur W9<\/strong>. Une baisse significative qui impacterait directement les cachets des participants.<\/p>\n<p>Toujours d\u2019apr\u00e8s Public, ceux qui touchaient 1 200 euros par \u00e9mission sur C8 verraient leur r\u00e9mun\u00e9ration amput\u00e9e d\u2019un tiers. Certains visages historiques comme Val\u00e9rie B\u00e9na\u00efm, G\u00e9raldine Maillet et Raymond Aabou feraient cependant partie des mieux lotis. Le magazine rapporte que Raymond Aabou b\u00e9n\u00e9ficierait encore d\u2019un cachet \u00ab\u00a0<strong>\u00e0 trois chiffres<\/strong>\u00ab\u00a0, avec une baisse limit\u00e9e \u00e0 10 % par rapport \u00e0 son ancien salaire sur C8. Pour les nouveaux venus et d\u2019autres chroniqueurs moins expos\u00e9s, les r\u00e9mun\u00e9rations tourneraient \u00e9galement autour de trois chiffres, mais avec des montants moindres. Un ajustement qui traduirait la volont\u00e9 de W9 de rationaliser les co\u00fbts tout en misant sur la notori\u00e9t\u00e9 de Cyril Hanouna pour attirer le public.<\/p>\n<p>Les coulisses d\u2019une \u00e9mission attendue<\/p>\n<p>En parall\u00e8le de ces r\u00e9v\u00e9lations, Cyril Hanouna a publi\u00e9 sur X des vid\u00e9os des r\u00e9p\u00e9titions. On y apercevrait certains de ses fid\u00e8les comme <strong>Isabelle Morini-Bosc<\/strong>, mais aussi des personnalit\u00e9s test\u00e9es, parmi lesquelles Lila Taleb (Les Princes de l\u2019Amour), le journaliste <a href=\"https:\/\/www.purepeople.com\/people\/nelson-monfort_p1424\" rel=\"nofollow noopener\" target=\"_blank\">Nelson Monfort <\/a>ou encore <a href=\"https:\/\/www.purepeople.com\/people\/marlene-schiappa_p548767\" rel=\"nofollow noopener\" target=\"_blank\">Marl\u00e8ne Schiappa<\/a>.<\/p>\n<p><a href=\"https:\/\/www.purepeople.com\/article\/ce-qui-va-me-faire-le-plus-de-peine-cyril-hanouna-la-gorge-serree-avant-de-tourner-la-page-europe-1-pour-de-bon_a539776\/1\" rel=\"nofollow noopener\" target=\"_blank\">Interrog\u00e9 r\u00e9cemment par Europe 1<\/a>, l\u2019animateur a d\u00e9clar\u00e9 : \u00ab\u00a0On ne va pas changer une formule qui marche.<strong> L\u2019\u00e9mission sera un concentr\u00e9 d\u2019\u00e9nergie, de libert\u00e9 et de bonne humeur<\/strong>\u00ab\u00a0. Avec un d\u00e9cor flambant neuf dans un studio d\u00e9di\u00e9 \u00e0 Saint Denis, \u00a0le studio Blanqui &#8211; plus vaste avec des loges chroniqueurs et invit\u00e9s plus spacieuses &#8211; domin\u00e9 par le violet en hommage \u00e0 W9 et une sc\u00e9nographie en ar\u00e8ne pour rapprocher le public du plateau, Tout Beau Tout N9uf ambitionnerait de s\u00e9duire entre 600 000 et 700 000 t\u00e9l\u00e9spectateurs d\u00e8s son lancement, avant d\u2019esp\u00e9rer d\u00e9passer le million d\u2019ici janvier.<\/p>\n","protected":false},"excerpt":{"rendered":"Par Lucie Gosselin | R\u00e9dactrice Journaliste passionn\u00e9e, depuis plus de 10 ans, je r\u00e9alise des enqu\u00eates, des portraits,&hellip;\n","protected":false},"author":2,"featured_media":354484,"comment_status":"","ping_status":"","sticky":false,"template":"","format":"standard","meta":{"footnotes":""},"categories":[1356],"tags":[58,59,1011,27,252,1364],"class_list":{"0":"post-354483","1":"post","2":"type-post","3":"status-publish","4":"format-standard","5":"has-post-thumbnail","7":"category-television","8":"tag-divertissement","9":"tag-entertainment","10":"tag-fr","11":"tag-france","12":"tag-television","13":"tag-tv"},"share_on_mastodon":{"url":"https:\/\/pubeurope.com\/@fr\/115117562614034472","error":""},"_links":{"self":[{"href":"https:\/\/www.europesays.com\/fr\/wp-json\/wp\/v2\/posts\/354483","targetHints":{"allow":["GET"]}}],"collection":[{"href":"https:\/\/www.europesays.com\/fr\/wp-json\/wp\/v2\/posts"}],"about":[{"href":"https:\/\/www.europesays.com\/fr\/wp-json\/wp\/v2\/types\/post"}],"author":[{"embeddable":true,"href":"https:\/\/www.europesays.com\/fr\/wp-json\/wp\/v2\/users\/2"}],"replies":[{"embeddable":true,"href":"https:\/\/www.europesays.com\/fr\/wp-json\/wp\/v2\/comments?post=354483"}],"version-history":[{"count":0,"href":"https:\/\/www.europesays.com\/fr\/wp-json\/wp\/v2\/posts\/354483\/revisions"}],"wp:featuredmedia":[{"embeddable":true,"href":"https:\/\/www.europesays.com\/fr\/wp-json\/wp\/v2\/media\/354484"}],"wp:attachment":[{"href":"https:\/\/www.europesays.com\/fr\/wp-json\/wp\/v2\/media?parent=354483"}],"wp:term":[{"taxonomy":"category","embeddable":true,"href":"https:\/\/www.europesays.com\/fr\/wp-json\/wp\/v2\/categories?post=354483"},{"taxonomy":"post_tag","embeddable":true,"href":"https:\/\/www.europesays.com\/fr\/wp-json\/wp\/v2\/tags?post=354483"}],"curies":[{"name":"wp","href":"https:\/\/api.w.org\/{rel}","templated":true}]}}