{"id":354485,"date":"2025-08-30T11:49:24","date_gmt":"2025-08-30T11:49:24","guid":{"rendered":"https:\/\/www.europesays.com\/fr\/354485\/"},"modified":"2025-08-30T11:49:24","modified_gmt":"2025-08-30T11:49:24","slug":"lappel-de-madonna","status":"publish","type":"post","link":"https:\/\/www.europesays.com\/fr\/354485\/","title":{"rendered":"L\u2019appel de Madonna"},"content":{"rendered":"<p>Ce n\u2019est pas une chanson, cette fois-ci, qui sort de sa bouche, mais un appel, un cri. \u00ab\u00a0Tr\u00e8s Saint-P\u00e8re, je vous en prie. Allez \u00e0 Gaza et apportez votre lumi\u00e8re aux enfants avant qu\u2019il ne soit trop tard. En tant que m\u00e8re je ne peux supporter leur douleur. Les enfants du monde appartiennent \u00e0 tous. Vous \u00eates le seul parmi nous que rien ne peut emp\u00eacher d\u2019entrer. Les acc\u00e8s humanitaires doivent \u00eatre totalement ouverts pour sauver ces enfants innocents.\u00a0Le temps presse, dites-moi que vous vous y rendrez\u00a0\u00bb. Cet appel au pape n\u2019\u00e9mane pas de n\u2019importe quelle m\u00e8re mais de la reine de la pop, Madonna, qui a r\u00e9v\u00e9l\u00e9 un lointain cousinage possible avec lui, <a href=\"https:\/\/www.la-croix.com\/religion\/election-du-pape-leon-xiv-retrouvez-les-reactions-internationales-20250508\" data-tracking=\"inpage_click\" data-tracking-action=\"suivre un lien dans l&#039;article\" data-tracking-category=\"engagement\" rel=\"nofollow noopener\" target=\"_blank\">apr\u00e8s son \u00e9lection.<\/a> Apr\u00e8s les membres du groupe U2, voil\u00e0 donc cette star que nul ne peut suspecter d\u2019antis\u00e9mitisme, qui lance un cri de d\u00e9sarroi en faveur des Palestiniens. Il y a l\u00e0, chose heureuse, comme un minist\u00e8re utile de la c\u00e9l\u00e9brit\u00e9, qui d\u00e9tourne le feu des projecteurs au profit de populations qui souffrent.<\/p>\n<p>Certes, star syst\u00e8me et \u00e9vangile ne vont pas spontan\u00e9ment ensemble. J\u00e9sus ne promet d\u2019ailleurs pas \u00e0 ses fid\u00e8les de devenir des vedettes ou des puissants. Il prend plut\u00f4t le soin de les dissuader du d\u00e9sir de le devenir. Mais l\u2019histoire de l\u2019\u00c9glise montre qu\u2019il n\u2019est pas interdit \u00e0 une star de croire en Dieu et de s\u2019en remettre \u00e0 sa gr\u00e2ce.<\/p>\n<p>Depuis plus d\u2019une d\u00e9cennie, les confessions de foi publiques des stars sont devenues courantes\u00a0: Gad Elmaleh, Olivier Giroud ou encore dans le monde de la chanson Natacha St-Pier, Johnny Halliday et bien s\u00fbr le groupe irlandais U2, d\u00e9j\u00e0 cit\u00e9, et tant d\u2019autres. <a href=\"https:\/\/www.la-croix.com\/religion\/spiritualite-5-livres-pour-nourrir-sa-foi-20250803\" data-tracking=\"inpage_click\" data-tracking-action=\"suivre un lien dans l&#039;article\" data-tracking-category=\"engagement\" rel=\"nofollow noopener\" target=\"_blank\">\u00ab\u00a0God bless Rock\u2019n roll\u00a0\u00bb<\/a> (en fran\u00e7ais, Dieu b\u00e9nit le rock), a m\u00eame \u00e9crit r\u00e9cemment Fran\u00e7ois-Xavier Maigre, fin connaisseur de l\u2019histoire de la musique contemporaine et de la vie de l\u2019\u00c9glise.<\/p>\n<p>La proximit\u00e9 des deux mondes, celui du showbiz et celui de la foi, est utile aux deux\u00a0: au premier pour \u00e9viter aux artistes de se prendre pour des dieux quand on les c\u00e9l\u00e8bre parfois comme tels, et au second pour \u00eatre en prise avec le monde et sa jeunesse. M\u00eame s\u2019il faut passer outre les fac\u00e9ties des artistes, dont Madonna n\u2019est pas exempte. Elle, dont le nom b\u00e9n\u00e9ficie d\u00e9j\u00e0 d\u2019une charge religieuse tr\u00e8s forte, la Madone \u00ab\u00a0que l\u2019on prie \u00e0 genoux\u00a0\u00bb, chante \u00ab\u00a0like a virgin\u00a0\u00bb (en fran\u00e7ais, comme une Vierge) o\u00f9 elle raconte comment l\u2019amour l\u2019a transform\u00e9e. C\u2019est peut-\u00eatre \u00e0 cette source-l\u00e0 qu\u2019elle puise l\u2019\u00e9lan de son appel, m\u00eame si, paroles \u00e0 l\u2019appui, cet amour est peut-\u00eatre moins transcendantal que tout simplement passionnel. Laissons planer un doute bienveillant, pour prolonger, en musique, nos pri\u00e8res pour la paix et la fraternit\u00e9 entre les peuples.<\/p>\n","protected":false},"excerpt":{"rendered":"Ce n\u2019est pas une chanson, cette fois-ci, qui sort de sa bouche, mais un appel, un cri. \u00ab\u00a0Tr\u00e8s&hellip;\n","protected":false},"author":2,"featured_media":354486,"comment_status":"","ping_status":"","sticky":false,"template":"","format":"standard","meta":{"footnotes":""},"categories":[1355],"tags":[58,59,1011,27,1361,873],"class_list":{"0":"post-354485","1":"post","2":"type-post","3":"status-publish","4":"format-standard","5":"has-post-thumbnail","7":"category-musique","8":"tag-divertissement","9":"tag-entertainment","10":"tag-fr","11":"tag-france","12":"tag-music","13":"tag-musique"},"share_on_mastodon":{"url":"https:\/\/pubeurope.com\/@fr\/115117566434427279","error":""},"_links":{"self":[{"href":"https:\/\/www.europesays.com\/fr\/wp-json\/wp\/v2\/posts\/354485","targetHints":{"allow":["GET"]}}],"collection":[{"href":"https:\/\/www.europesays.com\/fr\/wp-json\/wp\/v2\/posts"}],"about":[{"href":"https:\/\/www.europesays.com\/fr\/wp-json\/wp\/v2\/types\/post"}],"author":[{"embeddable":true,"href":"https:\/\/www.europesays.com\/fr\/wp-json\/wp\/v2\/users\/2"}],"replies":[{"embeddable":true,"href":"https:\/\/www.europesays.com\/fr\/wp-json\/wp\/v2\/comments?post=354485"}],"version-history":[{"count":0,"href":"https:\/\/www.europesays.com\/fr\/wp-json\/wp\/v2\/posts\/354485\/revisions"}],"wp:featuredmedia":[{"embeddable":true,"href":"https:\/\/www.europesays.com\/fr\/wp-json\/wp\/v2\/media\/354486"}],"wp:attachment":[{"href":"https:\/\/www.europesays.com\/fr\/wp-json\/wp\/v2\/media?parent=354485"}],"wp:term":[{"taxonomy":"category","embeddable":true,"href":"https:\/\/www.europesays.com\/fr\/wp-json\/wp\/v2\/categories?post=354485"},{"taxonomy":"post_tag","embeddable":true,"href":"https:\/\/www.europesays.com\/fr\/wp-json\/wp\/v2\/tags?post=354485"}],"curies":[{"name":"wp","href":"https:\/\/api.w.org\/{rel}","templated":true}]}}