{"id":354499,"date":"2025-08-30T11:57:11","date_gmt":"2025-08-30T11:57:11","guid":{"rendered":"https:\/\/www.europesays.com\/fr\/354499\/"},"modified":"2025-08-30T11:57:11","modified_gmt":"2025-08-30T11:57:11","slug":"on-est-sinistres-par-le-feu-et-on-va-avoir-un-depotoir-dimmondices-une-rave-party-en-cours-a-fontjoncouse-2-000-personnes-au-coeur-des-lieux-touches-par-le-megafeu-des-corbiere","status":"publish","type":"post","link":"https:\/\/www.europesays.com\/fr\/354499\/","title":{"rendered":"\u00ab\u00a0On est sinistr\u00e9s par le feu et on va avoir un d\u00e9potoir d\u2019immondices\u00a0\u00bb\u00a0: une rave party en cours \u00e0 Fontjoncouse, 2\u00a0000 personnes au c\u0153ur des lieux touch\u00e9s par le m\u00e9gafeu des Corbi\u00e8res"},"content":{"rendered":"<p>\n                                                                Des teufeurs se sont install\u00e9s dans la nuit de vendredi \u00e0 samedi dans le secteur du domaine de Palats, \u00e0 Fontjoncouse. L\u00e0 m\u00eame o\u00f9 les flammes du m\u00e9ga incendie des Corbi\u00e8res ont ravag\u00e9 les lieux d\u00e9but ao\u00fbt. La pr\u00e9fecture de l\u2019Aude condamne ce rassemblement et a activ\u00e9 le centre op\u00e9rationnel d\u00e9partemental.\n                            <\/p>\n<p>C\u2019est aux environs de minuit, dans la nuit du vendredi\u00a029 au samedi 30\u00a0ao\u00fbt 2025, qu\u2019une rave party s\u2019est install\u00e9e \u00e0 Fontjoncouse\u00a0: une installation qui, pr\u00e9cisait ce samedi 30\u00a0ao\u00fbt la pr\u00e9fecture dans un communiqu\u00e9, s\u2019est faite \u00ab\u00a0en d\u00e9pit d\u2019un dispositif de s\u00e9curit\u00e9 renforc\u00e9\u00a0\u00bb, mais aussi \u00ab\u00a0en plein massif situ\u00e9 dans la zone du feu du 5\u00a0ao\u00fbt 2025\u00a0\u00bb, qui avait parcouru\u00a016\u00a0000 hectares au c\u0153ur des Corbi\u00e8res.<\/p>\n<blockquote>\n<p>Rassemblement aussi dangereux pour les participants qu\u2019indigne pour les habitants<\/p>\n<\/blockquote>\n<p>\u00ab\u00a0Au milieu de la nuit, le nombre de participants et de personnes tentant de rejoindre ce rassemblement musical interdit par l\u2019arr\u00eat\u00e9 pr\u00e9fectoral du 27\u00a0juin 2025 a \u00e9t\u00e9 estim\u00e9 \u00e0 plusieurs milliers, pr\u00e9cise la pr\u00e9fecture de l\u2019Aude. A 11\u00a0h, il est estim\u00e9 \u00e0 environ 2\u00a0000 participants, dont plusieurs ont fait preuve d\u2019hostilit\u00e9 \u00e0 l\u2019\u00e9gard des gendarmes mobilis\u00e9s.\u00a0\u00bb Le pr\u00e9fet de l\u2019Aude Alain Bucquet \u00ab\u00a0condamne avec la plus grande fermet\u00e9 ce rassemblement aussi dangereux pour les participants qu\u2019indigne pour les habitants directement frapp\u00e9s par l\u2019incendie. Il rappelle que cette zone, class\u00e9e Natura 2000 et particuli\u00e8rement \u00e9prouv\u00e9e par l\u2019incendie du 5\u00a0ao\u00fbt, est interdite par arr\u00eat\u00e9 pr\u00e9fectoral \u00e0 toute circulation, de quelque nature qu\u2019elle soit, du fait de sa dangerosit\u00e9 et du risque incendie qui demeure s\u00e9v\u00e8re\u00a0\u00bb.<\/p>\n<blockquote>\n<p>Ils m\u2019ont retourn\u00e9 le 4X4<\/p>\n<\/blockquote>\n<p>La pr\u00e9fecture pr\u00e9cise par ailleurs que \u00ab\u00a0les gendarmes du groupement de l\u2019Aude sont fortement mobilis\u00e9s\u00a0\u00bb, et que le centre op\u00e9rationnel d\u00e9partemental a \u00e9t\u00e9 activ\u00e9 pour coordonner les dispositifs d\u00e9ploy\u00e9s. Le pr\u00e9fet a notamment autoris\u00e9 la captation et l\u2019enregistrement d\u2019images par un h\u00e9licopt\u00e8re de la gendarmerie nationale. Alain Bucquet \u00ab\u00a0appelle les participants \u00e0 quitter les lieux imm\u00e9diatement. Il remercie les gendarmes pour leur mobilisation et apporte son soutien au maire, dont la commune a d\u00e9j\u00e0 \u00e9t\u00e9 s\u00e9v\u00e8rement \u00e9prouv\u00e9e lors de l\u2019incendie du 5\u00a0ao\u00fbt 2025\u00a0\u00bb. A Fontjoncouse, le maire Christophe Tena, affichait lui aussi son indignation ce samedi matin, pr\u00e9cisant qu\u2019il avait tent\u00e9 d\u2019emp\u00eacher l\u2019installation des ravers\u00a0: \u00ab\u00a0Ils m\u2019ont retourn\u00e9 le 4&#215;4. Je me suis oppos\u00e9 violemment mais les gendarmes m\u2019ont dit qu\u2019ils \u00e9taient trop nombreux et qu\u2019il fallait les laisser passer. On est sinistr\u00e9 par le feu, et maintenant on va avoir un d\u00e9potoir d\u2019immondices, parce que personne ne va nettoyer, c\u2019est s\u00fbr. On verra ce que fera la pr\u00e9fecture \u00e0 ce moment-l\u00e0.\u00a0\u00bb<\/p>\n","protected":false},"excerpt":{"rendered":"Des teufeurs se sont install\u00e9s dans la nuit de vendredi \u00e0 samedi dans le secteur du domaine de&hellip;\n","protected":false},"author":2,"featured_media":354500,"comment_status":"","ping_status":"","sticky":false,"template":"","format":"standard","meta":{"footnotes":""},"categories":[4],"tags":[11,1011,27,12,25],"class_list":{"0":"post-354499","1":"post","2":"type-post","3":"status-publish","4":"format-standard","5":"has-post-thumbnail","7":"category-france","8":"tag-actualites","9":"tag-fr","10":"tag-france","11":"tag-news","12":"tag-republique-francaise"},"share_on_mastodon":{"url":"https:\/\/pubeurope.com\/@fr\/115117597926044150","error":""},"_links":{"self":[{"href":"https:\/\/www.europesays.com\/fr\/wp-json\/wp\/v2\/posts\/354499","targetHints":{"allow":["GET"]}}],"collection":[{"href":"https:\/\/www.europesays.com\/fr\/wp-json\/wp\/v2\/posts"}],"about":[{"href":"https:\/\/www.europesays.com\/fr\/wp-json\/wp\/v2\/types\/post"}],"author":[{"embeddable":true,"href":"https:\/\/www.europesays.com\/fr\/wp-json\/wp\/v2\/users\/2"}],"replies":[{"embeddable":true,"href":"https:\/\/www.europesays.com\/fr\/wp-json\/wp\/v2\/comments?post=354499"}],"version-history":[{"count":0,"href":"https:\/\/www.europesays.com\/fr\/wp-json\/wp\/v2\/posts\/354499\/revisions"}],"wp:featuredmedia":[{"embeddable":true,"href":"https:\/\/www.europesays.com\/fr\/wp-json\/wp\/v2\/media\/354500"}],"wp:attachment":[{"href":"https:\/\/www.europesays.com\/fr\/wp-json\/wp\/v2\/media?parent=354499"}],"wp:term":[{"taxonomy":"category","embeddable":true,"href":"https:\/\/www.europesays.com\/fr\/wp-json\/wp\/v2\/categories?post=354499"},{"taxonomy":"post_tag","embeddable":true,"href":"https:\/\/www.europesays.com\/fr\/wp-json\/wp\/v2\/tags?post=354499"}],"curies":[{"name":"wp","href":"https:\/\/api.w.org\/{rel}","templated":true}]}}