{"id":354507,"date":"2025-08-30T12:02:12","date_gmt":"2025-08-30T12:02:12","guid":{"rendered":"https:\/\/www.europesays.com\/fr\/354507\/"},"modified":"2025-08-30T12:02:12","modified_gmt":"2025-08-30T12:02:12","slug":"contre-la-violence-masculine-nancy-huston-reaffirme-les-differences-biologiques-entre-hommes-et-femmes","status":"publish","type":"post","link":"https:\/\/www.europesays.com\/fr\/354507\/","title":{"rendered":"Contre la violence masculine, Nancy Huston r\u00e9affirme les diff\u00e9rences biologiques entre hommes et femmes"},"content":{"rendered":"<p>\u00abRematrer\u00bb le monde. Dans <a href=\"https:\/\/actes-sud.fr\/les-indicibles\" rel=\"nofollow noopener\" target=\"_blank\">Les Indicibles<\/a>, son dernier essai qui sort le 3\u00a0septembre aux Editions Actes Sud, Nancy Huston invente un n\u00e9ologisme pour exprimer le besoin d\u2019injecter de la grandeur d\u2019\u00e2me et du soin dans les relations entre les humains.<\/p>\n<p>Alors que les g\u00e9ants de la tech imaginent un quotidien num\u00e9rique o\u00f9 l\u2019intelligence artificielle remplace l\u2019intelligence \u00e9motionnelle, alors que les seigneurs de la guerre mettent le monde \u00e0 feu et \u00e0 sang, l\u2019\u00e9crivaine invite \u00e0 revenir aux fondamentaux du f\u00e9minin, sachant que, in fine, \u00abce qui distingue la femme de l\u2019homme, c\u2019est bien son aptitude physiologique \u00e0 devenir m\u00e8re\u00bb. De l\u00e0, l\u2019essayiste tire une batterie de solutions qui, de la solidarit\u00e9 f\u00e9minine \u00e0 la prise en compte de la faiblesse refoul\u00e9e des hommes, pourraient d\u00e9samorcer la pompe \u00e0 destruction.<\/p>\n","protected":false},"excerpt":{"rendered":"\u00abRematrer\u00bb le monde. Dans Les Indicibles, son dernier essai qui sort le 3\u00a0septembre aux Editions Actes Sud, Nancy&hellip;\n","protected":false},"author":2,"featured_media":354508,"comment_status":"","ping_status":"","sticky":false,"template":"","format":"standard","meta":{"footnotes":""},"categories":[9635],"tags":[1111,11,49061,3297,1777,674,6757,1011,27,775,1702,12,301,25,8703],"class_list":{"0":"post-354507","1":"post","2":"type-post","3":"status-publish","4":"format-standard","5":"has-post-thumbnail","7":"category-nancy","8":"tag-actu","9":"tag-actualites","10":"tag-anthropologie","11":"tag-entre-temps","12":"tag-eu","13":"tag-europe","14":"tag-feminisme","15":"tag-fr","16":"tag-france","17":"tag-grand-est","18":"tag-nancy","19":"tag-news","20":"tag-premium","21":"tag-republique-francaise","22":"tag-sexualite"},"share_on_mastodon":{"url":"https:\/\/pubeurope.com\/@fr\/115117617540067728","error":""},"_links":{"self":[{"href":"https:\/\/www.europesays.com\/fr\/wp-json\/wp\/v2\/posts\/354507","targetHints":{"allow":["GET"]}}],"collection":[{"href":"https:\/\/www.europesays.com\/fr\/wp-json\/wp\/v2\/posts"}],"about":[{"href":"https:\/\/www.europesays.com\/fr\/wp-json\/wp\/v2\/types\/post"}],"author":[{"embeddable":true,"href":"https:\/\/www.europesays.com\/fr\/wp-json\/wp\/v2\/users\/2"}],"replies":[{"embeddable":true,"href":"https:\/\/www.europesays.com\/fr\/wp-json\/wp\/v2\/comments?post=354507"}],"version-history":[{"count":0,"href":"https:\/\/www.europesays.com\/fr\/wp-json\/wp\/v2\/posts\/354507\/revisions"}],"wp:featuredmedia":[{"embeddable":true,"href":"https:\/\/www.europesays.com\/fr\/wp-json\/wp\/v2\/media\/354508"}],"wp:attachment":[{"href":"https:\/\/www.europesays.com\/fr\/wp-json\/wp\/v2\/media?parent=354507"}],"wp:term":[{"taxonomy":"category","embeddable":true,"href":"https:\/\/www.europesays.com\/fr\/wp-json\/wp\/v2\/categories?post=354507"},{"taxonomy":"post_tag","embeddable":true,"href":"https:\/\/www.europesays.com\/fr\/wp-json\/wp\/v2\/tags?post=354507"}],"curies":[{"name":"wp","href":"https:\/\/api.w.org\/{rel}","templated":true}]}}