{"id":35454,"date":"2025-04-19T03:02:08","date_gmt":"2025-04-19T03:02:08","guid":{"rendered":"https:\/\/www.europesays.com\/fr\/35454\/"},"modified":"2025-04-19T03:02:08","modified_gmt":"2025-04-19T03:02:08","slug":"on-vous-explique-pourquoi-300-poissons-nagent-sous-les-arcades-des-galeries-lafayette-a-nice","status":"publish","type":"post","link":"https:\/\/www.europesays.com\/fr\/35454\/","title":{"rendered":"On vous explique pourquoi 300 poissons nagent sous les arcades des Galeries Lafayette \u00e0 Nice"},"content":{"rendered":"<p>Ils nagent dans les airs. Ondulent sous la majeure partie des arcades de la place Mass\u00e9na. Seuls ou en bancs. Illumin\u00e9s. Motoris\u00e9s. Sonoris\u00e9s.<\/p>\n<p>Nom g\u00e9n\u00e9rique de ce bataillon mouvant: Ichtus.<\/p>\n<p>En grec, cela signifie poisson. \u00c0 Nice, entre les arcades des Galeries Lafayette et celles donnant sur la rue Mass\u00e9na, c\u2019est le nom d\u2019une exposition multiforme et modulable, imagin\u00e9e et concr\u00e9tis\u00e9e par Daniel Mestanza, artiste plasticien de Nancy.<\/p>\n<p>Jusqu\u2019au 2 juin, environ 300 poissons blancs vont fr\u00e9tiller dans les airs, entra\u00eenant les passant vers une immersion sensorielle, autant visuelle que sonore.<\/p>\n<p>Inaugur\u00e9 le jour du Vendredi Saint, Ichtus rappelle le nom mystique du Christ, le seul qui a pu demeurer sans p\u00e9ch\u00e9 au milieu des ab\u00eemes de la mortalit\u00e9, semblables aux profondeurs de la mer. Pour l\u2019artiste, ce n\u2019est qu\u2019une co\u00efncidence.<\/p>\n<p>M\u00eame si ce passionn\u00e9 d\u2019art cin\u00e9tique raconte qu\u2019au commencement, \u00ab\u00a0le dispositif Ichtus a d\u00e9but\u00e9 \u00e0 Metz dans une \u00e9glise d\u00e9saffect\u00e9e, ancien lieu de culte, mais aussi de contemplation et de m\u00e9ditation\u00a0\u00bb.<\/p>\n<p>Pas de co\u00efncidence donc avec le crucifi\u00e9, bien que le but de cette balade \u00e0 nageoires palpitantes est de \u00ab\u00a0recr\u00e9er un rituel\u00a0\u00bb.<\/p>\n<p><strong>\u00ab\u00a0La musique imaginaire de la mer\u00a0\u00bb<\/strong><\/p>\n<p>Des poissons immacul\u00e9s. Flottant dans les airs. \u00ab\u00a0Une immersion invers\u00e9e anim\u00e9e par 300 sp\u00e9cimens\u00a0\u00bb. En quoi sont-ils? En tissu appr\u00eat\u00e9. Une sorte de voilage raide, supportant l\u2019humidit\u00e9, qui ne s\u2019effiloche pas.<\/p>\n<p>Dans chaque profilage, s\u2019active toute une mise en sc\u00e8ne faite de lumi\u00e8re, motorisation, leviers m\u00e9caniques. Cette agr\u00e9gation \u00e0 \u00e9cailles diaphanes se meut \u00e0 des vitesses diff\u00e9rentes.<\/p>\n<p>S\u2019ajoute \u00e0 la chor\u00e9graphie l\u00e9g\u00e8re et en suspension, \u00ab\u00a0une m\u00e9lodie perp\u00e9tuelle issue de 8 bandes sons rappelant un peu les carillons zens. C\u2019est la musique imaginaire de la mer\u00a0\u00bb.<\/p>\n<p>Une \u0153uvre de passage, salu\u00e9e par Graig Monetti, adjoint \u00e0 l\u2019\u00e9v\u00e9nementiel, qui colle avec la pr\u00e9paration de la conf\u00e9rence des Nations Unies sur l\u2019Oc\u00e9an.<\/p>\n<p>Jusqu\u2019au 2 juin, Ichtus va ondoyer sous les arcades de la place Mass\u00e9na, avant de plonger vers le quai des \u00c9tats-Unis et le cours Jacques Chirac, du 4 au 18 juin.<\/p>\n<p>\u00c0 chaque site ni\u00e7ois majeur, sa p\u00eache miraculeuse&#8230;<\/p>\n","protected":false},"excerpt":{"rendered":"Ils nagent dans les airs. Ondulent sous la majeure partie des arcades de la place Mass\u00e9na. Seuls ou&hellip;\n","protected":false},"author":2,"featured_media":35455,"comment_status":"","ping_status":"","sticky":false,"template":"","format":"standard","meta":{"footnotes":""},"categories":[2819],"tags":[1111,11,8981,251,1777,674,1011,27,12,2401,882,25],"class_list":{"0":"post-35454","1":"post","2":"type-post","3":"status-publish","4":"format-standard","5":"has-post-thumbnail","7":"category-nice","8":"tag-actu","9":"tag-actualites","10":"tag-arts-plastiques","11":"tag-culture","12":"tag-eu","13":"tag-europe","14":"tag-fr","15":"tag-france","16":"tag-news","17":"tag-nice","18":"tag-provence-alpes-cote-dazur","19":"tag-republique-francaise"},"share_on_mastodon":{"url":"https:\/\/pubeurope.com\/@fr\/114362407405486423","error":""},"_links":{"self":[{"href":"https:\/\/www.europesays.com\/fr\/wp-json\/wp\/v2\/posts\/35454","targetHints":{"allow":["GET"]}}],"collection":[{"href":"https:\/\/www.europesays.com\/fr\/wp-json\/wp\/v2\/posts"}],"about":[{"href":"https:\/\/www.europesays.com\/fr\/wp-json\/wp\/v2\/types\/post"}],"author":[{"embeddable":true,"href":"https:\/\/www.europesays.com\/fr\/wp-json\/wp\/v2\/users\/2"}],"replies":[{"embeddable":true,"href":"https:\/\/www.europesays.com\/fr\/wp-json\/wp\/v2\/comments?post=35454"}],"version-history":[{"count":0,"href":"https:\/\/www.europesays.com\/fr\/wp-json\/wp\/v2\/posts\/35454\/revisions"}],"wp:featuredmedia":[{"embeddable":true,"href":"https:\/\/www.europesays.com\/fr\/wp-json\/wp\/v2\/media\/35455"}],"wp:attachment":[{"href":"https:\/\/www.europesays.com\/fr\/wp-json\/wp\/v2\/media?parent=35454"}],"wp:term":[{"taxonomy":"category","embeddable":true,"href":"https:\/\/www.europesays.com\/fr\/wp-json\/wp\/v2\/categories?post=35454"},{"taxonomy":"post_tag","embeddable":true,"href":"https:\/\/www.europesays.com\/fr\/wp-json\/wp\/v2\/tags?post=35454"}],"curies":[{"name":"wp","href":"https:\/\/api.w.org\/{rel}","templated":true}]}}