{"id":354578,"date":"2025-08-30T12:46:14","date_gmt":"2025-08-30T12:46:14","guid":{"rendered":"https:\/\/www.europesays.com\/fr\/354578\/"},"modified":"2025-08-30T12:46:14","modified_gmt":"2025-08-30T12:46:14","slug":"les-condamnations-ne-suffisent-pas","status":"publish","type":"post","link":"https:\/\/www.europesays.com\/fr\/354578\/","title":{"rendered":"\u00ab\u202fLes condamnations ne suffisent pas\u202f\u00bb"},"content":{"rendered":"<p>AA \/ Londres \/ Aysu Bicer<\/p>\n<p>Le vice-Premier ministre et ministre irlandais des Affaires \u00e9trang\u00e8res, Simon Harris, a averti samedi que l\u2019UE risquait de perdre toute cr\u00e9dibilit\u00e9 si elle ne prenait pas de \u00ab\u202fmesures concr\u00e8tes\u202f\u00bb contre Isra\u00ebl face \u00e0 ce qu\u2019il a qualifi\u00e9 de \u00ab\u202fg\u00e9nocide horrifique\u202f\u00bb \u00e0 Gaza.<\/p>\n<p>En effet, Harris a tenu ces propos avant une r\u00e9union informelle des ministres des Affaires \u00e9trang\u00e8res de l\u2019UE \u00e0 Copenhague.<\/p>\n<p>Il a soulign\u00e9 qu\u2019il \u00e9tait \u00ab\u202fcrucial que l\u2019UE agisse maintenant et prenne des mesures imm\u00e9diates et concr\u00e8tes en r\u00e9ponse aux actions d\u2019Isra\u00ebl qui enfreignent ses obligations en mati\u00e8re de droits humains dans le cadre de l\u2019Accord d\u2019association UE-Isra\u00ebl\u202f\u00bb.<\/p>\n<p>&#8211; \u00ab\u202fNous devons maximiser la pression\u202f\u00bb<\/p>\n<p>\u00ab\u202fNous devons mettre la pression au maximum, pour obtenir un cessez-le-feu et mettre fin \u00e0 la famine\u202f\u00bb, a d\u00e9clar\u00e9 Harris aux journalistes. \u00ab\u202fSoyons tr\u00e8s clairs : des mots de condamnation ne suffisent pas face au g\u00e9nocide horrifique qui se d\u00e9roule \u00e0 Gaza.\u202f\u00bb<\/p>\n<p>Le ministre irlandais a qualifi\u00e9 la situation \u00e0 Gaza \u00ab\u202fd\u2019\u00e9pouvantable\u202f\u00bb, \u00e9voquant des \u00ab\u202fpersonnes en qu\u00eate d\u00e9sesp\u00e9r\u00e9e de nourriture, des conditions de famine et de nouvelles op\u00e9rations militaires\u202f\u00bb.<\/p>\n<p>Selon Harris, les discussions au sein de l\u2019UE ont d\u00e9j\u00e0 identifi\u00e9 \u00ab\u202f10 mesures potentielles\u202f\u00bb pour r\u00e9pondre au conflit.<\/p>\n<p>\u00ab\u202fNous avons un besoin urgent d\u2019un cessez-le-feu imm\u00e9diat, de la lib\u00e9ration imm\u00e9diate et inconditionnelle de tous les otages d\u00e9tenus par le Hamas, y compris les corps, et d\u2019un acc\u00e8s humanitaire sans entrave \u00e0 grande \u00e9chelle\u202f\u00bb, a-t-il ajout\u00e9.<\/p>\n<p>\u00ab\u202fIl est temps que l\u2019Europe agisse. C\u2019est le message que je porte \u00e0 la r\u00e9union de Copenhague aujourd\u2019hui au nom du peuple irlandais.\u202f\u00bb<\/p>\n<p>Harris a \u00e9galement sugg\u00e9r\u00e9 que si l\u2019UE ne parvient pas \u00e0 adopter une position collective, des \u00c9tats membres \u00ab\u202faux vues similaires\u202f\u00bb pourraient envisager une action conjointe.<\/p>\n<p>\u00ab\u202fSi l\u2019Europe refuse d\u2019agir collectivement, je pense qu\u2019il faudra alors que des \u00c9tats membres aux vues similaires se r\u00e9unissent et examinent quelles mesures ils peuvent prendre\u202f\u00bb, a-t-il d\u00e9clar\u00e9.<\/p>\n<p>\u00ab\u202fLe moyen le plus efficace pour l\u2019Europe d\u2019agir et de pr\u00e9server sa cr\u00e9dibilit\u00e9 est d\u00e9sormais d\u2019avancer ensemble, avec des mesures concr\u00e8tes pour pousser Isra\u00ebl \u00e0 changer de cap.\u202f\u00bb<\/p>\n<p>* Traduit de l&rsquo;anglais par Adama Bamba<\/p>\n","protected":false},"excerpt":{"rendered":"AA \/ Londres \/ Aysu Bicer Le vice-Premier ministre et ministre irlandais des Affaires \u00e9trang\u00e8res, Simon Harris, a&hellip;\n","protected":false},"author":2,"featured_media":354579,"comment_status":"","ping_status":"","sticky":false,"template":"","format":"standard","meta":{"footnotes":""},"categories":[1586],"tags":[11,1785,1777,674,1011,27,516,3819,12,25,22826],"class_list":{"0":"post-354578","1":"post","2":"type-post","3":"status-publish","4":"format-standard","5":"has-post-thumbnail","7":"category-europe","8":"tag-actualites","9":"tag-anadolu-ajansi","10":"tag-eu","11":"tag-europe","12":"tag-fr","13":"tag-france","14":"tag-irlande","15":"tag-isral","16":"tag-news","17":"tag-republique-francaise","18":"tag-union-europenne-ue"},"share_on_mastodon":{"url":"https:\/\/pubeurope.com\/@fr\/115117790564381562","error":""},"_links":{"self":[{"href":"https:\/\/www.europesays.com\/fr\/wp-json\/wp\/v2\/posts\/354578","targetHints":{"allow":["GET"]}}],"collection":[{"href":"https:\/\/www.europesays.com\/fr\/wp-json\/wp\/v2\/posts"}],"about":[{"href":"https:\/\/www.europesays.com\/fr\/wp-json\/wp\/v2\/types\/post"}],"author":[{"embeddable":true,"href":"https:\/\/www.europesays.com\/fr\/wp-json\/wp\/v2\/users\/2"}],"replies":[{"embeddable":true,"href":"https:\/\/www.europesays.com\/fr\/wp-json\/wp\/v2\/comments?post=354578"}],"version-history":[{"count":0,"href":"https:\/\/www.europesays.com\/fr\/wp-json\/wp\/v2\/posts\/354578\/revisions"}],"wp:featuredmedia":[{"embeddable":true,"href":"https:\/\/www.europesays.com\/fr\/wp-json\/wp\/v2\/media\/354579"}],"wp:attachment":[{"href":"https:\/\/www.europesays.com\/fr\/wp-json\/wp\/v2\/media?parent=354578"}],"wp:term":[{"taxonomy":"category","embeddable":true,"href":"https:\/\/www.europesays.com\/fr\/wp-json\/wp\/v2\/categories?post=354578"},{"taxonomy":"post_tag","embeddable":true,"href":"https:\/\/www.europesays.com\/fr\/wp-json\/wp\/v2\/tags?post=354578"}],"curies":[{"name":"wp","href":"https:\/\/api.w.org\/{rel}","templated":true}]}}