{"id":354600,"date":"2025-08-30T13:04:12","date_gmt":"2025-08-30T13:04:12","guid":{"rendered":"https:\/\/www.europesays.com\/fr\/354600\/"},"modified":"2025-08-30T13:04:12","modified_gmt":"2025-08-30T13:04:12","slug":"un-accord-trouve-pour-une-vente-xxl-et-un-depart-tres-regrettable","status":"publish","type":"post","link":"https:\/\/www.europesays.com\/fr\/354600\/","title":{"rendered":"Un accord trouv\u00e9 pour une vente XXL et un d\u00e9part tr\u00e8s regrettable"},"content":{"rendered":"<p>                                            Publi\u00e9 le 30\/08\/2025 \u00e0 14h00<br \/>\n                                                                                3 minutes de lecture\n                                                                    <\/p>\n<p>F\u00e9ru de sport et plus particuli\u00e8rement de ballon rond depuis ma plus tendre enfance.<\/p>\n<p>                                            Lire la suite<\/p>\n<p>L\u00a0\u00bbOlympique Lyonnais traverse une p\u00e9riode cruciale de son mercato estival, marqu\u00e9e par des imp\u00e9ratifs financiers qui dictent d\u00e9sormais sa strat\u00e9gie de transferts. Contraint de proc\u00e9der \u00e0 des ventes pour satisfaire aux exigences de la Direction Nationale du Contr\u00f4le de Gestion, le club rhodanien se trouve dans l&rsquo;obligation de c\u00e9der ses \u00e9l\u00e9ments les plus bankables. Cette situation d\u00e9licate a naturellement attir\u00e9 l&rsquo;attention sur ses <strong>deux plus grosses valeurs marchandes<\/strong> : Malick Fofana et Georges Mikautadze. Alors que le jeune ailier belge a fermement d\u00e9clin\u00e9 les approches de Premier League et semble destin\u00e9 \u00e0 prolonger son aventure lyonnaise au moins jusqu&rsquo;\u00e0 l&rsquo;hiver prochain, le dossier de l&rsquo;attaquant g\u00e9orgien a connu une acc\u00e9l\u00e9ration spectaculaire. Les n\u00e9gociations avec Villarreal, initialement prudentes, ont rapidement pris une tournure d\u00e9cisive, pla\u00e7ant l&rsquo;OL face \u00e0 un d\u00e9part majeur qui bouleverse ses plans sportifs \u00e0 court terme.<\/p>\n<p>                                <img decoding=\"async\" src=\"https:\/\/www.europesays.com\/fr\/wp-content\/uploads\/2025\/04\/1744123449_543_logo.png\" alt=\"Logo\"\/><\/p>\n<p>100\u20ac offerts sur ton 1er pari !<\/p>\n<p>                            <a href=\"https:\/\/bit.ly\/4j5wl4k\" class=\"headband-button\" rel=\"nofollow noopener\" target=\"_blank\">J&rsquo;en profite<\/a><\/p>\n<p>                                                                <img loading=\"lazy\" decoding=\"async\" src=\"https:\/\/www.europesays.com\/fr\/wp-content\/uploads\/2025\/08\/mercato-ol-un-accord-trouve-pour-une-vente-xxl-et-un-depart-tres-regrettable.jpg\" alt=\"Illustration : &quot;Mercato OL : Un accord trouv\u00e9 pour une vente XXL et un d\u00e9part tr\u00e8s regrettable &quot;\" class=\"figure-img img-fluid\" width=\"780\" height=\"478\"\/><\/p>\n<p>                                    \u00a9 Site officiel de l&rsquo;OL                                <\/p>\n<p>Villarreal concr\u00e9tise son int\u00e9r\u00eat apr\u00e8s les d\u00e9parts offensifs<\/p>\n<p>Le club espagnol de Villarreal avait identifi\u00e9 Georges Mikautadze comme une priorit\u00e9 absolue pour renforcer son secteur offensif, particuli\u00e8rement affaibli par une s\u00e9rie de d\u00e9parts significatifs. Le <strong>Sous-marin jaune<\/strong> a en effet perdu des \u00e9l\u00e9ments cl\u00e9s de son animation offensive avec les d\u00e9parts d&rsquo;Alex Baena, Thierno Barry et plus r\u00e9cemment Yeremy Pino, cr\u00e9ant un vide consid\u00e9rable dans l&rsquo;effectif de l&rsquo;entra\u00eeneur. Cette situation d&rsquo;urgence a pouss\u00e9 la direction villarrealaise \u00e0 formuler une premi\u00e8re approche concr\u00e8te aupr\u00e8s de l&rsquo;Olympique Lyonnais, sous la forme d&rsquo;une <strong>offre orale inf\u00e9rieure \u00e0 30 millions d&rsquo;euros<\/strong>. Cette proposition initiale s&rsquo;est heurt\u00e9e \u00e0 la fermet\u00e9 des dirigeants lyonnais, qui avaient clairement \u00e9tabli leurs exigences financi\u00e8res. L&rsquo;actuel leader de Ligue 1 avait en effet fix\u00e9 le <strong>prix de d\u00e9part de son buteur entre 30 et 40 millions d&rsquo;euros<\/strong>, refusant cat\u00e9goriquement de descendre en dessous de ce seuil. Les discussions se sont intensifi\u00e9es lors d&rsquo;une rencontre d\u00e9cisive organis\u00e9e en marge du tirage au sort de la Ligue Europa, permettant aux deux parties de trouver rapidement un terrain d&rsquo;entente.<\/p>\n<p>Un accord d\u00e9finitif \u00e0 30 millions d&rsquo;euros<\/p>\n<p>Les n\u00e9gociations entre l&rsquo;Olympique Lyonnais et Villarreal ont abouti \u00e0 un consensus total autour d&rsquo;un <strong>transfert \u00e0 hauteur de 30 millions d&rsquo;euros<\/strong>, marquant un tournant d\u00e9cisif dans ce dossier longtemps incertain. Cette somme repr\u00e9sente exactement le plancher fix\u00e9 par la direction lyonnaise, t\u00e9moignant de la capacit\u00e9 de n\u00e9gociation du club espagnol et de l&rsquo;urgence financi\u00e8re pesant sur l&rsquo;OL. Georges Mikautadze, qui avait d\u00e9j\u00e0 trouv\u00e9 un accord de principe avec Villarreal concernant les modalit\u00e9s de son <strong>contrat \u00e0 long terme<\/strong>, est d\u00e9sormais attendu en Espagne pour finaliser les derni\u00e8res formalit\u00e9s administratives et m\u00e9dicales. Ce d\u00e9part repr\u00e9sente un bouleversement majeur pour l&rsquo;attaquant de <strong>24 ans<\/strong>, arriv\u00e9 \u00e0 Lyon il y a seulement une saison avec l&rsquo;ambition de succ\u00e9der \u00e0 Alexandre Lacazette dans son club de c\u0153ur. Son bilan lyonnais, bien qu&rsquo;honorable avec <strong>18 buts en 49 rencontres<\/strong>, ne lui aura finalement pas permis de s&rsquo;installer durablement dans le projet rhodanien. Cette transaction illustre parfaitement les contraintes \u00e9conomiques qui p\u00e8sent sur l&rsquo;OL et sa capacit\u00e9 \u00e0 retenir ses talents les plus prometteurs.<\/p>\n<p>L&rsquo;OL face au d\u00e9fi du remplacement<\/p>\n<p>Avec seulement trois jours restants avant la cl\u00f4ture du mercato, l&rsquo;Olympique Lyonnais se trouve confront\u00e9 \u00e0 un d\u00e9fi de taille : d\u00e9nicher rapidement un successeur \u00e0 Georges Mikautadze pour maintenir sa comp\u00e9titivit\u00e9 offensive. La direction rhodanienne a d\u00e9j\u00e0 amorc\u00e9 ses recherches en sondant les disponibilit\u00e9s de <strong>Mart\u00edn Satriano<\/strong>, l&rsquo;attaquant uruguayen du RC Lens sous contrat jusqu&rsquo;en juin 2029, d\u00e9montrant sa volont\u00e9 d&rsquo;agir rapidement sur le march\u00e9. Cependant, les ambitions lyonnaises ne se limitent pas au seul recrutement d&rsquo;un avant-centre, puisque les dirigeants souhaitent \u00e9galement s&rsquo;offrir les services d&rsquo;un <strong>ailier droit titulaire<\/strong> avant la fermeture d\u00e9finitive du mercato lundi soir. Cette double n\u00e9cessit\u00e9 de recrutement, dans un laps de temps aussi restreint, place l&rsquo;OL dans une situation d\u00e9licate o\u00f9 chaque heure compte. Les prochaines 72 heures s&rsquo;annoncent donc <strong>d\u00e9cisives pour l&rsquo;avenir sportif<\/strong> du club, qui doit jongler entre ses contraintes budg\u00e9taires et ses imp\u00e9ratifs sportifs pour la suite de la saison.<\/p>\n<p>Ce dimanche, le tant attendu Olympico attend les Gones au Groupama Stadium. Pour cette rencontre, profitez de 100\u20ac offerts pour votre premi\u00e8re inscription sur Parions Sport en Ligne. Les Gones ne font qu\u2019une bouch\u00e9e des Grenats ? <a href=\"http:\/\/bit.ly\/4hgs1yE\" rel=\"nofollow noopener\" target=\"_blank\"><strong>Une victoire de l\u2019OL face \u00e0 l\u2019OM vous rapporte jusqu\u2019\u00e0 275\u20ac !<\/strong><\/a><\/p>\n<p><strong>Pour en profiter, c\u2019est tr\u00e8s simple :<\/strong><\/p>\n<p>&#8211;                  Cr\u00e9ez votre compte joueur en seulement 2 \u00e9tapes <a href=\"http:\/\/bit.ly\/4hgs1yE\" rel=\"nofollow noopener\" target=\"_blank\"><strong>ici<\/strong><\/a><\/p>\n<p>&#8211;                  R\u00e9alisez votre 1er d\u00e9p\u00f4t puis placez votre 1er pari (Minimum 5\u20ac)<\/p>\n<p>&#8211;                  Une fois votre 1er d\u00e9p\u00f4t et votre 1er pari r\u00e9alis\u00e9s, l\u2019int\u00e9gralit\u00e9 du montant de ce 1er pari sera cr\u00e9dit\u00e9e sur votre compte joueur dans la limite de 100\u20ac maximum et sous la forme de cr\u00e9dits de jeu non retirables. Le cr\u00e9dit s\u2019effectuera alors en une seule \u00e9tape et sous 3 jours<\/p>\n<p>Jouer comporte des risques : endettement, d\u00e9pendance\u2026 Appelez le 09 74 75 13 13 (appel non surtax\u00e9)<\/p>\n","protected":false},"excerpt":{"rendered":"Publi\u00e9 le 30\/08\/2025 \u00e0 14h00 3 minutes de lecture F\u00e9ru de sport et plus particuli\u00e8rement de ballon rond&hellip;\n","protected":false},"author":2,"featured_media":354601,"comment_status":"","ping_status":"","sticky":false,"template":"","format":"standard","meta":{"footnotes":""},"categories":[1410],"tags":[63,1011,27,60],"class_list":{"0":"post-354600","1":"post","2":"type-post","3":"status-publish","4":"format-standard","5":"has-post-thumbnail","7":"category-football","8":"tag-football","9":"tag-fr","10":"tag-france","11":"tag-sports"},"share_on_mastodon":{"url":"https:\/\/pubeurope.com\/@fr\/115117861357798163","error":""},"_links":{"self":[{"href":"https:\/\/www.europesays.com\/fr\/wp-json\/wp\/v2\/posts\/354600","targetHints":{"allow":["GET"]}}],"collection":[{"href":"https:\/\/www.europesays.com\/fr\/wp-json\/wp\/v2\/posts"}],"about":[{"href":"https:\/\/www.europesays.com\/fr\/wp-json\/wp\/v2\/types\/post"}],"author":[{"embeddable":true,"href":"https:\/\/www.europesays.com\/fr\/wp-json\/wp\/v2\/users\/2"}],"replies":[{"embeddable":true,"href":"https:\/\/www.europesays.com\/fr\/wp-json\/wp\/v2\/comments?post=354600"}],"version-history":[{"count":0,"href":"https:\/\/www.europesays.com\/fr\/wp-json\/wp\/v2\/posts\/354600\/revisions"}],"wp:featuredmedia":[{"embeddable":true,"href":"https:\/\/www.europesays.com\/fr\/wp-json\/wp\/v2\/media\/354601"}],"wp:attachment":[{"href":"https:\/\/www.europesays.com\/fr\/wp-json\/wp\/v2\/media?parent=354600"}],"wp:term":[{"taxonomy":"category","embeddable":true,"href":"https:\/\/www.europesays.com\/fr\/wp-json\/wp\/v2\/categories?post=354600"},{"taxonomy":"post_tag","embeddable":true,"href":"https:\/\/www.europesays.com\/fr\/wp-json\/wp\/v2\/tags?post=354600"}],"curies":[{"name":"wp","href":"https:\/\/api.w.org\/{rel}","templated":true}]}}