{"id":354602,"date":"2025-08-30T13:05:10","date_gmt":"2025-08-30T13:05:10","guid":{"rendered":"https:\/\/www.europesays.com\/fr\/354602\/"},"modified":"2025-08-30T13:05:10","modified_gmt":"2025-08-30T13:05:10","slug":"une-aventure-horrible-camille-cerf-sa-declaration-inattendue-apres-sa-participation-a-lemission-les-traitres","status":"publish","type":"post","link":"https:\/\/www.europesays.com\/fr\/354602\/","title":{"rendered":"Une aventure horrible&#8230;\u00a0\u00bb : Camille Cerf, sa d\u00e9claration inattendue apr\u00e8s sa participation \u00e0 l&rsquo;\u00e9mission \u00ab\u00a0Les Tra\u00eetres"},"content":{"rendered":"<p>Depuis la fin de la <strong>derni\u00e8re saison des Tra\u00eetres<\/strong>, les fans attendaient avec impatience le retour de l\u2019\u00e9mission de M6. C\u2019est chose faite puisque le 2 septembre, la <strong>saison 5 du jeu<\/strong> d\u00e9barque avec un casting explosif.<\/p>\n<p>Parmi les candidats, une personnalit\u00e9 a particuli\u00e8rement fait parler d\u2019elle : <strong>Camille Cerf<\/strong>, qui a d\u00e9cid\u00e9 de se lancer dans <strong>l\u2019aventure en solo, sans son ch\u00e9ri, Th\u00e9o Fleury.<\/strong> Et, elle n&rsquo;y va pas par quatre chemins pour expliquer sa raison avec les journalistes de Voici.<\/p>\n<p>Camille Cerf pr\u00e9f\u00e8re se la jouer solo<\/p>\n<p>Pour la <strong>maman du petit Malo<\/strong>, c\u2019est un r\u00eave qui se r\u00e9alise. Camille Cerf a avou\u00e9 qu\u2019elle \u00e9tait<strong> fan de l\u2019\u00e9mission depuis le d\u00e9but<\/strong>. \u00ab\u00a0Depuis la premi\u00e8re saison, je regarde Les Tra\u00eetres et j&rsquo;adore. Je me disais : &lsquo;Oh, c&rsquo;est trop dommage, ils ne m&rsquo;ont pas appel\u00e9e, j&rsquo;aurais trop aim\u00e9 le faire&rsquo;. Mais au final, ce n&rsquo;\u00e9tait pas plus mal parce que \u00e7a m&rsquo;a permis de regarder les saisons et de voir un peu comment \u00e7a fonctionnait\u00a0\u00bb. Elle ajoute : \u00ab\u00a0<strong>Il avait m\u00eame \u00e9t\u00e9 question, une ann\u00e9e, que je le fasse avec mon conjoint<\/strong>. Mais je suis tomb\u00e9e enceinte \u00e0 ce moment-l\u00e0, donc \u00e7a a \u00e9t\u00e9 report\u00e9\u00a0\u00bb. <\/p>\n<p>En tout cas, d\u00e9sormais, son souhait est exauc\u00e9. Par contre, <strong>pas question pour elle de partager ce moment <\/strong>avec son compagnon, Th\u00e9o Fleury. Camille Cerf n\u2019a pas m\u00e2ch\u00e9 ses mots sur ce sujet. \u00ab\u00a0Je suis tr\u00e8s contente de ne pas l&rsquo;avoir fait avec mon conjoint parce que je pense que c&rsquo;est une <strong>aventure horrible en couple (rires)<\/strong>\u00ab\u00a0, a-t-elle l\u00e2ch\u00e9 avec franchise. Pour elle, <strong>m\u00e9langer strat\u00e9gie, mensonges et amour<\/strong>, ce n\u2019est pas la meilleure id\u00e9e. De nombreux candidats l\u2019ont fait avant elle, mais l\u2019ancienne <a href=\"https:\/\/www.public.fr\/eve-gilles-dans-les-pas-diris-mittenaere-lannonce-officielle-de-miss-france\" rel=\"nofollow noopener\" target=\"_blank\">Miss France<\/a> assure qu\u2019elle pr\u00e9f\u00e8re garder cette exp\u00e9rience pour elle seule.<\/p>\n<p>Heureusement, Th\u00e9o Fleury n\u2019a pas pris la mouche. Loin de l\u00e0. Selon Camille Cerf, son ch\u00e9ri \u00e9tait m\u00eame <strong>soulag\u00e9 d\u2019\u00e9chapper \u00e0 la t\u00e9l\u00e9<\/strong>. \u00ab\u00a0Il voulait le faire pour moi, \u00e7a lui faisait plaisir, et pour le jeu. Mais en r\u00e9alit\u00e9, il <strong>d\u00e9teste passer \u00e0 la t\u00e9l\u00e9, donc il \u00e9tait soulag\u00e9<\/strong>\u00ab\u00a0, avoue-t-elle. Ce duo complice pr\u00e9f\u00e8re donc \u00e9viter les tensions inutiles et garder leurs soir\u00e9es jeux de r\u00f4le pour la maison. Et justement, les confidences de Camille Cerf sur ce point en disent long\u2026<\/p>\n<p>Camille Cerf pas dou\u00e9e aux jeux de r\u00f4les ?<\/p>\n<p>Car oui, si Camille Cerf a accept\u00e9 l\u2019invitation de M6, son compagnon n\u2019\u00e9tait pas vraiment convaincu. \u00ab\u00a0\u00c7a l&rsquo;a fait beaucoup rire parce que quand on fait des jeux de r\u00f4les, comme le loup-garou, <strong>il me d\u00e9tecte tout de suite. Il voit direct quand je mens<\/strong> !\u00a0\u00bb, a-t-elle expliqu\u00e9. Pas franchement rassurant avant de se lancer dans une aventure o\u00f9 le mensonge est roi.<\/p>\n<p>Th\u00e9o Fleury ne s\u2019est donc pas g\u00ean\u00e9 pour la <strong>taquiner <\/strong>: \u00ab\u00a0Tu veux vraiment faire \u00e7a ? Tu vas \u00eatre nulle !\u00a0\u00bb Une petite pique pleine d\u2019amour qui a amus\u00e9 la reine de beaut\u00e9. De quoi mettre encore plus de pression avant de d\u00e9couvrir si elle sera <strong>Loyale ou Tra\u00eetresse<\/strong>\u2026<\/p>\n<p>      Mentionn\u00e9s dans cet article<\/p>\n<p>      Sur le m\u00eame sujet<\/p>\n","protected":false},"excerpt":{"rendered":"Depuis la fin de la derni\u00e8re saison des Tra\u00eetres, les fans attendaient avec impatience le retour de l\u2019\u00e9mission&hellip;\n","protected":false},"author":2,"featured_media":354603,"comment_status":"","ping_status":"","sticky":false,"template":"","format":"standard","meta":{"footnotes":""},"categories":[1359],"tags":[17055,58,59,1011,27,494,3034,973],"class_list":{"0":"post-354602","1":"post","2":"type-post","3":"status-publish","4":"format-standard","5":"has-post-thumbnail","7":"category-people","8":"tag-camille-cerf","9":"tag-divertissement","10":"tag-entertainment","11":"tag-fr","12":"tag-france","13":"tag-m6","14":"tag-miss-france","15":"tag-people"},"share_on_mastodon":{"url":"https:\/\/pubeurope.com\/@fr\/115117865254670135","error":""},"_links":{"self":[{"href":"https:\/\/www.europesays.com\/fr\/wp-json\/wp\/v2\/posts\/354602","targetHints":{"allow":["GET"]}}],"collection":[{"href":"https:\/\/www.europesays.com\/fr\/wp-json\/wp\/v2\/posts"}],"about":[{"href":"https:\/\/www.europesays.com\/fr\/wp-json\/wp\/v2\/types\/post"}],"author":[{"embeddable":true,"href":"https:\/\/www.europesays.com\/fr\/wp-json\/wp\/v2\/users\/2"}],"replies":[{"embeddable":true,"href":"https:\/\/www.europesays.com\/fr\/wp-json\/wp\/v2\/comments?post=354602"}],"version-history":[{"count":0,"href":"https:\/\/www.europesays.com\/fr\/wp-json\/wp\/v2\/posts\/354602\/revisions"}],"wp:featuredmedia":[{"embeddable":true,"href":"https:\/\/www.europesays.com\/fr\/wp-json\/wp\/v2\/media\/354603"}],"wp:attachment":[{"href":"https:\/\/www.europesays.com\/fr\/wp-json\/wp\/v2\/media?parent=354602"}],"wp:term":[{"taxonomy":"category","embeddable":true,"href":"https:\/\/www.europesays.com\/fr\/wp-json\/wp\/v2\/categories?post=354602"},{"taxonomy":"post_tag","embeddable":true,"href":"https:\/\/www.europesays.com\/fr\/wp-json\/wp\/v2\/tags?post=354602"}],"curies":[{"name":"wp","href":"https:\/\/api.w.org\/{rel}","templated":true}]}}