{"id":354604,"date":"2025-08-30T13:06:14","date_gmt":"2025-08-30T13:06:14","guid":{"rendered":"https:\/\/www.europesays.com\/fr\/354604\/"},"modified":"2025-08-30T13:06:14","modified_gmt":"2025-08-30T13:06:14","slug":"tunisie-lhotel-du-lac-icone-de-larchitecture-mondiale-qui-aurait-inspire-un-vaisseau-de-star-wars-est-en-voie-de-disparition","status":"publish","type":"post","link":"https:\/\/www.europesays.com\/fr\/354604\/","title":{"rendered":"Tunisie: l&rsquo;H\u00f4tel du Lac, ic\u00f4ne de l&rsquo;architecture mondiale qui aurait inspir\u00e9 un vaisseau de \u00abStar Wars\u00bb, est en voie de disparition"},"content":{"rendered":"<p>La l\u00e9gende dit qu&rsquo;il aurait inspir\u00e9 George Lucas pour un vaisseau de Star Wars: l&rsquo;H\u00f4tel du Lac de Tunis, embl\u00e8me de l&rsquo;architecture mondiale du XXe si\u00e8cle, est en cours de d\u00e9molition, suscitant une lev\u00e9e de boucliers de la soci\u00e9t\u00e9 civile. Point d&rsquo;entr\u00e9e de la \u00abville europ\u00e9enne\u00bb, avec sa structure en pyramide invers\u00e9e, ce b\u00e2timent datant de 1973 est \u00abl&rsquo;un des dix chefs-d&rsquo;\u0153uvre au monde du brutalisme, explique Adnen El Ghali. Ce style des ann\u00e9es 1950-1970 caract\u00e9ris\u00e9 par des formes monumentales sans ornements conna\u00eet un fort engouement. Perdre l&rsquo;H\u00f4tel du Lac serait \u00abune grande perte pour le patrimoine mondial\u00bb, poursuit l&rsquo;architecte.<\/p>\n<p>En b\u00e9ton et acier, l&rsquo;h\u00f4tel de 416 chambres, b\u00e2ti par l&rsquo;Italien Raffaele Contigiani sur commande du premier pr\u00e9sident tunisien Habib Bourguiba lors de l&rsquo;essor du tourisme, a accueilli \u00e0 son apog\u00e9e des artistes comme James Brown mais a ferm\u00e9 en 2000 pour des probl\u00e8mes d&rsquo;h\u00e9ritage et mauvaise gestion. Le fonds public libyen Lafico, qui l&rsquo;a rachet\u00e9 en 2010, a \u00abobtenu toutes les autorisations n\u00e9cessaires pour la d\u00e9molition qui a commenc\u00e9\u00bb, confirme officiellement son directeur Hadi Alfitory.<\/p>\n<p>Lire aussi: <a href=\"https:\/\/www.letemps.ch\/articles\/warda-la-renaissance-d-une-diva-panarabe\" target=\"_blank\" rel=\"noopener\">Warda, la renaissance d\u2019une diva panarabe<\/a>  <\/p>\n<p>D\u00e8s l&rsquo;installation de palissades mi-ao\u00fbt, les r\u00e9seaux sociaux se sont enflamm\u00e9s de dizaines de commentaires r\u00e9volt\u00e9s. Une p\u00e9tition en ligne a recueilli 6000 signatures en quelques jours. Une grande mobilisation est annonc\u00e9e en septembre. Selon Hadi Alfitory, \u00abdiverses expertises\u00bb ont montr\u00e9 que \u00able b\u00e2timent est une ruine et doit \u00eatre d\u00e9moli\u00bb. Lafico met sur la table 150 millions de dollars pour la construction d&rsquo;un centre commercial et d&rsquo;un nouvel h\u00f4tel de luxe de 20 \u00e9tages, le double de l&rsquo;actuel, \u00abqui gardera le m\u00eame concept et la forme de l&rsquo;ancien b\u00e2timent\u00bb, assure le directeur de l&rsquo;\u00e9tablissement.<\/p>\n<p>Un flou total sur le projet final<\/p>\n<p>Mais la soci\u00e9t\u00e9 civile refuse que l&rsquo;\u00e9difice disparaisse. \u00abInvestir et moderniser ne veut pas dire d\u00e9molir et raser sans se soucier de la m\u00e9moire collective et de l&rsquo;h\u00e9ritage architectural\u00bb, souligne Amel Meddeb, une d\u00e9put\u00e9e et architecte. Cette experte en patrimoine, qui a lanc\u00e9 l&rsquo;alerte avant l&rsquo;\u00e9t\u00e9 sur la d\u00e9livrance du permis de d\u00e9molition, d\u00e9nonce \u00abun flou total sur le projet final\u00bb, qui entrave toute contestation l\u00e9gale. \u00abIl n&rsquo;y a aucun panneau officiel sur la nature des travaux en cours, ni d&rsquo;indications sur le nouveau projet\u00bb, abonde Safa Cherif, pr\u00e9sidente d&rsquo;Edifices et M\u00e9moires, une association mobilis\u00e9e depuis une d\u00e9cennie pour \u00absauvegarder cet embl\u00e8me de la skyline de Tunis\u00bb.<\/p>\n<p>Apr\u00e8s avoir \u00e9chapp\u00e9 \u00e0 la destruction \u00e0 deux reprises entre 2010 et 2020, l&rsquo;H\u00f4tel du Lac avait \u00e9t\u00e9 encore sauv\u00e9 \u00e0 l&rsquo;\u00e9t\u00e9 2022 gr\u00e2ce une campagne qui avait pouss\u00e9 le minist\u00e8re de la Culture \u00e0 le placer sous protection provisoire. Mais cette mesure a expir\u00e9 en avril 2023 et malgr\u00e9 le d\u00e9p\u00f4t d&rsquo;une expertise d\u00e9montrant qu&rsquo;il peut \u00eatre restaur\u00e9, le minist\u00e8re n&rsquo;a pas accord\u00e9 de protection d\u00e9finitive, un \u00abvirage \u00e0 180 degr\u00e9s\u00bb, selon Amel Meddeb. Pourtant, lors de r\u00e9unions entre les autorit\u00e9s, les architectes et Lafico, \u00abune proposition tr\u00e8s int\u00e9ressante avait \u00e9t\u00e9 discut\u00e9e en septembre 2024 pr\u00e9voyant une extension en gardant la structure originelle\u00bb, affirme l&rsquo;experte.<\/p>\n<p>Pour Gabriele Neri, historien de l&rsquo;architecture au Polytechnique de Turin, \u00abil faut faire preuve de vision. Ces b\u00e2timents, qui ont 50 ans et en auront bient\u00f4t 60 ou 100, sont les t\u00e9moins d&rsquo;\u00e9poques tr\u00e8s importantes.\u00bb L&rsquo;H\u00f4tel du Lac est le principal symbole en Tunisie du contexte g\u00e9opolitique des ind\u00e9pendances africaines, \u00abquand Bourguiba et ses homologues voulaient se donner une nouvelle image, moderne et ouverte \u00e0 l&rsquo;international\u00bb. Ce fut aussi une prouesse d&rsquo;ing\u00e9nierie, avec sa base plus petite que le haut et sa charpente m\u00e9tallique venue d&rsquo;Autriche, souligne l&rsquo;historien, pr\u00e9conisant de conserver tout ce qui peut l&rsquo;\u00eatre.<\/p>\n<p>Cin\u00e9ma: <a href=\"https:\/\/www.letemps.ch\/articles\/the-brutalist-ou-la-brutalite-de-l-histoire-exposee-a-travers-le-destin-d-un-rescape-de-la-shoah\" target=\"_blank\" rel=\"noopener\">\u00abThe Brutalist\u00bb, ou la brutalit\u00e9 de l&rsquo;Histoire expos\u00e9e \u00e0 travers le destin d&rsquo;un rescap\u00e9 de la Shoah<\/a>  <\/p>\n<p>Et de poursuivre qu&rsquo;il s&rsquo;agit de \u00abse r\u00e9approprier et valoriser l&rsquo;architecture de la deuxi\u00e8me moiti\u00e9 du XXe si\u00e8cle. \u00abEn Ouzb\u00e9khistan, d&rsquo;o\u00f9 je reviens, les autorit\u00e9s ont entrepris de faire classer \u00e0 l&rsquo;Unesco les monuments sovi\u00e9tiques des ann\u00e9es 1970-1980.\u00bb Pour l&rsquo;expert, avec la vogue du brutalisme, objet de films comme The Brutalist, de documentaires ou guides, l&rsquo;H\u00f4tel du Lac pourrait devenir une attraction pour un tourisme culturel de haut niveau.<\/p>\n","protected":false},"excerpt":{"rendered":"La l\u00e9gende dit qu&rsquo;il aurait inspir\u00e9 George Lucas pour un vaisseau de Star Wars: l&rsquo;H\u00f4tel du Lac de&hellip;\n","protected":false},"author":2,"featured_media":354605,"comment_status":"","ping_status":"","sticky":false,"template":"","format":"standard","meta":{"footnotes":""},"categories":[1358],"tags":[1350,1348,1384,1385,1386,58,59,1011,27,4438,3496],"class_list":{"0":"post-354604","1":"post","2":"type-post","3":"status-publish","4":"format-standard","5":"has-post-thumbnail","7":"category-arts-et-design","8":"tag-architecture","9":"tag-arts","10":"tag-arts-and-design","11":"tag-arts-et-design","12":"tag-design","13":"tag-divertissement","14":"tag-entertainment","15":"tag-fr","16":"tag-france","17":"tag-free","18":"tag-turquie"},"share_on_mastodon":{"url":"https:\/\/pubeurope.com\/@fr\/115117869165772965","error":""},"_links":{"self":[{"href":"https:\/\/www.europesays.com\/fr\/wp-json\/wp\/v2\/posts\/354604","targetHints":{"allow":["GET"]}}],"collection":[{"href":"https:\/\/www.europesays.com\/fr\/wp-json\/wp\/v2\/posts"}],"about":[{"href":"https:\/\/www.europesays.com\/fr\/wp-json\/wp\/v2\/types\/post"}],"author":[{"embeddable":true,"href":"https:\/\/www.europesays.com\/fr\/wp-json\/wp\/v2\/users\/2"}],"replies":[{"embeddable":true,"href":"https:\/\/www.europesays.com\/fr\/wp-json\/wp\/v2\/comments?post=354604"}],"version-history":[{"count":0,"href":"https:\/\/www.europesays.com\/fr\/wp-json\/wp\/v2\/posts\/354604\/revisions"}],"wp:featuredmedia":[{"embeddable":true,"href":"https:\/\/www.europesays.com\/fr\/wp-json\/wp\/v2\/media\/354605"}],"wp:attachment":[{"href":"https:\/\/www.europesays.com\/fr\/wp-json\/wp\/v2\/media?parent=354604"}],"wp:term":[{"taxonomy":"category","embeddable":true,"href":"https:\/\/www.europesays.com\/fr\/wp-json\/wp\/v2\/categories?post=354604"},{"taxonomy":"post_tag","embeddable":true,"href":"https:\/\/www.europesays.com\/fr\/wp-json\/wp\/v2\/tags?post=354604"}],"curies":[{"name":"wp","href":"https:\/\/api.w.org\/{rel}","templated":true}]}}