{"id":354608,"date":"2025-08-30T13:08:09","date_gmt":"2025-08-30T13:08:09","guid":{"rendered":"https:\/\/www.europesays.com\/fr\/354608\/"},"modified":"2025-08-30T13:08:09","modified_gmt":"2025-08-30T13:08:09","slug":"on-ne-me-reverra-jamais-fauve-hautot-lannonce-qui-va-decevoir-les-fans-de-danse-avec-les-stars","status":"publish","type":"post","link":"https:\/\/www.europesays.com\/fr\/354608\/","title":{"rendered":"On ne me reverra jamais&#8230;\u00a0\u00bb : Fauve Hautot, l&rsquo;annonce qui va d\u00e9cevoir les fans de \u00ab\u00a0Danse avec les stars"},"content":{"rendered":"<p>      R\u00e9sum\u00e9<\/p>\n<p>Fauve Hautot annonce qu&rsquo;elle ne dansera plus dans \u00ab\u00a0Danse avec les stars\u00a0\u00bb mais poursuivra son r\u00f4le de jur\u00e9e, souhaitant une trajectoire professionnelle plus intime \u00e0 39 ans.<\/p>\n<p>        Sommaire<\/p>\n<p><strong>Elle ne reviendra pas en arri\u00e8re<\/strong>. Dans une interview qu&rsquo;elle a accord\u00e9e \u00e0 Paris Match, Fauve Hautot \u00e9voque <a href=\"https:\/\/vsd.fr\/86483-danse-avec-les-stars-fauve-hautot-nen-a-plus-du-tout-envie\/\" target=\"_blank\" rel=\"noopener\">son avenir \u00e0 Danse avec les stars<\/a>. L&rsquo;\u00e9mission qui l&rsquo;a r\u00e9v\u00e9l\u00e9e au grand public en f\u00e9vrier 2011 sera bient\u00f4t de retour pour une nouvelle saison, mais pas question pour Fauve Hautot de de nouveau fouler le parquet. Comme elle l&rsquo;a r\u00e9v\u00e9l\u00e9 \u00e0 nos confr\u00e8res, <strong>la danseuse acceptera \u00e0 nouveau d&rsquo;\u00eatre jur\u00e9e<\/strong>, mais a d\u00e9finitivement tourn\u00e9 la page de sa carri\u00e8re de danseuse dans l&rsquo;\u00e9mission !<\/p>\n<p>\u00ab\u00a0<strong>J\u2019en ai fait le tour. C\u2019\u00e9tait extraordinaire, mais aujourd\u2019hui j\u2019ai 39 ans<\/strong>. J\u2019ai envie d\u2019une trajectoire plus intime\u00a0\u00bb a ainsi d\u00e9voil\u00e9 Fauve Hautot. La jeune femme, actuellement \u00e0 l&rsquo;affiche de la mini-s\u00e9rie Rien ne t&rsquo;efface aux c\u00f4t\u00e9s de Gwendoline Hamon et Benjamin Baroche, ne remportera donc pas <strong>un cinqui\u00e8me troph\u00e9e <\/strong>dans DALS.<\/p>\n<p>Fauve Hautot ne battra pas la record de Denitsa<\/p>\n<p>Fauve Hautot a effectivement un parcours atypique dans DALS. Elle a d&rsquo;abord \u00e9t\u00e9 danseuse lors des cinq premiers saisons, <strong>avant de rejoindre le jury lors des saisons 6, 7 et 8<\/strong>. Elle a ensuite de nouveau retrouv\u00e9 le parquet de la saison 9 \u00e0 la saison 12, puis est retourn\u00e9e dans le jury.<\/p>\n<p>Apr\u00e8s avoir fait danser <strong>Jean-Marie Bigard<\/strong> et <strong>Baptiste Giabiconi<\/strong> lors des saisons 1 et 2, elle a remport\u00e9 la saison 3 aux c\u00f4t\u00e9s d&rsquo;Emmanuel Moire. Elle a ensuite dans\u00e9 avec Keen&rsquo;V et <a href=\"https:\/\/www.public.fr\/diaporamas\/photos-miguel-angel-munoz-discret-retour-en-france-apres-l-aventure-danse-avec-les-stars\" target=\"_blank\" rel=\"noopener\">Miguel Angel Munoz<\/a>, puis a fait son retour en 2018 avec Terence Telle. Enfin, ses trois derni\u00e8res saisons se sont toutes sold\u00e9es par une victoire, d&rsquo;abord aux c\u00f4t\u00e9s de <strong>Sami El Gueddari, puis Tayc, et enfin Billy Crawford<\/strong>.<\/p>\n<p>D\u00e9sormais jur\u00e9e de DALS, Fauve Hautot devrait rempiler l&rsquo;an prochain pour une nouvelle saison. Questionn\u00e9e sur l&rsquo;avenir du jury par la presse il y a quelques semaines, la direction de TF1 a en effet assur\u00e9 que <strong>celui-ci ne bougerait pas<\/strong>. Si tel est le cas, ce serait la premi\u00e8re fois dans l&rsquo;histoire de l&rsquo;\u00e9mission qu&rsquo;un jury reste inchang\u00e9 pendant trois saisons. Fauve Hautot ferait une nouvelle fois \u00e9quipe avec <a href=\"https:\/\/www.public.fr\/mel-charlot-danse-avec-les-stars-ce-commentaire-a-lenie-na-pas-du-tout-plu-a-camille-combal\" target=\"_blank\" rel=\"noopener\">Mel Charlot<\/a>, break-danseuse am\u00e9ricaine, <strong>Jean-Marc G\u00e9n\u00e9reux<\/strong>, et enfin <strong>Chris Marques<\/strong>.<\/p>\n<p>      Mentionn\u00e9s dans cet article<\/p>\n<p>      Sur le m\u00eame sujet<\/p>\n","protected":false},"excerpt":{"rendered":"R\u00e9sum\u00e9 Fauve Hautot annonce qu&rsquo;elle ne dansera plus dans \u00ab\u00a0Danse avec les stars\u00a0\u00bb mais poursuivra son r\u00f4le de&hellip;\n","protected":false},"author":2,"featured_media":354609,"comment_status":"","ping_status":"","sticky":false,"template":"","format":"standard","meta":{"footnotes":""},"categories":[1356],"tags":[194,58,59,4828,1011,27,252,1364],"class_list":{"0":"post-354608","1":"post","2":"type-post","3":"status-publish","4":"format-standard","5":"has-post-thumbnail","7":"category-television","8":"tag-danse-avec-les-stars","9":"tag-divertissement","10":"tag-entertainment","11":"tag-fauve-hautot","12":"tag-fr","13":"tag-france","14":"tag-television","15":"tag-tv"},"share_on_mastodon":{"url":"https:\/\/pubeurope.com\/@fr\/115117877033728750","error":""},"_links":{"self":[{"href":"https:\/\/www.europesays.com\/fr\/wp-json\/wp\/v2\/posts\/354608","targetHints":{"allow":["GET"]}}],"collection":[{"href":"https:\/\/www.europesays.com\/fr\/wp-json\/wp\/v2\/posts"}],"about":[{"href":"https:\/\/www.europesays.com\/fr\/wp-json\/wp\/v2\/types\/post"}],"author":[{"embeddable":true,"href":"https:\/\/www.europesays.com\/fr\/wp-json\/wp\/v2\/users\/2"}],"replies":[{"embeddable":true,"href":"https:\/\/www.europesays.com\/fr\/wp-json\/wp\/v2\/comments?post=354608"}],"version-history":[{"count":0,"href":"https:\/\/www.europesays.com\/fr\/wp-json\/wp\/v2\/posts\/354608\/revisions"}],"wp:featuredmedia":[{"embeddable":true,"href":"https:\/\/www.europesays.com\/fr\/wp-json\/wp\/v2\/media\/354609"}],"wp:attachment":[{"href":"https:\/\/www.europesays.com\/fr\/wp-json\/wp\/v2\/media?parent=354608"}],"wp:term":[{"taxonomy":"category","embeddable":true,"href":"https:\/\/www.europesays.com\/fr\/wp-json\/wp\/v2\/categories?post=354608"},{"taxonomy":"post_tag","embeddable":true,"href":"https:\/\/www.europesays.com\/fr\/wp-json\/wp\/v2\/tags?post=354608"}],"curies":[{"name":"wp","href":"https:\/\/api.w.org\/{rel}","templated":true}]}}