{"id":354614,"date":"2025-08-30T13:11:12","date_gmt":"2025-08-30T13:11:12","guid":{"rendered":"https:\/\/www.europesays.com\/fr\/354614\/"},"modified":"2025-08-30T13:11:12","modified_gmt":"2025-08-30T13:11:12","slug":"considere-comme-un-complice-du-cancer-cet-organe-meconnu-inquiete-les-medecins","status":"publish","type":"post","link":"https:\/\/www.europesays.com\/fr\/354614\/","title":{"rendered":"Consid\u00e9r\u00e9 comme un \u00ab\u00a0complice du cancer\u00a0\u00bb, cet organe m\u00e9connu inqui\u00e8te les m\u00e9decins"},"content":{"rendered":"<p>Quand on \u00e9voque <strong>une maladie grave comme le<br \/>\ncancer,<\/strong> certains organes reviennent imm\u00e9diatement \u00e0<br \/>\nl\u2019esprit. Mais d\u2019autres, moins connus du grand public, pourraient<br \/>\njouer un r\u00f4le tout aussi d\u00e9terminant dans l\u2019\u00e9volution de la<br \/>\npathologie.<\/p>\n<p>Une enqu\u00eate relay\u00e9e par <a href=\"https:\/\/www.sudinfo.be\/id1032994\/article\/2025-08-28\/un-complice-du-cancer-un-organe-meconnu-du-corps-peut-servir-de-refuge-la\" target=\"_blank\" rel=\"nofollow noopener\">Sud Info<\/a><br \/>\nmontre qu\u2019un acteur invisible, longtemps n\u00e9glig\u00e9 par la recherche,<br \/>\nfait aujourd\u2019hui l\u2019objet d\u2019une attention particuli\u00e8re de la part<br \/>\ndes sp\u00e9cialistes. Et pour cause : il pourrait \u00eatre l\u2019<strong>un des<br \/>\nmaillons faibles de la lutte contre la progression de certains<br \/>\ncancers<\/strong>, avec des cons\u00e9quences redout\u00e9es.<\/p>\n<p>Le p\u00e9ritoine, un organe cl\u00e9 souvent oubli\u00e9 dans le cancer<br \/>\ncolorectal<\/p>\n<p>\u00ab Cette partie du corps peut devenir une complice du cancer<br \/>\n\u00bb, avertit le m\u00e9decin-chercheur Jesse Demuytere, de<br \/>\nl\u2019Universit\u00e9 de Gand. Avec le sp\u00e9cialiste Luc Colemont, il alerte<br \/>\nsur l\u2019importance de mieux comprendre le r\u00f4le du p\u00e9ritoine dans<br \/>\n<a href=\"https:\/\/www.mariefrance.fr\/insolite\/pere-gueri-cancer-decouvre-gagne-euromillions-filme-annonce-fils-video-bouleversante-1194210.html\" target=\"_blank\" rel=\"noopener nofollow\">le cancer colorectal<\/a>. Chez un<br \/>\npatient sur dix, <strong>les m\u00e9tastases issues de cette maladie se<br \/>\nlogent dans cet organe discret<\/strong>, mais essentiel. Pourtant,<br \/>\nle grand public associe davantage le terme \u00ab p\u00e9ritoine \u00bb \u00e0<br \/>\nla p\u00e9ritonite.<\/p>\n<p>\u00ab On ne l\u2019associe pas spontan\u00e9ment au cancer \u00bb,<br \/>\nexplique Demuytere \u00e0 nos confr\u00e8res de Het Laatste Nieuws.<br \/>\nPourtant, son r\u00f4le est majeur. Cette fine membrane, semblable \u00e0 une<br \/>\npellicule plastique, tapisse l\u2019abdomen et maintient les organes en<br \/>\nplace. Pendant longtemps, <strong>son implication dans le<br \/>\nd\u00e9veloppement de m\u00e9tastases \u00e9tait sous-estim\u00e9e<\/strong>. \u00ab Il y<br \/>\na une vingtaine d\u2019ann\u00e9es, on n\u2019y pr\u00eatait pas beaucoup d\u2019attention.<br \/>\nOn pensait que le cancer du p\u00e9ritoine \u00e9tait essentiellement li\u00e9 \u00e0<br \/>\nl\u2019amiante et donc relativement rare. Les m\u00e9tastases issues d\u2019autres<br \/>\ncancers, comme le cancer colorectal, \u00e9taient peu connues \u00bb,<br \/>\npoursuit le chercheur.<\/p>\n<p><img loading=\"lazy\" decoding=\"async\" aria-describedby=\"caption-attachment-1183695\" itemprop=\"thumbnailUrl\" class=\"size-full wp-image-1183695 img-responsive\" src=\"https:\/\/www.europesays.com\/fr\/wp-content\/uploads\/2025\/08\/shutterstock_2105530466-e1752163325569.jpg\" alt=\"Gastro-ent\u00e9rologue\" width=\"1280\" height=\"720\"\/><br \/>\n\u00a9<br \/>\nShutterstock<\/p>\n<p id=\"caption-attachment-1183695\" class=\"wp-caption-text\">De<br \/>\nnombreux facteurs peuvent favoriser l&rsquo;apparition d&rsquo;un cancer.<\/p>\n<p>Un diagnostic difficile face \u00e0 un cancer invisible<\/p>\n<p>D\u00e9sormais, les chercheurs savent que le p\u00e9ritoine est plus<br \/>\nfr\u00e9quemment touch\u00e9 qu\u2019on ne le croyait, <strong>notamment lorsque<br \/>\nla tumeur est volumineuse<\/strong>. Le probl\u00e8me, c\u2019est que ces<br \/>\nm\u00e9tastases sont parfois invisibles aux examens classiques. \u00ab<br \/>\nParfois, elles se dissimulent dans les plis de l\u2019abdomen. Il m\u2019est<br \/>\narriv\u00e9 \u00e0 plusieurs reprises de penser qu\u2019un patient pr\u00e9sentait peu<br \/>\nde m\u00e9tastases, pour finalement les d\u00e9couvrir lors de l\u2019op\u00e9ration<br \/>\n\u00bb, raconte Luc Colemont.<\/p>\n<p>Un tel constat <a href=\"https:\/\/www.mariefrance.fr\/news-people\/florent-pagny-fataliste-face-cancer-proche-donne-nouvelles-sante-rendu-compte-limmunotherapie-fonctionnait-pas-1199965.html\" target=\"_blank\" rel=\"noopener nofollow\">change radicalement le<br \/>\npronostic<\/a>. Dans ces situations, <strong>le cancer est consid\u00e9r\u00e9<br \/>\ncomme \u00e9tant au stade 4<\/strong>, un cap redout\u00e9 par les malades et<br \/>\nles m\u00e9decins. \u00ab C\u2019est tr\u00e8s dur \u00e0 annoncer, car dans ce cas, on<br \/>\nparle d\u2019un cancer au stade 4. Et le traitement devient alors une<br \/>\ntout autre histoire \u00bb, insiste le sp\u00e9cialiste. Cette<br \/>\ndifficult\u00e9 de d\u00e9tection montre \u00e0 quel point une surveillance<br \/>\nimportante du p\u00e9ritoine pourrait am\u00e9liorer la prise en charge des<br \/>\npatients.<\/p>\n<p><img loading=\"lazy\" decoding=\"async\" aria-describedby=\"caption-attachment-1193258\" class=\"size-full wp-image-1193258 img-responsive\" src=\"https:\/\/www.europesays.com\/fr\/wp-content\/uploads\/2025\/08\/1756559472_374_femme-malade.jpg\" alt=\"Ce d\u00e9tail dans votre lit peut \u00eatre le signe d\u2019un cancer : beaucoup de femmes le minimisent, selon les m\u00e9decins\" width=\"1280\" height=\"720\"\/> \u00a9 Shutterstock<\/p>\n<p id=\"caption-attachment-1193258\" class=\"wp-caption-text\">Lorsque<br \/>\nles m\u00e9tastases sont d\u00e9couvertes, il s&rsquo;agit alors d&rsquo;un cancer de<br \/>\nstade 4.<\/p>\n<p>Des traitements lourds, mais porteurs<br \/>\nd\u2019espoir face au cancer<\/p>\n<p>Mais aujourd\u2019hui, des solutions existent. \u00ab Tout d\u00e9pend de<br \/>\nl\u2019origine du cancer et de son stade \u00bb, explique Jesse<br \/>\nDemuytere. Parmi les techniques d\u00e9velopp\u00e9es figure l\u2019administration<br \/>\nd\u2019<strong>une chimioth\u00e9rapie sous forme d\u2019a\u00e9rosol directement dans<br \/>\nl\u2019abdomen, gr\u00e2ce \u00e0 la laparoscopi<\/strong>e. Cette approche cible<br \/>\nde mani\u00e8re plus efficace les zones atteintes. Une autre m\u00e9thode<br \/>\nconsiste \u00e0 retirer les nodules visibles puis \u00e0 rincer la cavit\u00e9<br \/>\nabdominale avec <a href=\"https:\/\/www.mariefrance.fr\/actualite\/societe\/suis-courageux-peux-faire-video-petit-garcon-5-ans-frappe-cancer-bouleverse-toile-1197996.html\" target=\"_blank\" rel=\"noopener nofollow\">une chimioth\u00e9rapie chauff\u00e9e<\/a>,<br \/>\nafin de r\u00e9duire les risques de r\u00e9cidive. \u00ab Ces techniques ne<br \/>\ngarantissent pas une gu\u00e9rison, mais elles peuvent \u00eatre tr\u00e8s<br \/>\nefficaces \u00bb, souligne Luc Colemont. \u00ab Je connais des personnes<br \/>\nop\u00e9r\u00e9es il y a plusieurs ann\u00e9es qui sont encore en vie aujourd\u2019hui.<br \/>\n\u00bb<\/p>\n<blockquote class=\"twitter-tweet\"><p><a class=\"twitter-link\" rel=\"noindex, nofollow noopener\" href=\"https:\/\/twitter.com\/mariefrancemag\/status\/1961377967323419071\" target=\"_blank\"><\/p><\/blockquote>\n<p>Ces traitements lourds montrent les progr\u00e8s r\u00e9alis\u00e9s. Mais, ils<br \/>\nrappellent aussi combien la lutte contre le cancer reste complexe.<br \/>\nPour les chercheurs, la priorit\u00e9 est d\u00e9sormais d\u2019anticiper et de<br \/>\nd\u00e9tecter plus t\u00f4t l\u2019atteinte du p\u00e9ritoine. Car si ce dernier est<br \/>\nsurveill\u00e9 avec plus d\u2019attention, <strong>il pourrait cesser d\u2019\u00eatre<br \/>\nun complice invisible du cancer<\/strong>. Il deviendrait alors un<br \/>\npoint d\u2019appui dans la bataille contre la maladie.<\/p>\n<p><script async src=\"https:\/\/platform.twitter.com\/widgets.js\" charset=\"utf-8\"><\/script><\/p>\n","protected":false},"excerpt":{"rendered":"Quand on \u00e9voque une maladie grave comme le cancer, certains organes reviennent imm\u00e9diatement \u00e0 l\u2019esprit. Mais d\u2019autres, moins&hellip;\n","protected":false},"author":2,"featured_media":354615,"comment_status":"","ping_status":"","sticky":false,"template":"","format":"standard","meta":{"footnotes":""},"categories":[10],"tags":[1011,27,72,71],"class_list":{"0":"post-354614","1":"post","2":"type-post","3":"status-publish","4":"format-standard","5":"has-post-thumbnail","7":"category-sante","8":"tag-fr","9":"tag-france","10":"tag-health","11":"tag-sante"},"share_on_mastodon":{"url":"https:\/\/pubeurope.com\/@fr\/115117888862171767","error":""},"_links":{"self":[{"href":"https:\/\/www.europesays.com\/fr\/wp-json\/wp\/v2\/posts\/354614","targetHints":{"allow":["GET"]}}],"collection":[{"href":"https:\/\/www.europesays.com\/fr\/wp-json\/wp\/v2\/posts"}],"about":[{"href":"https:\/\/www.europesays.com\/fr\/wp-json\/wp\/v2\/types\/post"}],"author":[{"embeddable":true,"href":"https:\/\/www.europesays.com\/fr\/wp-json\/wp\/v2\/users\/2"}],"replies":[{"embeddable":true,"href":"https:\/\/www.europesays.com\/fr\/wp-json\/wp\/v2\/comments?post=354614"}],"version-history":[{"count":0,"href":"https:\/\/www.europesays.com\/fr\/wp-json\/wp\/v2\/posts\/354614\/revisions"}],"wp:featuredmedia":[{"embeddable":true,"href":"https:\/\/www.europesays.com\/fr\/wp-json\/wp\/v2\/media\/354615"}],"wp:attachment":[{"href":"https:\/\/www.europesays.com\/fr\/wp-json\/wp\/v2\/media?parent=354614"}],"wp:term":[{"taxonomy":"category","embeddable":true,"href":"https:\/\/www.europesays.com\/fr\/wp-json\/wp\/v2\/categories?post=354614"},{"taxonomy":"post_tag","embeddable":true,"href":"https:\/\/www.europesays.com\/fr\/wp-json\/wp\/v2\/tags?post=354614"}],"curies":[{"name":"wp","href":"https:\/\/api.w.org\/{rel}","templated":true}]}}