{"id":354618,"date":"2025-08-30T13:13:10","date_gmt":"2025-08-30T13:13:10","guid":{"rendered":"https:\/\/www.europesays.com\/fr\/354618\/"},"modified":"2025-08-30T13:13:10","modified_gmt":"2025-08-30T13:13:10","slug":"tout-beau-tout-n9uf-w9-avance-lheure-de-programmation-de-la-premiere-de-cyril-hanouna-lundi","status":"publish","type":"post","link":"https:\/\/www.europesays.com\/fr\/354618\/","title":{"rendered":"\u00ab\u00a0Tout beau tout n9uf\u00a0\u00bb : W9 avance l\u2019heure de programmation de la premi\u00e8re de Cyril Hanouna lundi"},"content":{"rendered":"<p>            <img loading=\"lazy\" decoding=\"async\" src=\"https:\/\/www.europesays.com\/fr\/wp-content\/uploads\/2025\/04\/87-65fc4537aa4a1-35x35-1.jpg\" class=\"author-article-picture\" width=\"35\" height=\"35\"\/><\/p>\n<p>                Par<br \/>\n                                    <a class=\"author-article-bio-link\" href=\"https:\/\/www.ozap.com\/auteur\/olivier-cortinovis_a87\" rel=\"nofollow noopener\" target=\"_blank\">Olivier Cortinovis<\/a><br \/>\n                                                    | Journaliste<\/p>\n<p>\n                Sportif frustr\u00e9 (les ligaments crois\u00e9s tu connais\u2026) qui a choisi le journalisme pour tacler ceux qui ont r\u00e9ussi. Mon volume de jeu me permet aujourd\u2019hui de couvrir toujours autant de terrain, des grands shows de la TNT (Koh-Lanta, Star Academy, P\u00e9kin Express) aux s\u00e9ries les plus confidentielles sur Netflix. Avec un seul credo dans la musette : celui de raconter des histoires avec de l\u2019humain et un peu d\u2019humour dedans\n            <\/p>\n<p>\n    Initialement pr\u00e9vu \u00e0 18h45, le nouveau talk-show de la recrue du groupe M6 d\u00e9butera vingt minutes avant par un happening en ext\u00e9rieur.\n<\/p>\n<p>                            <img loading=\"lazy\" decoding=\"async\" class=\"player-thumbnail\" src=\"https:\/\/www.europesays.com\/fr\/wp-content\/uploads\/2025\/08\/125a91dd7463ffe3-580x326-2.jpg\" width=\"580\" height=\"326\"\/><\/p>\n<p>                    Cyril Hanouna annonce son arriv\u00e9e sur W9 d\u00e8s le 1er septembre 2025. \u00a9 Jack TRIBECA \/ Bestimage\/W9<\/p>\n<p>La suite apr\u00e8s la publicit\u00e9<\/p>\n<p>Le rendez-vous est tr\u00e8s attendu. Depuis le d\u00e9but du mois d&rsquo;ao\u00fbt, <a href=\"https:\/\/www.ozap.com\/personnalite\/cyril-hanouna_e1631\" rel=\"nofollow noopener\" target=\"_blank\">Cyril Hanouna<\/a> joue avec les nerfs de ses fans en d\u00e9voilant au compte-gouttes le contenu et le d\u00e9roul\u00e9 de <a href=\"https:\/\/www.ozap.com\/actu\/comme-toutes-les-grandes-premieres-cyril-hanouna-en-dit-plus-sur-la-premiere-de-tout-beau-tout-n9uf-sur-w9\/651146\" rel=\"nofollow noopener\" target=\"_blank\">son talk-show pr\u00e9vu sur W9<\/a>. La premi\u00e8re de \u00ab\u00a0Tout beau, tout n9uf\u00a0\u00bb, qui s&rsquo;inscrira dans la lign\u00e9e de \u00ab\u00a0Tout le monde veut prendre sa place\u00a0\u00bb, est <a href=\"https:\/\/www.ozap.com\/actu\/arrivee-de-cyril-hanouna-w9-recule-l-heure-de-lancement-de-ses-prime-time-des-le-1er-septembre\/651166\" rel=\"nofollow noopener\" target=\"_blank\">pr\u00e9vue pour le lundi 1er septembre<\/a>, \u00e0 partir de 18h25. Initialement programm\u00e9s \u00e0 18h45, juste apr\u00e8s <a href=\"https:\/\/www.ozap.com\/actu\/en-prevision-de-larrivee-de-cyril-hanouna-qui-heritera-de-la-case-le-1er-septembre-w9-lance-la-saison-4-des-cinquante-des-le-18-aout\/650996\" rel=\"nofollow noopener\" target=\"_blank\">la diffusion de l&rsquo;\u00e9pisode quotidien des \u00ab\u00a0Cinquante\u00a0\u00bb<\/a>, les d\u00e9buts du trublion sur sa nouvelle cha\u00eene ont \u00e9t\u00e9 avanc\u00e9s de 20 minutes. Le concern\u00e9 l&rsquo;a lui m\u00eame annonc\u00e9 sur X, \u00e0 trois jours du coup d&rsquo;envoi. \u00ab\u00a0Lundi les ch\u00e9ris je serai l\u00e0 d\u00e8s 18h25 ! H\u00e2te de vous retrouver\u00a0\u00bb, a signal\u00e9 l&rsquo;animateur \u00e0 ses fanzouzes. Cette partie exceptionnelle s&rsquo;intitulera \u00ab\u00a0Tout beau, tout n9uf, \u00e7a commence\u00a0\u00bb.<\/p>\n<p>\u00ab\u00a0Un happening ext\u00e9rieur\u00a0\u00bb pour commencer ?<\/p>\n<p>Selon les informations de \u00ab\u00a0T\u00e9l\u00e9-Loisirs\u00a0\u00bb, le chef de bande pr\u00e9parerait un happening en ext\u00e9rieur avec son \u00e9quipe de chroniqueurs, comme il en avait l&rsquo;habitude du temps de feu-C8. Une confirmation suppl\u00e9mentaire que ce rendez-vous <a href=\"https:\/\/www.ozap.com\/actu\/concept-date-chroniqueurs-cyril-hanouna-lache-plusieurs-informations-sur-ses-futures-emissions-dans-le-groupe-m6\/650374\" rel=\"nofollow noopener\" target=\"_blank\">garderait l&rsquo;ADN de \u00ab\u00a0TPMP\u00a0\u00bb<\/a>, comme l&rsquo;avait soulign\u00e9 \u00ab\u00a0Baba\u00a0\u00bb sur les r\u00e9seaux sociaux. \u00ab\u00a0Avec les audiences que l&rsquo;on faisait sur TPMP, vous croyez vraiment que je vais tout changer ? Vivement la rentr\u00e9e !\u00a0\u00bb, avait-il rappel\u00e9 au sujet de son show, \u00ab\u00a0pens\u00e9 comme un feuilleton\u00a0\u00bb. \u00ab\u00a0\u00c7a va ressembler \u00e9norm\u00e9ment \u00e0 ce que l&rsquo;on faisait avant, avec beaucoup de divertissements, de d\u00e9bats, de rigolade\u00a0\u00bb, avait \u00e9galement assur\u00e9 le fanfaron sur Europe 1. Son cerveau fertile a n\u00e9anmoins imagin\u00e9 des nouveaut\u00e9s qui feront souffler un vent de fra\u00eecheur sur son futur programme.<\/p>\n<blockquote class=\"twitter-tweet\">\n<p lang=\"fr\" dir=\"ltr\">Tic-tac tic-tac \u23f3J-3 <br \/>Lundi les ch\u00e9ris je serai l\u00e0 d\u00e8s 18h25 ! Hate de vous retrouver \ud83e\udd70\ud83e\udd70\ud83e\udd70<\/p>\n<p>\u2014 Cyril Hanouna (@Cyrilhanouna) <a href=\"https:\/\/twitter.com\/Cyrilhanouna\/status\/1961436214151590213?ref_src=twsrc%5Etfw\" rel=\"nofollow noopener\" target=\"_blank\">August 29, 2025<\/a><\/p><\/blockquote>\n<p>A lire aussi : <a href=\"https:\/\/www.ozap.com\/actu\/je-suis-a-10-000-km-c-est-un-peu-complique-jean-michel-maire-annonce-qu-il-ne-participera-pas-a-tout-beau-tout-neuf-la-nouvelle-emission-de-cyril-hanouna-sur-w9\/651211\" rel=\"nofollow noopener\" target=\"_blank\"><strong>\u00ab\u00a0Je suis \u00e0 10.000 km, c\u2019est un peu compliqu\u00e9\u00a0\u00bb : Jean-Michel Maire annonce qu\u2019il ne participera pas \u00e0 \u00ab\u00a0Tout beau tout neuf\u00a0\u00bb, la nouvelle \u00e9mission de Cyril Hanouna sur W9<\/strong><\/a><\/p>\n<p>Quels chroniqueurs autour de la table pour la premi\u00e8re ?<\/p>\n<p>\u00c0 quelques jours du grand lancement de \u00ab\u00a0Tout beau, tout n9uf\u00a0\u00bb, Cyril Hanouna a souhait\u00e9 peaufiner les derniers r\u00e9glages et <a href=\"https:\/\/www.ozap.com\/actu\/valerie-benaim-geraldine-maillet-raymond-cyril-hanouna-revele-le-casting-de-chroniqueurs-pour-la-premiere-de-tout-beau-tout-neuf\/651131\" rel=\"nofollow noopener\" target=\"_blank\">valider l&rsquo;\u00e9quipe de chroniqueurs<\/a> qui officiera autour de la table tout au long de la saison. Au lendemain de ces r\u00e9p\u00e9titions, le roi des audiences a exprim\u00e9 son enthousiasme sur les r\u00e9seaux sociaux quant au tournage de ce num\u00e9ro z\u00e9ro. \u00ab\u00a0Les ch\u00e9ris, on a test\u00e9 beaucoup de monde, plus de 35 personnes. C&rsquo;\u00e9tait la folie\u00a0\u00bb, a-t-il pr\u00e9cis\u00e9, bien myst\u00e9rieux sur l&rsquo;identit\u00e9 des d\u00e9batteurs. M\u00eal\u00e9es aux piliers embl\u00e9matiques (G\u00e9raldine Maillet, Val\u00e9rie B\u00e9na\u00efm, Raymond Aabou), <a href=\"https:\/\/www.ozap.com\/actu\/nelson-monfort-marlene-schiappa-luis-fernandez-cyril-hanouna-a-teste-35-chroniqueurs-pour-rejoindre-tout-beau-tout-n9euf-sur-w9\/651369\" rel=\"nofollow noopener\" target=\"_blank\">de nouvelles personnalit\u00e9s ont \u00e9t\u00e9 test\u00e9es<\/a> au cours de l&rsquo;enregistrement de ce pilote, dont ceux de Luis Fernandez, Nelson Monfort et Marl\u00e8ne Schiappa.\u00a0<\/p>\n<p>D&rsquo;apr\u00e8s nos confr\u00e8res de \u00ab\u00a0TV Mag\u00a0\u00bb, certaines de ses nouvelles t\u00eates auraient fait tr\u00e8s bonne impression et pourraient faire partie du turnover de chroniqueurs entre historiques et recrues, souhait\u00e9 par Cyril Hanouna. Damien Canivez, Nelson Monfort, Marl\u00e8ne Schiappa, Nawarra et Tom Lef\u00e8vre seraient ainsi bien plac\u00e9s pour effectuer leurs d\u00e9buts dans la bande. Un premier \u00e9l\u00e9ment de r\u00e9ponse sera donn\u00e9 d\u00e8s lundi lors du coup d&rsquo;envoi du talk-show.<\/p>\n<p>        <script async src=\"https:\/\/platform.twitter.com\/widgets.js\" charset=\"utf-8\"><\/script><\/p>\n","protected":false},"excerpt":{"rendered":"Par Olivier Cortinovis | Journaliste Sportif frustr\u00e9 (les ligaments crois\u00e9s tu connais\u2026) qui a choisi le journalisme pour&hellip;\n","protected":false},"author":2,"featured_media":354619,"comment_status":"","ping_status":"","sticky":false,"template":"","format":"standard","meta":{"footnotes":""},"categories":[8],"tags":[58,59,1011,27],"class_list":{"0":"post-354618","1":"post","2":"type-post","3":"status-publish","4":"format-standard","5":"has-post-thumbnail","7":"category-divertissement","8":"tag-divertissement","9":"tag-entertainment","10":"tag-fr","11":"tag-france"},"share_on_mastodon":{"url":"https:\/\/pubeurope.com\/@fr\/115117896869191893","error":""},"_links":{"self":[{"href":"https:\/\/www.europesays.com\/fr\/wp-json\/wp\/v2\/posts\/354618","targetHints":{"allow":["GET"]}}],"collection":[{"href":"https:\/\/www.europesays.com\/fr\/wp-json\/wp\/v2\/posts"}],"about":[{"href":"https:\/\/www.europesays.com\/fr\/wp-json\/wp\/v2\/types\/post"}],"author":[{"embeddable":true,"href":"https:\/\/www.europesays.com\/fr\/wp-json\/wp\/v2\/users\/2"}],"replies":[{"embeddable":true,"href":"https:\/\/www.europesays.com\/fr\/wp-json\/wp\/v2\/comments?post=354618"}],"version-history":[{"count":0,"href":"https:\/\/www.europesays.com\/fr\/wp-json\/wp\/v2\/posts\/354618\/revisions"}],"wp:featuredmedia":[{"embeddable":true,"href":"https:\/\/www.europesays.com\/fr\/wp-json\/wp\/v2\/media\/354619"}],"wp:attachment":[{"href":"https:\/\/www.europesays.com\/fr\/wp-json\/wp\/v2\/media?parent=354618"}],"wp:term":[{"taxonomy":"category","embeddable":true,"href":"https:\/\/www.europesays.com\/fr\/wp-json\/wp\/v2\/categories?post=354618"},{"taxonomy":"post_tag","embeddable":true,"href":"https:\/\/www.europesays.com\/fr\/wp-json\/wp\/v2\/tags?post=354618"}],"curies":[{"name":"wp","href":"https:\/\/api.w.org\/{rel}","templated":true}]}}