{"id":35464,"date":"2025-04-19T03:07:14","date_gmt":"2025-04-19T03:07:14","guid":{"rendered":"https:\/\/www.europesays.com\/fr\/35464\/"},"modified":"2025-04-19T03:07:14","modified_gmt":"2025-04-19T03:07:14","slug":"que-va-faire-le-maire-de-bordeaux-pierre-hurmic-en-voyage-a-los-angeles","status":"publish","type":"post","link":"https:\/\/www.europesays.com\/fr\/35464\/","title":{"rendered":"Que va faire le maire de Bordeaux, Pierre Hurmic, en voyage \u00e0 Los Angeles\u00a0?"},"content":{"rendered":"<p>            Par<br \/>\n        <strong><br \/>\n            <a href=\"https:\/\/actu.fr\/auteur\/redaction-bordeaux\" title=\"Consulter tous les articles de R\u00e9daction Bordeaux\" target=\"_blank\" rel=\"noopener\">R\u00e9daction Bordeaux<\/a><br \/>\n        <\/strong><\/p>\n<p>        Publi\u00e9 le<\/p>\n<p>            18 avr. 2025 \u00e0 19h32        <\/p>\n<p>Le maire \u00e9cologiste de Bordeaux <strong>part en voyage \u00e0 Los Angeles<\/strong> pendant cinq jours, du lundi 21 au vendredi 25 avril 2025. Pour comprendre les raisons de ce voyage, il faut d\u2019abord rappeler que les deux villes sont jumel\u00e9es depuis plus de 60 ans.\u00a0<\/p>\n<p class=\" wall-content\">L\u2019id\u00e9e est donc de renforcer les liens entre les deux villes et pour le faire, <a href=\"https:\/\/actu.fr\/tag\/pierre-hurmic\" target=\"_blank\" rel=\"noopener\">Pierre Hurmic<\/a> part accompagn\u00e9 \u00ab\u00a0d\u2019acteurs locaux des mondes de l\u2019innovation, de l\u2019enseignement sup\u00e9rieur, du vin et du tourisme\u00a0\u00bb. Un rapprochement crucial, alors que <a href=\"https:\/\/actu.fr\/monde\/donald-trump-annonce-de-tres-lourdes-taxes-douanieres-de-20-pour-l-union-europeenne-voici-ce-que-ca-signifie_62459011.html\" target=\"_blank\" rel=\"noopener\">les relations \u00e9conomiques entre la France et l\u2019Union Europ\u00e9enne sont tendues<\/a>.<\/p>\n<p>\u00ab\u00a0Chaos environnemental et social\u00a0\u00bb<\/p>\n<p class=\" wall-content\">Le maire de Bordeaux est r\u00e9aliste : lors du dernier conseil municipal, il expliquait que \u00ab\u00a0Los Angeles est tr\u00e8s concern\u00e9e par les d\u00e9g\u00e2ts occasionn\u00e9s par la politique du 47\u00e8me pr\u00e9sident des USA [Donald Trump, ndlr], et par <strong>le risque d\u2019augmentation du chaos environnemental et social\u00a0\u00bb<\/strong>.<\/p>\n<p class=\" wall-content\">Pierre Hurmic souligne que l\u2019exp\u00e9rience de Bordeaux en mati\u00e8re de transition \u00e9cologique \u00ab\u00a0int\u00e9resse Los Angeles et sa maire d\u00e9mocrate Karen Bass\u00a0\u00bb. Les \u00e9diles devraient notamment aborder <a href=\"https:\/\/actu.fr\/monde\/megafeux-en-californie-des-milliers-de-pompiers-luttent-contre-le-plus-grand-incendie-de-l-annee_61420900.html\" target=\"_blank\" rel=\"noopener\">la pression des m\u00e9gafeux,<\/a> \u00ab\u00a0subie \u00e0 diff\u00e9rente \u00e9chelle\u00a0\u00bb.\u00a0<\/p>\n<p>Consulat des \u00c9tats-Unis \u00e0 Bordeaux<\/p>\n<p class=\" wall-content\">D\u00e9but mars 2025, Donald Trump avait annonc\u00e9 <a href=\"https:\/\/actu.fr\/nouvelle-aquitaine\/bordeaux_33063\/donald-trump-veut-fermer-le-consulat-des-etats-unis-de-bordeaux-malgre-sa-riche-histoire_62323801.html\" target=\"_blank\" rel=\"noopener\">la fermeture potentielle du consulat des \u00c9tats-Unis \u00e0 Bordeaux<\/a>.<\/p>\n<p>Vid\u00e9os : en ce moment sur Actu<\/p>\n<p class=\" wall-content\">\u00c0 ce propos, en amont de son voyage, le maire de Bordeaux assure que \u00ab\u00a0le constat d\u2019une situation internationale qui p\u00e8se localement est partag\u00e9\u00a0\u00bb et ajoute que la Ville \u00ab\u00a0renouvelle <strong>son souhait de maintien du consulat<\/strong> menac\u00e9 de fermeture\u00a0\u00bb.<\/p>\n<p>Le programme du maire<\/p>\n<p class=\" wall-content\">Au-del\u00e0 de rencontrer Karen Bass, l\u2019\u00e9dile bordelais visitera aussi une entreprise de structure de soutien post-incendies, l\u2019universit\u00e9 UCLA, un laboratoire de la NASA et un site d\u00e9di\u00e9 aux personnes sans abri, entre autres.\u00a0<\/p>\n<p class=\" wall-content\">Suivez toute l\u2019actualit\u00e9 de vos villes et m\u00e9dias favoris en vous inscrivant \u00e0 <a href=\"https:\/\/moncompte.actu.fr\" title=\"D\u00e9couvez Mon Actu\" rel=\"nofollow noopener\" data-trk=\"{&quot;cta&quot;:{&quot;action&quot;:&quot;https:\\\/\\\/moncompte.actu.fr&quot;,&quot;category&quot;:&quot;mon compte&quot;,&quot;from&quot;:&quot;article footer&quot;,&quot;name&quot;:&quot;Mon actu&quot;,&quot;type&quot;:&quot;cta&quot;}}\" target=\"_blank\">Mon Actu<\/a>.<\/p>\n<ul class=\"ac-article-tag wall-content\">\n<li><a href=\"https:\/\/actu.fr\/tag\/incendie-de-la-teste-de-buch\" data-trk=\"{&quot;cta&quot;:{&quot;action&quot;:&quot;Incendie de la Teste-de-Buch&quot;,&quot;category&quot;:&quot;tag&quot;,&quot;from&quot;:&quot;article footer&quot;,&quot;name&quot;:&quot;Incendie de la Teste-de-Buch&quot;,&quot;type&quot;:&quot;cta&quot;}}\" target=\"_blank\" rel=\"noopener\">#Incendie de la Teste-de-Buch<\/a><\/li>\n<li><a href=\"https:\/\/actu.fr\/tag\/pierre-hurmic\" data-trk=\"{&quot;cta&quot;:{&quot;action&quot;:&quot;Pierre Hurmic&quot;,&quot;category&quot;:&quot;tag&quot;,&quot;from&quot;:&quot;article footer&quot;,&quot;name&quot;:&quot;Pierre Hurmic&quot;,&quot;type&quot;:&quot;cta&quot;}}\" target=\"_blank\" rel=\"noopener\">#Pierre Hurmic<\/a><\/li>\n<\/ul>\n","protected":false},"excerpt":{"rendered":"Par R\u00e9daction Bordeaux Publi\u00e9 le 18 avr. 2025 \u00e0 19h32 Le maire \u00e9cologiste de Bordeaux part en voyage&hellip;\n","protected":false},"author":2,"featured_media":35465,"comment_status":"","ping_status":"","sticky":false,"template":"","format":"standard","meta":{"footnotes":""},"categories":[2817],"tags":[1111,11,1997,1777,674,1011,27,11494,12,2219,4860,25,104],"class_list":{"0":"post-35464","1":"post","2":"type-post","3":"status-publish","4":"format-standard","5":"has-post-thumbnail","7":"category-bordeaux","8":"tag-actu","9":"tag-actualites","10":"tag-bordeaux","11":"tag-eu","12":"tag-europe","13":"tag-fr","14":"tag-france","15":"tag-incendie-de-la-teste-de-buch","16":"tag-news","17":"tag-nouvelle-aquitaine","18":"tag-pierre-hurmic","19":"tag-republique-francaise","20":"tag-societe"},"share_on_mastodon":{"url":"https:\/\/pubeurope.com\/@fr\/114362426575271806","error":""},"_links":{"self":[{"href":"https:\/\/www.europesays.com\/fr\/wp-json\/wp\/v2\/posts\/35464","targetHints":{"allow":["GET"]}}],"collection":[{"href":"https:\/\/www.europesays.com\/fr\/wp-json\/wp\/v2\/posts"}],"about":[{"href":"https:\/\/www.europesays.com\/fr\/wp-json\/wp\/v2\/types\/post"}],"author":[{"embeddable":true,"href":"https:\/\/www.europesays.com\/fr\/wp-json\/wp\/v2\/users\/2"}],"replies":[{"embeddable":true,"href":"https:\/\/www.europesays.com\/fr\/wp-json\/wp\/v2\/comments?post=35464"}],"version-history":[{"count":0,"href":"https:\/\/www.europesays.com\/fr\/wp-json\/wp\/v2\/posts\/35464\/revisions"}],"wp:featuredmedia":[{"embeddable":true,"href":"https:\/\/www.europesays.com\/fr\/wp-json\/wp\/v2\/media\/35465"}],"wp:attachment":[{"href":"https:\/\/www.europesays.com\/fr\/wp-json\/wp\/v2\/media?parent=35464"}],"wp:term":[{"taxonomy":"category","embeddable":true,"href":"https:\/\/www.europesays.com\/fr\/wp-json\/wp\/v2\/categories?post=35464"},{"taxonomy":"post_tag","embeddable":true,"href":"https:\/\/www.europesays.com\/fr\/wp-json\/wp\/v2\/tags?post=35464"}],"curies":[{"name":"wp","href":"https:\/\/api.w.org\/{rel}","templated":true}]}}