{"id":354644,"date":"2025-08-30T13:50:49","date_gmt":"2025-08-30T13:50:49","guid":{"rendered":"https:\/\/www.europesays.com\/fr\/354644\/"},"modified":"2025-08-30T13:50:49","modified_gmt":"2025-08-30T13:50:49","slug":"les-eleves-se-preparent-deja-pour-la-rentree-avec-des-cours-pendant-la-fin-des-vacances","status":"publish","type":"post","link":"https:\/\/www.europesays.com\/fr\/354644\/","title":{"rendered":"Les \u00e9l\u00e8ves se pr\u00e9parent d\u00e9j\u00e0 pour la rentr\u00e9e avec des cours pendant la fin des vacances"},"content":{"rendered":"<p>Des stages sont organis\u00e9s cette semaine, avant la rentr\u00e9e scolaire, \u00e0 l\u2019initiative d\u2019associations comme la Peep.<\/p>\n<p>&gt;Stylos et trousses sont d\u00e9j\u00e0 sortis, une semaine tout pile avant la rentr\u00e9e scolaire, le 1er\u00a0septembre. \u00c0 la maison de la Peep, dans le quartier des Eaux-Claires, \u00e0 Grenoble, 70\u00a0\u00e9l\u00e8ves sont inscrits \u00e0 des stages de pr\u00e9-rentr\u00e9e. Par groupe de 5 ou 6, coll\u00e9giens ou lyc\u00e9ens travaillent les math\u00e9matiques ou la physique-chimie. \u00ab\u00a0C\u2019est pour ces mati\u00e8res qu\u2019il y avait le plus de demandes\u00a0\u00bb, explique Jean-Baptiste David, salari\u00e9 de la Peep \u00e0 Grenoble. L\u2019association de parents d\u2019\u00e9l\u00e8ves a mis en place ces stages de pr\u00e9-rentr\u00e9e depuis environ cinq ans, en compl\u00e9ment de l\u2019aide aux devoirs et d\u2019autres stages, le reste de l\u2019ann\u00e9e. La structure de Bourgoin-Jallieu fait de m\u00eame, ainsi que d\u2019autres associations, commeMa Chance moi aussi, \u00e0 \u00c9chirolles.<\/p>\n<p>Une remise en forme<\/p>\n<p>\u00ab\u00a0J\u2019ai un peu de difficult\u00e9 en physique-chimie, reconna\u00eet Cam\u00e9lia, venue participer \u00e0 cette session de cours. Je ne voulais pas commencer l\u2019ann\u00e9e avec un handicap.\u00a0\u00bb Comment se sent-elle de rattaquer les cours avant les autres camarades\u00a0? \u00ab\u00a0Cela me\u00a0fait bizarre, car je me\u00a0vois toujours en vacances\u00a0\u00bb, admet-elle. Pour autant, l\u2019id\u00e9e n\u2019est pas de mettre la pression, assure en souriant Benjamin Virone, professeur\u00a0: \u00ab\u00a0C\u2019est de la remise en forme. Nous n\u2019avons pas d\u2019objectifs particuliers.\u00a0\u00bb Alors, pour aider les \u00e9l\u00e8ves \u00e0 reprendre des automatismes, cet autoentrepreneur rappelle comment manipuler des formules math\u00e9matiques. \u00ab\u00a0Les jeunes ont du mal \u00e0 poser des questions, remarque le professeur. Ils ont l\u2019habitude d\u2019\u00eatre \u00e0 30 en classe, alors que l\u00e0, nous avons le temps de nous arr\u00eater si quelqu\u2019un n\u2019a pas compris quelque chose.\u00a0\u00bb<\/p>\n<p>Une association d\u2019utilit\u00e9 publique<\/p>\n<p>Les stages, ouverts aux quelque 900\u00a0adh\u00e9rents de la Peep \u00e0 Grenoble et autour, sont complets, malgr\u00e9 le co\u00fbt. \u00ab\u00a0Nous sommes une association d\u2019utilit\u00e9 publique, nous proposons ce service au moins cher\u00a0\u00bb, souligne Na\u00efm Schneyders, salari\u00e9 de la structure is\u00e9roise. Le p\u00e8re de Cam\u00e9lia, Brahim, a souhait\u00e9 qu\u2019elle prenne ces cours\u00a0: \u00ab\u00a0Ils ont un co\u00fbt, mais cela le vaut. C\u2019est pour son avenir.\u00a0\u00bb<\/p>\n","protected":false},"excerpt":{"rendered":"Des stages sont organis\u00e9s cette semaine, avant la rentr\u00e9e scolaire, \u00e0 l\u2019initiative d\u2019associations comme la Peep. &gt;Stylos et&hellip;\n","protected":false},"author":2,"featured_media":354645,"comment_status":"","ping_status":"","sticky":false,"template":"","format":"standard","meta":{"footnotes":""},"categories":[9566],"tags":[1111,11,2430,1777,674,1011,27,2731,12,25],"class_list":{"0":"post-354644","1":"post","2":"type-post","3":"status-publish","4":"format-standard","5":"has-post-thumbnail","7":"category-grenoble","8":"tag-actu","9":"tag-actualites","10":"tag-auvergne-rhone-alpes","11":"tag-eu","12":"tag-europe","13":"tag-fr","14":"tag-france","15":"tag-grenoble","16":"tag-news","17":"tag-republique-francaise"},"share_on_mastodon":{"url":"https:\/\/pubeurope.com\/@fr\/115118046068011979","error":""},"_links":{"self":[{"href":"https:\/\/www.europesays.com\/fr\/wp-json\/wp\/v2\/posts\/354644","targetHints":{"allow":["GET"]}}],"collection":[{"href":"https:\/\/www.europesays.com\/fr\/wp-json\/wp\/v2\/posts"}],"about":[{"href":"https:\/\/www.europesays.com\/fr\/wp-json\/wp\/v2\/types\/post"}],"author":[{"embeddable":true,"href":"https:\/\/www.europesays.com\/fr\/wp-json\/wp\/v2\/users\/2"}],"replies":[{"embeddable":true,"href":"https:\/\/www.europesays.com\/fr\/wp-json\/wp\/v2\/comments?post=354644"}],"version-history":[{"count":0,"href":"https:\/\/www.europesays.com\/fr\/wp-json\/wp\/v2\/posts\/354644\/revisions"}],"wp:featuredmedia":[{"embeddable":true,"href":"https:\/\/www.europesays.com\/fr\/wp-json\/wp\/v2\/media\/354645"}],"wp:attachment":[{"href":"https:\/\/www.europesays.com\/fr\/wp-json\/wp\/v2\/media?parent=354644"}],"wp:term":[{"taxonomy":"category","embeddable":true,"href":"https:\/\/www.europesays.com\/fr\/wp-json\/wp\/v2\/categories?post=354644"},{"taxonomy":"post_tag","embeddable":true,"href":"https:\/\/www.europesays.com\/fr\/wp-json\/wp\/v2\/tags?post=354644"}],"curies":[{"name":"wp","href":"https:\/\/api.w.org\/{rel}","templated":true}]}}