{"id":354649,"date":"2025-08-30T13:54:16","date_gmt":"2025-08-30T13:54:16","guid":{"rendered":"https:\/\/www.europesays.com\/fr\/354649\/"},"modified":"2025-08-30T13:54:16","modified_gmt":"2025-08-30T13:54:16","slug":"mercato-conrad-harder-finalement-loin-de-rennes-embolo-et-stassin-comme-nouvelles-pistes","status":"publish","type":"post","link":"https:\/\/www.europesays.com\/fr\/354649\/","title":{"rendered":"Mercato : Conrad Harder finalement loin de Rennes, Embolo et Stassin comme nouvelles pistes ?"},"content":{"rendered":"<p>                            Mercato\u00a0: Conrad Harder finalement loin de Rennes, Embolo et Stassin comme nouvelles pistes\u00a0? <\/p>\n<p><img decoding=\"async\" src=\"https:\/\/www.europesays.com\/fr\/wp-content\/uploads\/2025\/08\/roazhon_park_2000x1125_-128.jpg\" class=\"adapt-img spip_logo\" width=\"960\" height=\"540\" alt=\"Mercato : Conrad Harder finalement loin de Rennes, Embolo et Stassin comme nouvelles pistes ? \"   fetchpriority=\"high\" \/><\/p>\n<p><strong>Selon L\u2019Equipe et Ouest-France, le dossier Conrad Harder pourrait connaitre un nouveau revirement de situation. Le Stade rennais aurait activ\u00e9 deux autres pistes, menant \u00e0 Breel Embolo (Monaco) et Lucas Stassin (Saint-Etienne).<\/strong><\/p>\n<p>La fin du mercato promet d\u2019\u00eatre encore riche en rebondissements, tant le dossier Conrad Harder aura connu des avanc\u00e9es et des coups d\u2019arr\u00eat. Alors que le Danois \u00e9tait annonc\u00e9 arrivant au Stade rennais ce week-end, il semblerait selon <a href=\"https:\/\/www.ouest-france.fr\/sport\/football\/stade-rennais\/mercato-stade-rennais-conrad-harder-si-pres-si-loin-breel-embolo-ou-lucas-stassin-en-recours-8b33f128-8578-11f0-942f-334d06e5cf0b\" class=\"spip_out\" rel=\"external nofollow noopener\" target=\"_blank\">Ouest-France<\/a> et <a href=\"https:\/\/www.lequipe.fr\/Football\/Actualites\/Mercato-conrad-harder-a-rennes-ca-se-complique-a-nouveau\/1588812\" class=\"spip_out\" rel=\"external nofollow noopener\" target=\"_blank\">L\u2019Equipe<\/a> que le dossier de l\u2019attaquant prenne encore une nouvelle tournure.<\/p>\n<p>Des complications auraient inciter Rennes \u00e0 se retirer, le Sporting et le joueur tergiversant encore, alors que le joueur est annonc\u00e9 par la presse allemande au RB Leipzig. La v\u00e9ritable fin d\u2019un feuilleton rocambolesque\u00a0?<\/p>\n<p>Embolo et Stassin dans le dernier sprint <\/p>\n<p>Il demeure que le SRFC veut se trouver un renfort suppl\u00e9mentaire en attaque, apr\u00e8s avoir attir\u00e9 Esteban Lepaul, d\u00e9j\u00e0 op\u00e9rationnel pour affronter Angers demain. <a href=\"https:\/\/www.lequipe.fr\/Football\/Actualites\/Mercato-rennes-tente-la-piste-breel-embolo\/1588834\" class=\"spip_out\" rel=\"external nofollow noopener\" target=\"_blank\">L\u2019Equipe<\/a> r\u00e9v\u00e8le que Breel Embolo (Monaco) serait un joueur cibl\u00e9 par le club breton. \u00c0 un an de la fin de son contrat, le Suisse est pouss\u00e9 vers la sortie, et Naples et le Milan AC seraient int\u00e9ress\u00e9s.<\/p>\n<p>Lucas Stassin serait \u00e9galement une piste, et aurait fait l\u2019objet d\u2019une offre de 18 millions d\u2019euros rejet\u00e9e par Saint-Etienne, qui n\u2019est pas vendeur.<\/p>\n","protected":false},"excerpt":{"rendered":"Mercato\u00a0: Conrad Harder finalement loin de Rennes, Embolo et Stassin comme nouvelles pistes\u00a0? Selon L\u2019Equipe et Ouest-France, le&hellip;\n","protected":false},"author":2,"featured_media":354650,"comment_status":"","ping_status":"","sticky":false,"template":"","format":"standard","meta":{"footnotes":""},"categories":[2821],"tags":[1111,11,829,1777,674,1011,27,12,584,25],"class_list":{"0":"post-354649","1":"post","2":"type-post","3":"status-publish","4":"format-standard","5":"has-post-thumbnail","7":"category-rennes","8":"tag-actu","9":"tag-actualites","10":"tag-bretagne","11":"tag-eu","12":"tag-europe","13":"tag-fr","14":"tag-france","15":"tag-news","16":"tag-rennes","17":"tag-republique-francaise"},"share_on_mastodon":{"url":"https:\/\/pubeurope.com\/@fr\/115118057905928254","error":""},"_links":{"self":[{"href":"https:\/\/www.europesays.com\/fr\/wp-json\/wp\/v2\/posts\/354649","targetHints":{"allow":["GET"]}}],"collection":[{"href":"https:\/\/www.europesays.com\/fr\/wp-json\/wp\/v2\/posts"}],"about":[{"href":"https:\/\/www.europesays.com\/fr\/wp-json\/wp\/v2\/types\/post"}],"author":[{"embeddable":true,"href":"https:\/\/www.europesays.com\/fr\/wp-json\/wp\/v2\/users\/2"}],"replies":[{"embeddable":true,"href":"https:\/\/www.europesays.com\/fr\/wp-json\/wp\/v2\/comments?post=354649"}],"version-history":[{"count":0,"href":"https:\/\/www.europesays.com\/fr\/wp-json\/wp\/v2\/posts\/354649\/revisions"}],"wp:featuredmedia":[{"embeddable":true,"href":"https:\/\/www.europesays.com\/fr\/wp-json\/wp\/v2\/media\/354650"}],"wp:attachment":[{"href":"https:\/\/www.europesays.com\/fr\/wp-json\/wp\/v2\/media?parent=354649"}],"wp:term":[{"taxonomy":"category","embeddable":true,"href":"https:\/\/www.europesays.com\/fr\/wp-json\/wp\/v2\/categories?post=354649"},{"taxonomy":"post_tag","embeddable":true,"href":"https:\/\/www.europesays.com\/fr\/wp-json\/wp\/v2\/tags?post=354649"}],"curies":[{"name":"wp","href":"https:\/\/api.w.org\/{rel}","templated":true}]}}