{"id":354654,"date":"2025-08-30T14:01:12","date_gmt":"2025-08-30T14:01:12","guid":{"rendered":"https:\/\/www.europesays.com\/fr\/354654\/"},"modified":"2025-08-30T14:01:12","modified_gmt":"2025-08-30T14:01:12","slug":"matinale-renforcee-programmes-locaux-ce-que-prevoit-le-media-chretien-a-nice-et-dans-les-alpes-maritimes-pour-la-rentree","status":"publish","type":"post","link":"https:\/\/www.europesays.com\/fr\/354654\/","title":{"rendered":"matinale renforc\u00e9e, programmes locaux&#8230; Ce que pr\u00e9voit le m\u00e9dia chr\u00e9tien \u00e0 Nice et dans les Alpes-Maritimes pour la rentr\u00e9e"},"content":{"rendered":"<p><strong>Pour cette saison 2025-2026, la radio chr\u00e9tienne RCF revient avec une \u00ab\u00a0matinale renforc\u00e9e\u00a0\u00bb par des interventions locales plus r\u00e9guli\u00e8res. Chaque jour, plusieurs programmes seront consacr\u00e9s \u00e0 l\u2019actualit\u00e9 des Alpes-Maritimes. <\/strong><\/p>\n<p>\u00c0 compter de septembre 2025, <a href=\"https:\/\/nicepresse.com\/cote-dazur-rcf-radio-rajeunit-son-audience\/\" rel=\"nofollow noopener\" target=\"_blank\">RCF offrira<\/a> \u00ab\u00a0davantage de temps aux antennes locales\u00a0\u00bb. Au nombre de 64 \u00e0 travers toute la France, ces ramifications sont particuli\u00e8rement nombreuses en Provence-Alpes-C\u00f4te d\u2019Azur. De Gap \u00e0 Marseille, d\u2019Avignon \u00e0 Saint-Rapha\u00ebl, nous en d\u00e9nombrons une demi-douzaine au total dans la r\u00e9gion.<\/p>\n<p>L\u2019une des plus importantes se trouve \u00e0 Nice. S\u2019y entrem\u00ealent des \u00e9missions nationales et r\u00e9gionales, et ce, tout au long de la journ\u00e9e. Pour les mois \u00e0 venir, du lundi au vendredi, la journ\u00e9e des auditeurs commencera par exemple \u00e0 6h35 avec la matinale, et par la venue d\u2019invit\u00e9s locaux.<\/p>\n<p>Le journal local au cours de la matinale<\/p>\n<p>\u00c0 7h30, interviendra par ailleurs \u00ab\u00a0le grand t\u00e9moin r\u00e9gional\u00a0\u00bb du jour. Afin de compl\u00e9ter la grille et les informations heure par heure, le m\u00e9dia chr\u00e9tien tiendra un flash \u00e0 7h01, 8h01 et 9h01. Une actualit\u00e9 de proximit\u00e9 sous la houlette de Thibault Sarrazin.<\/p>\n<blockquote class=\"twitter-tweet\">\n<p lang=\"en\" dir=\"ltr\">Tic Tac \u23f0 <a href=\"https:\/\/t.co\/v0lT4lLQBs\" rel=\"nofollow\">pic.twitter.com\/v0lT4lLQBs<\/a><\/p>\n<p>\u2014 RCF Nice C\u00f4te d&rsquo;Azur (@RCFcotedazur) <a href=\"https:\/\/twitter.com\/RCFcotedazur\/status\/1961335709001744840?ref_src=twsrc%5Etfw\" target=\"_blank\" rel=\"noopener nofollow\">August 29, 2025<\/a><\/p><\/blockquote>\n<p>En plus de la matinale, qui entra\u00eene les pics d\u2019audience pour les radios, sachez que le r\u00e9dacteur en chef St\u00e8velan Chaizy-Gostovitch animera deux cr\u00e9neaux quotidiennement du lundi au vendredi. Le premier sera consacr\u00e9 \u00e0 de la musique avec la \u00ab\u00a0Playlist RCF\u00a0\u00bb sur la C\u00f4te d\u2019Azur (6 heures). Le soir, il sera derri\u00e8re le micro pour \u00ab\u00a0RCF Pr\u00e8s de chez-vous\u00a0\u00bb (19 heures). Un rendez-vous que l\u2019on retrouve aussi \u00e0 midi.<\/p>\n<p>Dans l\u2019apr\u00e8s-midi, laissez-vous porter par votre magazine r\u00e9gional sur l\u2019\u00e9conomie et le patrimoine maralpin. Avec la chronique \u00ab\u00a0Amen ton caf\u00e9\u00a0\u00bb  entre 13 heures et 14 heures. En d\u00e9but de soir\u00e9e, \u00e0 18 heures, chaque jour fait place \u00e0 un programme azur\u00e9en.<\/p>\n<p>Dans le 06, \u00e0 la d\u00e9couverte du patrimoine religieux<\/p>\n<p>Le lundi, nos confr\u00e8res vous emm\u00e8nent \u00e0 la d\u00e9couverte des \u00e9difices religieux pr\u00e8s de Nice. \u00c0 20 heures, direction le Pays de L\u00e9rin pour une \u00e9mission anim\u00e9e par la paroisse Saint-Vincent. Relevons aussi \u00ab\u00a0Au c\u0153ur de Sophia\u00a0\u00bb le mercredi 18h10 et \u00ab\u00a0Vitamine Spi\u00a0\u00bb le jeudi \u00e0 la m\u00eame heure.<\/p>\n<p><a href=\"https:\/\/anneedelamer.nice.fr\/\" rel=\"nofollow noopener\" target=\"_blank\"><img loading=\"lazy\" decoding=\"async\" width=\"300\" height=\"300\" src=\"data:image\/svg+xml,%3Csvg%20xmlns=\" http:=\"\" alt=\"\" class=\"wp-image-235449\" data-lazy-src=\"https:\/\/www.europesays.com\/fr\/wp-content\/uploads\/2025\/04\/IMG_1416-2.png\"\/><\/a><\/p>\n<p>Pour vous accompagner jusqu\u2019au samedi, St\u00e8velan Chaizy-Gostovitch vous guide, \u00ab\u00a0En route vers le week-end\u00a0\u00bb, le vendredi \u00e0 partir de 18h10. La fin de semaine est plus l\u00e9g\u00e8re pour les antennes locales, avec malgr\u00e9 tout deux horaires r\u00e9serv\u00e9s, \u00e0 9 et 16 heures, le samedi et dimanche.<\/p>\n<p>\t<script async src=\"https:\/\/platform.twitter.com\/widgets.js\" charset=\"utf-8\"><\/script><\/p>\n","protected":false},"excerpt":{"rendered":"Pour cette saison 2025-2026, la radio chr\u00e9tienne RCF revient avec une \u00ab\u00a0matinale renforc\u00e9e\u00a0\u00bb par des interventions locales plus&hellip;\n","protected":false},"author":2,"featured_media":354655,"comment_status":"","ping_status":"","sticky":false,"template":"","format":"standard","meta":{"footnotes":""},"categories":[2819],"tags":[1111,11,1777,674,1011,27,12,2401,882,25],"class_list":{"0":"post-354654","1":"post","2":"type-post","3":"status-publish","4":"format-standard","5":"has-post-thumbnail","7":"category-nice","8":"tag-actu","9":"tag-actualites","10":"tag-eu","11":"tag-europe","12":"tag-fr","13":"tag-france","14":"tag-news","15":"tag-nice","16":"tag-provence-alpes-cote-dazur","17":"tag-republique-francaise"},"share_on_mastodon":{"url":"https:\/\/pubeurope.com\/@fr\/115118085481437738","error":""},"_links":{"self":[{"href":"https:\/\/www.europesays.com\/fr\/wp-json\/wp\/v2\/posts\/354654","targetHints":{"allow":["GET"]}}],"collection":[{"href":"https:\/\/www.europesays.com\/fr\/wp-json\/wp\/v2\/posts"}],"about":[{"href":"https:\/\/www.europesays.com\/fr\/wp-json\/wp\/v2\/types\/post"}],"author":[{"embeddable":true,"href":"https:\/\/www.europesays.com\/fr\/wp-json\/wp\/v2\/users\/2"}],"replies":[{"embeddable":true,"href":"https:\/\/www.europesays.com\/fr\/wp-json\/wp\/v2\/comments?post=354654"}],"version-history":[{"count":0,"href":"https:\/\/www.europesays.com\/fr\/wp-json\/wp\/v2\/posts\/354654\/revisions"}],"wp:featuredmedia":[{"embeddable":true,"href":"https:\/\/www.europesays.com\/fr\/wp-json\/wp\/v2\/media\/354655"}],"wp:attachment":[{"href":"https:\/\/www.europesays.com\/fr\/wp-json\/wp\/v2\/media?parent=354654"}],"wp:term":[{"taxonomy":"category","embeddable":true,"href":"https:\/\/www.europesays.com\/fr\/wp-json\/wp\/v2\/categories?post=354654"},{"taxonomy":"post_tag","embeddable":true,"href":"https:\/\/www.europesays.com\/fr\/wp-json\/wp\/v2\/tags?post=354654"}],"curies":[{"name":"wp","href":"https:\/\/api.w.org\/{rel}","templated":true}]}}