{"id":354657,"date":"2025-08-30T14:02:10","date_gmt":"2025-08-30T14:02:10","guid":{"rendered":"https:\/\/www.europesays.com\/fr\/354657\/"},"modified":"2025-08-30T14:02:10","modified_gmt":"2025-08-30T14:02:10","slug":"nice-un-plateau-masculin-exceptionnel-pour-les-championnats-du-monde-ironman-2025","status":"publish","type":"post","link":"https:\/\/www.europesays.com\/fr\/354657\/","title":{"rendered":"NICE : Un plateau masculin exceptionnel pour les Championnats du Monde IRONMAN 2025"},"content":{"rendered":"<p><strong>Le triple et actuel Champion du Monde IRONMAN, Patrick Lange (Allemagne), m\u00e8nera un plateau masculin professionnel de classe mondiale. <\/strong><\/p>\n<p>Il sera accompagn\u00e9 de trois autres Champions du Monde IRONMAN : Sam Laidlow (France), Gustav Iden (Norv\u00e8ge) et Kristian Blummenfelt (Norv\u00e8ge).<\/p>\n<p><strong>Les favoris de l\u2019\u00e9dition 2024<\/strong><\/p>\n<p>Magnus Ditlev (Danemark) et Rudy Von Berg (\u00c9tats-Unis), respectivement deuxi\u00e8me et troisi\u00e8me de l\u2019\u00e9dition 2024, seront de retour. L\u00e9on Chevalier (France), quatri\u00e8me en 2024 et actuel leader du IRONMAN Pro Series, tentera de d\u00e9crocher son premier podium mondial.<\/p>\n<p><strong>Les enjeux de la comp\u00e9tition<\/strong><\/p>\n<p>Le Championnat du Monde IRONMAN offrira un maximum de 6 000 points sur le circuit IRONMAN Pro Series au vainqueur, ainsi qu\u2019une dotation totale de 375 000 dollars. La sc\u00e8ne est pr\u00eate pour un combat exceptionnel \u00e0 Nice, o\u00f9 les meilleurs triathl\u00e8tes masculins professionnels et amateurs du monde se r\u00e9uniront le dimanche 14 septembre.<\/p>\n<p><strong>Les participants<\/strong><\/p>\n<p>La liste des participants comprend quatre anciens champions du monde IRONMAN, dont Patrick Lange, qui portera le dossard num\u00e9ro 1. Sam Laidlow, vainqueur \u00e0 Nice il y a deux ans, revient en forme apr\u00e8s une victoire r\u00e9cente \u00e0 l\u2019IRONMAN Leeds. Kristian Blummenfelt, Champion du Monde IRONMAN 2021, vise un doubl\u00e9 historique : Champion du Monde IRONMAN et vainqueur du IRONMAN Pro Series la m\u00eame ann\u00e9e. Gustav Iden, Champion du Monde 2022, poursuit son retour en forme apr\u00e8s une 4\u00e8me place solide \u00e0 Francfort en juin.<\/p>\n<p><strong>Les outsiders<\/strong><\/p>\n<p>Magnus Ditlev, vainqueur en Afrique du Sud cette saison, et Rudy Von Berg, avec plusieurs podiums, seront \u00e9galement pr\u00e9sents. L\u00e9on Chevalier tentera de consolider sa premi\u00e8re place au classement g\u00e9n\u00e9ral du circuit. Le IRONMAN Pro Series entre dans une nouvelle dimension avec 17 des 20 meilleurs triathl\u00e8tes mondiaux align\u00e9s \u00e0 Nice, dont 9 du top 10.<\/p>\n<p><strong>Les nouveaux talents<\/strong><\/p>\n<p>Deux olympiens ayant bascul\u00e9 vers le long format apr\u00e8s les Jeux Olympiques de Paris 2024 viennent compl\u00e9ter ce plateau : Marten Van Riel (Belgique) et Jonas Schomburg (Allemagne). Tous deux sont capables de d\u00e9crocher un podium \u00e0 Nice. Malgr\u00e9 une blessure \u00e0 la cheville, Van Riel a marqu\u00e9 les esprits en Afrique du Sud avec une 2\u00e8me place, derri\u00e8re Ditlev. Schomburg, lui, a termin\u00e9 3\u00e8me lors de cette m\u00eame course. Autre outsider attendu : Sam Long (\u00c9tats-Unis), vainqueur de l\u2019IRONMAN Chattanooga 2024, c\u00e9l\u00e8bre pour son impressionnant encha\u00eenement v\u00e9lo-course.<\/p>\n<p><strong>Un parcours exigeant et spectaculaire<\/strong><\/p>\n<p>Le Championnat du Monde IRONMAN 2025 d\u00e9butera par 3,8 km de natation dans la M\u00e9diterran\u00e9e, au c\u0153ur de la Baie des Anges. Les athl\u00e8tes suivront un trac\u00e9 en aller-retour avant d\u2019encha\u00eener sur un parcours v\u00e9lo de 180 km consid\u00e9r\u00e9 comme l\u2019un des plus spectaculaires du circuit international. Technique et exigeant, ce trac\u00e9 offre des paysages uniques : villages perch\u00e9s lors des ascensions, puis descentes rapides par la mythique \u00ab Route de Thorenc \u00bb et les impressionnantes \u00ab Clues de Gr\u00e9oli\u00e8res \u00bb, rendues c\u00e9l\u00e8bres par de nombreux films.<\/p>\n<p>L\u2019ultime partie de l\u2019\u00e9preuve, un marathon de 42,2 km compos\u00e9 de quatre boucles, se d\u00e9roulera sur la l\u00e9gendaire Promenade des Anglais. Les coureurs profiteront d\u2019un d\u00e9cor incomparable, entre la M\u00e9diterran\u00e9e et ses c\u00e9l\u00e8bres Chaises Bleues d\u2019un c\u00f4t\u00e9, et les palaces et casinos de l\u2019autre, le tout port\u00e9 par l\u2019ambiance exceptionnelle du public mass\u00e9 le long du parcours.<\/p>\n<p><strong>Un acc\u00e8s privil\u00e9gi\u00e9 \u00e0 la comp\u00e9tition<\/strong><\/p>\n<p>La couverture en direct du Championnat du Monde IRONMAN 2025 masculin sera diffus\u00e9e gratuitement sur plusieurs plateformes dans le monde, dont\u00a0<a href=\"http:\/\/proseries.ironman.com\/\" target=\"_blank\" rel=\"noopener nofollow\" data-saferedirecturl=\"https:\/\/www.google.com\/url?q=http:\/\/proseries.ironman.com&amp;source=gmail&amp;ust=1756631657983000&amp;usg=AOvVaw14VffkzoCouw8v7m-8XcKR\">proseries.ironman.com<\/a>, DAZN, YouTube, ainsi que L\u2019\u00c9quipe en France, Outside TV aux \u00c9tats-Unis et au Canada, ZDF en Allemagne, ESPN (depuis Disney+) en Am\u00e9rique latine et dans les Cara\u00efbes, et iQIYI en Chine. Le direct commencera \u00e0 5h15 (CEST).<\/p>\n<p>Les fans pourront \u00e9galement d\u00e9couvrir les coulisses de la course via les r\u00e9seaux sociaux @ironmantri et la s\u00e9rie \u00ab A Fighting Chance \u00bb. Trois \u00e9pisodes in\u00e9dits pr\u00e9c\u00e9deront la course, diffus\u00e9s les 8, 10 et 12 septembre, offrant un aper\u00e7u de la pr\u00e9paration et des enjeux de cet \u00e9v\u00e9nement iconique. La diffusion de la course en direct et dans le monde entier sera disponible sur\u00a0<a href=\"http:\/\/proseries.ironman.com\/\" target=\"_blank\" rel=\"noopener nofollow\" data-saferedirecturl=\"https:\/\/www.google.com\/url?q=http:\/\/proseries.ironman.com&amp;source=gmail&amp;ust=1756631657984000&amp;usg=AOvVaw2B1-BzXZlyRSoCCWW_rfyH\">proseries.ironman.com<\/a>.<\/p>\n<p>La conf\u00e9rence de presse officielle des athl\u00e8tes professionnels sera \u00e9galement retransmise en direct gratuitement dans le monde entier le vendredi 12 septembre \u00e0 11h (CEST) sur\u00a0<a href=\"http:\/\/proseries.ironman.com\/\" target=\"_blank\" rel=\"noopener nofollow\" data-saferedirecturl=\"https:\/\/www.google.com\/url?q=http:\/\/proseries.ironman.com&amp;source=gmail&amp;ust=1756631657984000&amp;usg=AOvVaw2B1-BzXZlyRSoCCWW_rfyH\">proseries.ironman.com<\/a>.<\/p>\n<p>Pour plus d\u2019informations sur l\u2019\u00e9dition 2025 du Championnat du Monde IRONMAN masculin \u00e0 Nice, rendez-vous sur :\u00a0<a href=\"https:\/\/www.ironman.com\/im-world-championship-nice\" target=\"_blank\" rel=\"noopener nofollow\" data-saferedirecturl=\"https:\/\/www.google.com\/url?q=https:\/\/www.ironman.com\/im-world-championship-nice&amp;source=gmail&amp;ust=1756631657984000&amp;usg=AOvVaw1Y4i9RgIwnBa0YYjsRQZwb\">www.ironman.com\/im-world-championship-nice<\/a>.<\/p>\n<p>Pour en savoir plus sur la marque IRONMAN, le circuit IRONMAN et IRONMAN 70.3, ainsi que l\u2019ensemble des \u00e9v\u00e9nements, consultez :\u00a0<a href=\"https:\/\/www.ironman.com\/\" target=\"_blank\" rel=\"noopener nofollow\" data-saferedirecturl=\"https:\/\/www.google.com\/url?q=https:\/\/www.ironman.com&amp;source=gmail&amp;ust=1756631657984000&amp;usg=AOvVaw2bYJu9nTc8Nga0FXkMuCxV\">www.ironman.com<\/a>.<\/p>\n","protected":false},"excerpt":{"rendered":"Le triple et actuel Champion du Monde IRONMAN, Patrick Lange (Allemagne), m\u00e8nera un plateau masculin professionnel de classe&hellip;\n","protected":false},"author":2,"featured_media":354658,"comment_status":"","ping_status":"","sticky":false,"template":"","format":"standard","meta":{"footnotes":""},"categories":[2819],"tags":[1111,11,1777,674,1011,27,12,2401,882,25],"class_list":{"0":"post-354657","1":"post","2":"type-post","3":"status-publish","4":"format-standard","5":"has-post-thumbnail","7":"category-nice","8":"tag-actu","9":"tag-actualites","10":"tag-eu","11":"tag-europe","12":"tag-fr","13":"tag-france","14":"tag-news","15":"tag-nice","16":"tag-provence-alpes-cote-dazur","17":"tag-republique-francaise"},"share_on_mastodon":{"url":"https:\/\/pubeurope.com\/@fr\/115118089570945855","error":""},"_links":{"self":[{"href":"https:\/\/www.europesays.com\/fr\/wp-json\/wp\/v2\/posts\/354657","targetHints":{"allow":["GET"]}}],"collection":[{"href":"https:\/\/www.europesays.com\/fr\/wp-json\/wp\/v2\/posts"}],"about":[{"href":"https:\/\/www.europesays.com\/fr\/wp-json\/wp\/v2\/types\/post"}],"author":[{"embeddable":true,"href":"https:\/\/www.europesays.com\/fr\/wp-json\/wp\/v2\/users\/2"}],"replies":[{"embeddable":true,"href":"https:\/\/www.europesays.com\/fr\/wp-json\/wp\/v2\/comments?post=354657"}],"version-history":[{"count":0,"href":"https:\/\/www.europesays.com\/fr\/wp-json\/wp\/v2\/posts\/354657\/revisions"}],"wp:featuredmedia":[{"embeddable":true,"href":"https:\/\/www.europesays.com\/fr\/wp-json\/wp\/v2\/media\/354658"}],"wp:attachment":[{"href":"https:\/\/www.europesays.com\/fr\/wp-json\/wp\/v2\/media?parent=354657"}],"wp:term":[{"taxonomy":"category","embeddable":true,"href":"https:\/\/www.europesays.com\/fr\/wp-json\/wp\/v2\/categories?post=354657"},{"taxonomy":"post_tag","embeddable":true,"href":"https:\/\/www.europesays.com\/fr\/wp-json\/wp\/v2\/tags?post=354657"}],"curies":[{"name":"wp","href":"https:\/\/api.w.org\/{rel}","templated":true}]}}