{"id":354659,"date":"2025-08-30T14:03:39","date_gmt":"2025-08-30T14:03:39","guid":{"rendered":"https:\/\/www.europesays.com\/fr\/354659\/"},"modified":"2025-08-30T14:03:39","modified_gmt":"2025-08-30T14:03:39","slug":"pompiers-vendee-la-roche-sur-yon-landette-un-blesse-grave-en-scooter-heliporte-vers-le-chu-de-nantesred-les-sables-dolonne","status":"publish","type":"post","link":"https:\/\/www.europesays.com\/fr\/354659\/","title":{"rendered":"POMPIERS Vend\u00e9e La Roche-sur-Yon Landette. Un bless\u00e9 grave en scooter h\u00e9liport\u00e9 vers le CHU de Nantes(R\u00e9d. les Sables-d\u2019Olonne)"},"content":{"rendered":"<p><img loading=\"lazy\" width=\"280\" height=\"232\" src=\"data:image\/svg+xml,%3Csvg%20xmlns=\" http:=\"\" class=\"attachment-jannah-image-post size-jannah-image-post wp-post-image\" alt=\"Sapeurs-Pompiers\" data-main-img=\"1\" decoding=\"async\" data-lazy-src=\"https:\/\/www.europesays.com\/fr\/wp-content\/uploads\/2025\/08\/Secours_et_Pompiers-399x330-1-1-e1624139639863.png\"\/><\/p>\n<p>\t\t\t\t\t\t\t Pompiers<\/p>\n<p><b style=\"font-family: -apple-system, BlinkMacSystemFont, 'Segoe UI', Roboto, Oxygen, Oxygen-Sans, Ubuntu, Cantarell, 'Helvetica Neue', 'Open Sans', Arial, sans-serif;\"><strong><br \/>Publiez vos annonces l\u00e9gales:<\/strong><br \/><a href=\"https:\/\/www.lereportersablais.com\/annoncesjudiciairesetlegales\/\" rel=\"nofollow noopener\" target=\"_blank\">https:\/\/www.lereportersablais.com\/annoncesjudiciairesetlegales\/<\/a><\/b><\/p>\n<p><b style=\"font-family: -apple-system, BlinkMacSystemFont, 'Segoe UI', Roboto, Oxygen, Oxygen-Sans, Ubuntu, Cantarell, 'Helvetica Neue', 'Open Sans', Arial, sans-serif;\">Intervention (les donn\u00e9es mentionn\u00e9es sont susceptibles d\u2019\u00e9voluer ou d\u2019\u00eatre pr\u00e9cis\u00e9es au cours de l\u2019intervention ou post\u00e9rieurement).<\/b><\/p>\n<p><strong>Ont \u00e9t\u00e9 diligent\u00e9s 8 sapeurs-pompiers avec X engins depuis 2 Centres de secours.<br \/><\/strong><strong style=\"font-family: -apple-system, BlinkMacSystemFont, 'Segoe UI', Roboto, Oxygen, Oxygen-Sans, Ubuntu, Cantarell, 'Helvetica Neue', 'Open Sans', Arial, sans-serif;\">vendredi 29 ao\u00fbt 2025 \u00e0 22h24<\/strong><\/p>\n<p><strong>La Roche-sur-Yon<br \/><\/strong><b>Lieu-dit Landette sud.<\/b><\/p>\n<p>Les secours sont intervenus pour un accident entre une voiture et un Scooter.<br \/>La victime, un homme de 60 ans, class\u00e9 en urgence absolue, a \u00e9t\u00e9 h\u00e9liport\u00e9 vers le CHU de Nantes.<br \/>Le concuteur de la voiture, un jeune homme de 19 ans, impliqu\u00e9, a pu \u00eatre laiss\u00e9 sur place apr\u00e8s bilan.<\/p>\n<p><strong>Retour aux articles :<\/strong><br \/><a href=\"https:\/\/www.lereportersablais.com\" target=\"_blank\" class=\"shortc-button medium button\" rel=\"nofollow noopener\">Articles<\/a>\n<\/p>\n<p><strong>Le Reporter sablais<\/strong><\/p>\n<p>lereportersablais@gmail.com<\/p>\n<p>\u00a0<\/p>\n<p>Soutien \u00e0 la r\u00e9daction : <a href=\"https:\/\/donorbox.org\/le-reporter-sablais\" target=\"_blank\" rel=\"noopener nofollow\">https:\/\/donorbox.org\/le-reporter-sablais<\/a><\/p>\n","protected":false},"excerpt":{"rendered":"Pompiers Publiez vos annonces l\u00e9gales:https:\/\/www.lereportersablais.com\/annoncesjudiciairesetlegales\/ Intervention (les donn\u00e9es mentionn\u00e9es sont susceptibles d\u2019\u00e9voluer ou d\u2019\u00eatre pr\u00e9cis\u00e9es au cours de&hellip;\n","protected":false},"author":2,"featured_media":354660,"comment_status":"","ping_status":"","sticky":false,"template":"","format":"standard","meta":{"footnotes":""},"categories":[2818],"tags":[1111,11,1777,674,1011,27,766,12,2636,25],"class_list":{"0":"post-354659","1":"post","2":"type-post","3":"status-publish","4":"format-standard","5":"has-post-thumbnail","7":"category-nantes","8":"tag-actu","9":"tag-actualites","10":"tag-eu","11":"tag-europe","12":"tag-fr","13":"tag-france","14":"tag-nantes","15":"tag-news","16":"tag-pays-de-la-loire","17":"tag-republique-francaise"},"share_on_mastodon":{"url":"https:\/\/pubeurope.com\/@fr\/115118093349495216","error":""},"_links":{"self":[{"href":"https:\/\/www.europesays.com\/fr\/wp-json\/wp\/v2\/posts\/354659","targetHints":{"allow":["GET"]}}],"collection":[{"href":"https:\/\/www.europesays.com\/fr\/wp-json\/wp\/v2\/posts"}],"about":[{"href":"https:\/\/www.europesays.com\/fr\/wp-json\/wp\/v2\/types\/post"}],"author":[{"embeddable":true,"href":"https:\/\/www.europesays.com\/fr\/wp-json\/wp\/v2\/users\/2"}],"replies":[{"embeddable":true,"href":"https:\/\/www.europesays.com\/fr\/wp-json\/wp\/v2\/comments?post=354659"}],"version-history":[{"count":0,"href":"https:\/\/www.europesays.com\/fr\/wp-json\/wp\/v2\/posts\/354659\/revisions"}],"wp:featuredmedia":[{"embeddable":true,"href":"https:\/\/www.europesays.com\/fr\/wp-json\/wp\/v2\/media\/354660"}],"wp:attachment":[{"href":"https:\/\/www.europesays.com\/fr\/wp-json\/wp\/v2\/media?parent=354659"}],"wp:term":[{"taxonomy":"category","embeddable":true,"href":"https:\/\/www.europesays.com\/fr\/wp-json\/wp\/v2\/categories?post=354659"},{"taxonomy":"post_tag","embeddable":true,"href":"https:\/\/www.europesays.com\/fr\/wp-json\/wp\/v2\/tags?post=354659"}],"curies":[{"name":"wp","href":"https:\/\/api.w.org\/{rel}","templated":true}]}}