{"id":35466,"date":"2025-04-19T03:08:07","date_gmt":"2025-04-19T03:08:07","guid":{"rendered":"https:\/\/www.europesays.com\/fr\/35466\/"},"modified":"2025-04-19T03:08:07","modified_gmt":"2025-04-19T03:08:07","slug":"situation-intenable-a-toulouse-pour-francois-piquemal-ses-propositions","status":"publish","type":"post","link":"https:\/\/www.europesays.com\/fr\/35466\/","title":{"rendered":"situation \u00ab\u00a0intenable\u00a0\u00bb \u00e0 Toulouse pour Fran\u00e7ois Piquemal, ses propositions"},"content":{"rendered":"<p>            Par<br \/>\n        <strong><br \/>\n            <a href=\"https:\/\/actu.fr\/auteur\/nina-hossein-zadeh\" title=\"Consulter tous les articles de Nina Hossein-Zadeh\" rel=\"nofollow noopener\" target=\"_blank\">Nina Hossein-Zadeh<\/a><br \/>\n        <\/strong><\/p>\n<p>        Publi\u00e9 le<\/p>\n<p>            18 avr. 2025 \u00e0 19h32        <\/p>\n<p><a href=\"https:\/\/actu.fr\/toulouse\/\" rel=\"nofollow noopener\" target=\"_blank\"><b>Toulouse<\/b><\/a>, troisi\u00e8me ville de France, fait paradoxalement face \u00e0 une situation critique. Malgr\u00e9 son attractivit\u00e9 et une croissance d\u00e9mographique de plus de 15\u2009000\u00a0habitants par an selon l\u2019Insee, <strong>la m\u00e9tropole est confront\u00e9e \u00e0 une p\u00e9nurie chronique de m\u00e9decins<\/strong>. Bien que de nouveaux centres de sant\u00e9 pour lutter contre la d\u00e9sertification m\u00e9dicale aient r\u00e9cemment ouvert, <strong>Fran\u00e7ois Piquemal, d\u00e9put\u00e9 La France Insoumise et <a href=\"https:\/\/actu.fr\/occitanie\/toulouse_31555\/municipales-2026-a-toulouse-le-depute-francois-piquemal-officialise-sa-candidature_62129612.html\" rel=\"nofollow noopener\" target=\"_blank\">candidat \u00e0 l\u2019\u00e9lection municipale<\/a><\/strong>, a appel\u00e9 \u00e0 de nouvelles mesures lors d\u2019une r\u00e9union publique ce jeudi 17\u00a0avril 2025.<\/p>\n<p>Une ville qui \u00e9touffe sans m\u00e9decin<\/p>\n<p class=\" wall-content\">Aujourd\u2019hui, pr\u00e8s de<strong> 100\u2009000 Toulousains vivent sans m\u00e9decin traitan<\/strong>t, selon le professeur<strong> Vincent Bounes, vice-pr\u00e9sident de la R\u00e9gion Occitanie en charge de la Sant\u00e9 et patron du SAMU toulousain<\/strong>, interrog\u00e9 par Actu Toulouse le 3\u00a0avril dernier.<\/p>\n<p class=\" wall-content\">S\u2019ajoutent des d\u00e9parts \u00e0 la retraite des m\u00e9decins g\u00e9n\u00e9ralistes qui ne sont que tr\u00e8s rarement compens\u00e9s par de nouvelles installations, notamment dans les quartiers populaires ou p\u00e9riph\u00e9riques.<\/p>\n<p class=\" wall-content\">\u00ab\u2009Officiellement,<strong> le plus grand d\u00e9sert m\u00e9dical d\u2019Occitanie, c\u2019est Toulouse\u2009<\/strong>\u00bb, pr\u00e9cisait Vincent Bounes. Un sujet sur lequel compte bien se pencher La Fran Insoumise pour les prochaines \u00e9lections municipales.<\/p>\n<p>La mairie de Toulouse dit non aux centres, LFI r\u00e9agit<\/p>\n<p class=\" wall-content\">Face \u00e0 cette situation, la R\u00e9gion Occitanie a lanc\u00e9 une politique volontariste, avec l\u2019ouverture progressive de centres de sant\u00e9 r\u00e9gionaux. Le dernier en date, inaugur\u00e9 \u00e0 Cugnaux le 1er\u00a0avril 2025, est <strong><a href=\"https:\/\/actu.fr\/occitanie\/cugnaux_31157\/le-premier-centre-de-sante-de-l-agglo-de-toulouse-ouvre-avec-trois-medecins-salaries-comment-ca-marche_62448718.html\" rel=\"nofollow noopener\" target=\"_blank\">le premier en zone p\u00e9riurbaine<\/a><\/strong>. Il vient s\u2019ajouter aux 21 autres centres d\u00e9j\u00e0 cr\u00e9\u00e9s, principalement en zones rurales.<\/p>\n<p>Vid\u00e9os : en ce moment sur Actu<\/p>\n<p class=\" wall-content\">\u00ab\u2009Nous ne nous installons que l\u00e0 o\u00f9 nous sommes sollicit\u00e9s\u2009\u00bb, expliquait Vincent Bounes, pr\u00e9cisant qu\u2019\u00e0 ce jour, <strong>\u00ab\u2009la mairie de Toulouse n\u2019a pas souhait\u00e9 faire ces centres de sant\u00e9\u2009\u00bb<\/strong>.<\/p>\n<p class=\" wall-content\">En pleine campagne en vue des \u00e9lections municipales de 2026, Fran\u00e7ois Piquemal a profit\u00e9 d\u2019une r\u00e9union publique ce jeudi pour \u00e9voquer ces initiatives. \u00c0 ses c\u00f4t\u00e9s, les d\u00e9put\u00e9s insoumis Hadrien Clouet et Anne Stambach-Terrenoir ont tir\u00e9 la sonnette d\u2019alarme.<\/p>\n<p>\u00ab\u2009La ville est un v\u00e9ritable d\u00e9sert m\u00e9dical\u2009\u00bb, dit LFI<\/p>\n<p class=\" wall-content\">Ils d\u00e9noncent une situation qu\u2019ils jugent \u00ab\u2009intenable\u2009\u00bb, reflet de la d\u00e9gradation nationale du syst\u00e8me de sant\u00e9\u2009: hausse de la mortalit\u00e9 infantile, blocage de l\u2019esp\u00e9rance de vie sans incapacit\u00e9, 6\u00a0millions de personnes sans m\u00e9decin traitant, 50\u2009000 lits supprim\u00e9s \u00e0 l\u2019h\u00f4pital depuis 2013, rappellent-ils dans un communiqu\u00e9.<\/p>\n<p class=\" wall-content\">Pour eux, <strong>Toulouse cristalliserait tous ces dysfonctionnements<\/strong>, et la responsabilit\u00e9 incomberait aux politiques men\u00e9es par le maire Jean-Luc Moudenc.<\/p>\n<p class=\" wall-content\">\u00ab\u2009La ville est aujourd\u2019hui un v\u00e9ritable d\u00e9sert m\u00e9dical, avec environ 100\u2009000\u00a0habitants sans m\u00e9decin traitant et un manque de pr\u00e8s de 200 g\u00e9n\u00e9ralistes. Les urgences psychiatriques du CHU de Purpan ont \u00e9galement fait les frais de la gestion comptable de la sant\u00e9 et la p\u00e9nurie de personnel et de moyens a provoqu\u00e9 de graves violences.\u2009\u00bb<\/p>\n<p>Un plan d\u2019action local\u2009: centres municipaux, salariat, et bus de soins<\/p>\n<p class=\" wall-content\">Face \u00e0 ce constat, les d\u00e9put\u00e9s LFI appellent la mairie \u00e0 \u00ab\u2009agir imm\u00e9diatement\u2009\u00bb. Leur plan se structure autour de plusieurs axes concrets\u2009: \u00ab\u2009Nous cr\u00e9erons des centres de sant\u00e9, qui salarieront diff\u00e9rents professionnels de sant\u00e9\u2009\u00bb, un dispositif d\u00e9j\u00e0 mis en place par <a href=\"https:\/\/actu.fr\/occitanie\/toulouse_31555\/que-voulez-vous-ameliorer-carole-delga-demarre-sa-tournee-regionale-a-toulouse-dans-un-quartier-sensible_62531125.html\" rel=\"nofollow noopener\" target=\"_blank\">la R\u00e9gion.<\/a><\/p>\n<p class=\" wall-content\">Mais le groupe insiste sur la volont\u00e9 d\u2019ouvrir un centre de sant\u00e9 \u00e0 Toulouse, alors que la Mairie se le refuse. \u00ab\u2009On veut d\u00e9velopper le salariat m\u00e9dical, favoriser l\u2019installation des jeunes m\u00e9decins et assurer une permanence des soins optimale.\u2009\u00bb<\/p>\n<p class=\" wall-content\"><strong>Fran\u00e7ois Piquemal entend \u00e9galement d\u00e9ployer des \u00ab\u2009bus sant\u00e9 itin\u00e9rants\u2009\u00bb<\/strong>, pour assurer une pr\u00e9sence m\u00e9dicale mobile dans les quartiers enclav\u00e9s. Ces unit\u00e9s mobiles pourraient offrir soins de premier recours, d\u00e9pistages et actions de pr\u00e9vention.<\/p>\n<p class=\" wall-content\">Les \u00e9lus insistent\u2009: \u00ab\u2009Si le nombre global de m\u00e9decins rel\u00e8ve de mesures nationales et m\u00eame si la sant\u00e9 n\u2019est pas une comp\u00e9tence municipale obligatoire, <strong>la mairie de Toulouse doit utiliser tous les moyens disponibles pour attirer des m\u00e9decins et assurer l\u2019acc\u00e8s des habitants aux soins\u2009\u00bb.<\/strong><\/p>\n<p>Une ville fractur\u00e9e par l\u2019in\u00e9galit\u00e9 d\u2019acc\u00e8s aux soins<\/p>\n<p class=\" wall-content\">Pour les d\u00e9put\u00e9s LFI, le constat est d\u2019ailleurs sans appel.\u00a0Selon eux, certains quartiers comme Ginestous, Saint-Simon ou Lalande comptent<strong> \u00ab\u2009deux m\u00e9decins au maximum\u2009\u00bb<\/strong>.<\/p>\n<p class=\" wall-content\">\u00ab\u2009Tandis que le quartier Capitole \u00e0 lui seul en concentre une vingtaine. Les in\u00e9galit\u00e9s, \u00e0 quelques kilom\u00e8tres de distance, sont insoutenables.\u2009\u00bb<\/p>\n<p class=\" wall-content\">La tension est telle que des municipalit\u00e9s p\u00e9riph\u00e9riques comme Cugnaux ont anticip\u00e9 le choc\u2009: la ville a inaugur\u00e9 son centre de sant\u00e9 dans un local provisoire en centre-ville, avant un d\u00e9m\u00e9nagement pr\u00e9vu <a href=\"https:\/\/actu.fr\/occitanie\/cugnaux_31157\/pres-de-toulouse-en-proie-aux-dealers-et-a-la-petite-delinquance-ce-quartier-va-t-il-s-en-debarrasser_62513288.html\" rel=\"nofollow noopener\" target=\"_blank\">au quartier populaire du Vivier-Ma\u00e7on<\/a> d\u2019ici 2027.<\/p>\n<p class=\" wall-content\">Suivez toute l\u2019actualit\u00e9 de vos villes et m\u00e9dias favoris en vous inscrivant \u00e0 <a href=\"https:\/\/moncompte.actu.fr\" title=\"D\u00e9couvez Mon Actu\" rel=\"nofollow noopener\" data-trk=\"{&quot;cta&quot;:{&quot;action&quot;:&quot;https:\\\/\\\/moncompte.actu.fr&quot;,&quot;category&quot;:&quot;mon compte&quot;,&quot;from&quot;:&quot;article footer&quot;,&quot;name&quot;:&quot;Mon actu&quot;,&quot;type&quot;:&quot;cta&quot;}}\" target=\"_blank\">Mon Actu<\/a>.<\/p>\n","protected":false},"excerpt":{"rendered":"Par Nina Hossein-Zadeh Publi\u00e9 le 18 avr. 2025 \u00e0 19h32 Toulouse, troisi\u00e8me ville de France, fait paradoxalement face&hellip;\n","protected":false},"author":2,"featured_media":35467,"comment_status":"","ping_status":"","sticky":false,"template":"","format":"standard","meta":{"footnotes":""},"categories":[2816],"tags":[1111,11,1777,674,1011,27,3434,12,2680,25,104,2312],"class_list":{"0":"post-35466","1":"post","2":"type-post","3":"status-publish","4":"format-standard","5":"has-post-thumbnail","7":"category-toulouse","8":"tag-actu","9":"tag-actualites","10":"tag-eu","11":"tag-europe","12":"tag-fr","13":"tag-france","14":"tag-municipales-2026","15":"tag-news","16":"tag-occitanie","17":"tag-republique-francaise","18":"tag-societe","19":"tag-toulouse"},"share_on_mastodon":{"url":"https:\/\/pubeurope.com\/@fr\/114362430468073115","error":""},"_links":{"self":[{"href":"https:\/\/www.europesays.com\/fr\/wp-json\/wp\/v2\/posts\/35466","targetHints":{"allow":["GET"]}}],"collection":[{"href":"https:\/\/www.europesays.com\/fr\/wp-json\/wp\/v2\/posts"}],"about":[{"href":"https:\/\/www.europesays.com\/fr\/wp-json\/wp\/v2\/types\/post"}],"author":[{"embeddable":true,"href":"https:\/\/www.europesays.com\/fr\/wp-json\/wp\/v2\/users\/2"}],"replies":[{"embeddable":true,"href":"https:\/\/www.europesays.com\/fr\/wp-json\/wp\/v2\/comments?post=35466"}],"version-history":[{"count":0,"href":"https:\/\/www.europesays.com\/fr\/wp-json\/wp\/v2\/posts\/35466\/revisions"}],"wp:featuredmedia":[{"embeddable":true,"href":"https:\/\/www.europesays.com\/fr\/wp-json\/wp\/v2\/media\/35467"}],"wp:attachment":[{"href":"https:\/\/www.europesays.com\/fr\/wp-json\/wp\/v2\/media?parent=35466"}],"wp:term":[{"taxonomy":"category","embeddable":true,"href":"https:\/\/www.europesays.com\/fr\/wp-json\/wp\/v2\/categories?post=35466"},{"taxonomy":"post_tag","embeddable":true,"href":"https:\/\/www.europesays.com\/fr\/wp-json\/wp\/v2\/tags?post=35466"}],"curies":[{"name":"wp","href":"https:\/\/api.w.org\/{rel}","templated":true}]}}