{"id":354661,"date":"2025-08-30T14:04:27","date_gmt":"2025-08-30T14:04:27","guid":{"rendered":"https:\/\/www.europesays.com\/fr\/354661\/"},"modified":"2025-08-30T14:04:27","modified_gmt":"2025-08-30T14:04:27","slug":"une-dizaine-de-blesses-et-pres-de-50-pompiers-mobilises-sur-un-accident-de-la-route-a-savenay","status":"publish","type":"post","link":"https:\/\/www.europesays.com\/fr\/354661\/","title":{"rendered":"Une dizaine de bless\u00e9s et pr\u00e8s de 50 pompiers mobilis\u00e9s sur un accident de la route \u00e0 Savenay"},"content":{"rendered":"<p>Un accident entre trois v\u00e9hicules a fait une dizaine de bless\u00e9s sur la route \u00e0 Savenay, entre Nantes et Saint-Nazaire, vendredi 29 ao\u00fbt. Un adolescent \u00e2g\u00e9 de 14 ans a \u00e9t\u00e9 transport\u00e9 \u00e0 l&rsquo;h\u00f4pital en urgence absolue.<\/p>\n<p>Un important accident a fait onze bless\u00e9s dont un grave sur la route ce vendredi peu apr\u00e8s 23h, sur le RN 165 entre Nantes et Saint-Nazaire, au niveau de la commune de Savenay. Trois voitures sont impliqu\u00e9es dans le choc.<\/p>\n<p>Plusieurs enfants concern\u00e9s<\/p>\n<p>Ce sont 49 sapeurs-pompiers de Loire-Atlantique qui se sont rendus sur le lieu de l&rsquo;intervention pour prendre en charge les diff\u00e9rents bless\u00e9s. <strong>Dix personnes ont l\u00e9g\u00e8rement \u00e9t\u00e9 touch\u00e9es, dont six mineurs<\/strong>. Seul un passager a \u00e9t\u00e9 gri\u00e8vement bless\u00e9, \u00e0 savoir un jeune homme de 14 ans, qui a \u00e9t\u00e9 transport\u00e9 au CHU de Nantes. Deux personnes s&rsquo;en sortent indemnes et n&rsquo;ont pas eu \u00e0 \u00eatre prises en charge par les secours.<\/p>\n","protected":false},"excerpt":{"rendered":"Un accident entre trois v\u00e9hicules a fait une dizaine de bless\u00e9s sur la route \u00e0 Savenay, entre Nantes&hellip;\n","protected":false},"author":2,"featured_media":354662,"comment_status":"","ping_status":"","sticky":false,"template":"","format":"standard","meta":{"footnotes":""},"categories":[2818],"tags":[1111,11,1777,674,1011,27,766,12,2636,25],"class_list":{"0":"post-354661","1":"post","2":"type-post","3":"status-publish","4":"format-standard","5":"has-post-thumbnail","7":"category-nantes","8":"tag-actu","9":"tag-actualites","10":"tag-eu","11":"tag-europe","12":"tag-fr","13":"tag-france","14":"tag-nantes","15":"tag-news","16":"tag-pays-de-la-loire","17":"tag-republique-francaise"},"share_on_mastodon":{"url":"https:\/\/pubeurope.com\/@fr\/115118097361960014","error":""},"_links":{"self":[{"href":"https:\/\/www.europesays.com\/fr\/wp-json\/wp\/v2\/posts\/354661","targetHints":{"allow":["GET"]}}],"collection":[{"href":"https:\/\/www.europesays.com\/fr\/wp-json\/wp\/v2\/posts"}],"about":[{"href":"https:\/\/www.europesays.com\/fr\/wp-json\/wp\/v2\/types\/post"}],"author":[{"embeddable":true,"href":"https:\/\/www.europesays.com\/fr\/wp-json\/wp\/v2\/users\/2"}],"replies":[{"embeddable":true,"href":"https:\/\/www.europesays.com\/fr\/wp-json\/wp\/v2\/comments?post=354661"}],"version-history":[{"count":0,"href":"https:\/\/www.europesays.com\/fr\/wp-json\/wp\/v2\/posts\/354661\/revisions"}],"wp:featuredmedia":[{"embeddable":true,"href":"https:\/\/www.europesays.com\/fr\/wp-json\/wp\/v2\/media\/354662"}],"wp:attachment":[{"href":"https:\/\/www.europesays.com\/fr\/wp-json\/wp\/v2\/media?parent=354661"}],"wp:term":[{"taxonomy":"category","embeddable":true,"href":"https:\/\/www.europesays.com\/fr\/wp-json\/wp\/v2\/categories?post=354661"},{"taxonomy":"post_tag","embeddable":true,"href":"https:\/\/www.europesays.com\/fr\/wp-json\/wp\/v2\/tags?post=354661"}],"curies":[{"name":"wp","href":"https:\/\/api.w.org\/{rel}","templated":true}]}}