{"id":354663,"date":"2025-08-30T14:05:28","date_gmt":"2025-08-30T14:05:28","guid":{"rendered":"https:\/\/www.europesays.com\/fr\/354663\/"},"modified":"2025-08-30T14:05:28","modified_gmt":"2025-08-30T14:05:28","slug":"bordeaux-metropole-condamnee-a-regler-de-lourdes-factures-restees-impayees-plus-de-10-ans","status":"publish","type":"post","link":"https:\/\/www.europesays.com\/fr\/354663\/","title":{"rendered":"Bordeaux M\u00e9tropole condamn\u00e9e \u00e0 r\u00e9gler de lourdes factures, rest\u00e9es impay\u00e9es plus de 10 ans"},"content":{"rendered":"<p>            Par<br \/>\n        <strong><br \/>\n            <a href=\"https:\/\/actu.fr\/auteur\/redaction-bordeaux\" title=\"Consulter tous les articles de R\u00e9daction Bordeaux\" target=\"_blank\" rel=\"noopener\">R\u00e9daction Bordeaux<\/a><br \/>\n        <\/strong><\/p>\n<p>        Publi\u00e9 le<\/p>\n<p>            29 ao\u00fbt 2025 \u00e0 6h26        <\/p>\n<p>L\u2019addition est lourde pour <a href=\"https:\/\/actu.fr\/tag\/bordeaux-metropole\" target=\"_blank\" rel=\"noopener\">Bordeaux M\u00e9tropole<\/a>. Le <a href=\"https:\/\/actu.fr\/tag\/tribunal-de-bordeaux\" target=\"_blank\" rel=\"noopener\">tribunal<\/a> administratif de Bordeaux a condamn\u00e9, le 17 juin 2025, la collectivit\u00e9 \u00e0 r\u00e9gler plusieurs <strong>factures impay\u00e9es<\/strong> \u00e0 un bureau d\u2019\u00e9tudes. Ce dernier avait d\u00e9cid\u00e9 de saisir la justice administrative apr\u00e8s de vaines \u00ab\u00a0relances\u00a0\u00bb et mises en demeure\u00a0\u00bb r\u00e9alis\u00e9es ces derniers mois. Le montant du pr\u00e9judice est \u00e0 cinq chiffres.\u00a0<\/p>\n<p>Une facture totale de plus de 60 000 euros<\/p>\n<p class=\" wall-content\">Verdi B\u00e2timent Sud-Ouest\u00a0(ex-ECCTA) et\u00a0Verdi Conseil Midi Atlantique\u00a0\u2013 deux entit\u00e9s du\u00a0groupe d\u2019ing\u00e9nierie\u00a0Verdi, bas\u00e9 \u00e0 M\u00e9rignac (Gironde) \u2013 avaient introduit leurs recours en mai 2023. La premi\u00e8re soci\u00e9t\u00e9 r\u00e9clamait un<strong> peu plus de 43 000 euros<\/strong> pour le solde du march\u00e9 relatif aux travaux de \u00ab\u00a0restructuration\u00a0\u00bb de l\u2019H\u00f4tel de la communaut\u00e9 urbaine en 2013.<\/p>\n<p class=\" wall-content\">\u00ab\u00a0Bordeaux M\u00e9tropole se borne \u00e0 faire valoir que la demande de paiement du solde a \u00e9t\u00e9 rejet\u00e9e par les services du Tr\u00e9sor public en raison d\u2019un d\u00e9passement tant de la dur\u00e9e du march\u00e9 que du prix\u00a0\u00bb, r\u00e9sume le tribunal administratif de Bordeaux dans un premier jugement en date du 17 juin 2025 qui vient d\u2019\u00eatre rendu public.<\/p>\n<p class=\" wall-content\">Mais \u00ab\u00a0le paiement, bien que mandat\u00e9, n\u2019a pas \u00e9t\u00e9 effectu\u00e9 et\u00a0 Bordeaux M\u00e9tropole ne conteste pas le bien-fond\u00e9 de sa dette\u00a0\u00bb, constatent les juges. L\u2019agglom\u00e9ration a donc \u00e9t\u00e9 <strong>somm\u00e9e de r\u00e9gler la somme <\/strong>r\u00e9clam\u00e9e par la soci\u00e9t\u00e9.<\/p>\n<p>Sept chantiers concern\u00e9s\u00a0<\/p>\n<p class=\" wall-content\">Dans un second jugement, en date du m\u00eame jour, la juridiction a fait droit presque enti\u00e8rement aux demandes de Verdi Conseil Midi Atlantique : un peu plus de <strong>18 000 euros<\/strong>\u00a0n\u2019avaient pas \u00e9t\u00e9 r\u00e9gl\u00e9s, sur sept chantiers suivis par la soci\u00e9t\u00e9.<\/p>\n<p class=\" wall-content\">Ils concernaient : l\u2019extension et la r\u00e9novation de b\u00e2timents sur le site du Parc Cimeti\u00e8re Rive droite \u00e0 Artigues-pr\u00e8s-Bordeaux, les travaux d\u2019am\u00e9lioration \u00e9nerg\u00e9tique du groupe scolaire de la Benauge \u00e0 Bordeaux, la \u00ab\u00a0reprise de d\u00e9sordres\u00a0\u00bb \u00e0 l\u2019\u00e9cole Charles-Martin, l\u2019agrandissement de l\u2019\u00e9cole maternelle Condorcet \u00e0 Lormont, les travaux de \u00ab\u00a0restructuration\u00a0\u00bb du complexe technique municipal de Latule, l\u2019extension de la maison des sports des Iris ou encore l\u2019am\u00e9nagement de l\u2019aire d\u2019accueil de gens du voyage \u00e0 Pessac.<\/p>\n<p>Votre r\u00e9gion, votre actu !<\/p>\n<p>Recevez chaque jour les infos qui comptent pour vous.<\/p>\n<p>\t<a href=\"https:\/\/actu.fr\/newsletter\" class=\"ac-btn ac-btn--corner ac-btn--medium ac-btn--blue800\" target=\"_blank\" rel=\"noopener\">S&rsquo;incrire<\/a><\/p>\n<p class=\" wall-content\">\u00ab\u00a0Bordeaux M\u00e9tropole se borne \u00e0 soutenir que seule la facture du 1er ao\u00fbt 2016, lui a \u00e9t\u00e9 transmise, alors que la soci\u00e9t\u00e9 \u00e9tablit lui avoir adress\u00e9 plusieurs relances pour le solde\u00a0\u00bb, rel\u00e8ve par exemple le tribunal administratif de Bordeaux concernant le chantier \u00e0 Artigues-pr\u00e8s-Bordeaux.\u00a0<\/p>\n<p class=\" wall-content\">\u00ab\u00a0Si Bordeaux M\u00e9tropole soutient que le solde a \u00e9t\u00e9 vers\u00e9 le 28 mai 2019, la capture d\u2019\u00e9cran de son logiciel de gestion pr\u00e9sente un<strong> caract\u00e8re insuffisamment probant<\/strong> et est fermement contest\u00e9 par la soci\u00e9t\u00e9,\u00a0\u00bb ajoute la juridiction \u00e0 propos cette fois-ci de l\u2019extension de la maison des sports des Iris.<\/p>\n<p class=\" wall-content\">Les m\u00eames \u00ab\u00a0captures d\u2019\u00e9cran\u00a0\u00bb concernant l\u2019\u00e9cole maternelle Condorcet de Lormont n\u2019ont pas davantage convaincu les juges : elles sont en r\u00e9alit\u00e9 \u00ab\u00a0relatives aux travaux de l\u2019\u00e9cole maternelle Montaigne\u00a0\u00bb. <strong>L\u2019agglom\u00e9ration a donc \u00e9t\u00e9 condamn\u00e9e<\/strong> \u00e0 verser un peu plus de 15 000 euros au groupe Verdi dans ce second dossier. S\u2019y ajouteront 1 500 euros de frais d\u2019avocat dans chacune des deux affaires. <strong>Une addition sal\u00e9e.\u00a0<\/strong><\/p>\n<p class=\" wall-content\"><strong>GF \/ PressPepper<\/strong><\/p>\n<p class=\" wall-content\">Personnalisez votre actualit\u00e9 en ajoutant vos villes et m\u00e9dias en favori avec <a href=\"https:\/\/moncompte.actu.fr\" title=\"D\u00e9couvez Mon Actu\" rel=\"nofollow noopener\" data-trk=\"{&quot;cta&quot;:{&quot;action&quot;:&quot;https:\\\/\\\/moncompte.actu.fr&quot;,&quot;category&quot;:&quot;mon compte&quot;,&quot;from&quot;:&quot;article footer&quot;,&quot;name&quot;:&quot;Mon actu&quot;,&quot;type&quot;:&quot;cta&quot;}}\" target=\"_blank\">Mon Actu<\/a>.<\/p>\n","protected":false},"excerpt":{"rendered":"Par R\u00e9daction Bordeaux Publi\u00e9 le 29 ao\u00fbt 2025 \u00e0 6h26 L\u2019addition est lourde pour Bordeaux M\u00e9tropole. Le tribunal&hellip;\n","protected":false},"author":2,"featured_media":71464,"comment_status":"","ping_status":"","sticky":false,"template":"","format":"standard","meta":{"footnotes":""},"categories":[2817],"tags":[1111,11,1997,2904,1777,674,1011,27,303,12,2219,25,104,7559],"class_list":{"0":"post-354663","1":"post","2":"type-post","3":"status-publish","4":"format-standard","5":"has-post-thumbnail","7":"category-bordeaux","8":"tag-actu","9":"tag-actualites","10":"tag-bordeaux","11":"tag-bordeaux-metropole","12":"tag-eu","13":"tag-europe","14":"tag-fr","15":"tag-france","16":"tag-justice","17":"tag-news","18":"tag-nouvelle-aquitaine","19":"tag-republique-francaise","20":"tag-societe","21":"tag-tribunal-de-bordeaux"},"share_on_mastodon":{"url":"https:\/\/pubeurope.com\/@fr\/115118101135745896","error":""},"_links":{"self":[{"href":"https:\/\/www.europesays.com\/fr\/wp-json\/wp\/v2\/posts\/354663","targetHints":{"allow":["GET"]}}],"collection":[{"href":"https:\/\/www.europesays.com\/fr\/wp-json\/wp\/v2\/posts"}],"about":[{"href":"https:\/\/www.europesays.com\/fr\/wp-json\/wp\/v2\/types\/post"}],"author":[{"embeddable":true,"href":"https:\/\/www.europesays.com\/fr\/wp-json\/wp\/v2\/users\/2"}],"replies":[{"embeddable":true,"href":"https:\/\/www.europesays.com\/fr\/wp-json\/wp\/v2\/comments?post=354663"}],"version-history":[{"count":0,"href":"https:\/\/www.europesays.com\/fr\/wp-json\/wp\/v2\/posts\/354663\/revisions"}],"wp:featuredmedia":[{"embeddable":true,"href":"https:\/\/www.europesays.com\/fr\/wp-json\/wp\/v2\/media\/71464"}],"wp:attachment":[{"href":"https:\/\/www.europesays.com\/fr\/wp-json\/wp\/v2\/media?parent=354663"}],"wp:term":[{"taxonomy":"category","embeddable":true,"href":"https:\/\/www.europesays.com\/fr\/wp-json\/wp\/v2\/categories?post=354663"},{"taxonomy":"post_tag","embeddable":true,"href":"https:\/\/www.europesays.com\/fr\/wp-json\/wp\/v2\/tags?post=354663"}],"curies":[{"name":"wp","href":"https:\/\/api.w.org\/{rel}","templated":true}]}}