{"id":354666,"date":"2025-08-30T14:12:11","date_gmt":"2025-08-30T14:12:11","guid":{"rendered":"https:\/\/www.europesays.com\/fr\/354666\/"},"modified":"2025-08-30T14:12:11","modified_gmt":"2025-08-30T14:12:11","slug":"a69-une-nouvelle-deviation-et-des-controles-mis-en-place-dans-ce-secteur-pres-de-toulouse","status":"publish","type":"post","link":"https:\/\/www.europesays.com\/fr\/354666\/","title":{"rendered":"A69. Une nouvelle d\u00e9viation et \u00ab\u00a0des contr\u00f4les\u00a0\u00bb mis en place dans ce secteur, pr\u00e8s de Toulouse"},"content":{"rendered":"<p>            Par<br \/>\n        <strong><br \/>\n            <a href=\"https:\/\/actu.fr\/auteur\/gabriel-kenedi\" title=\"Consulter tous les articles de Gabriel Kenedi\" target=\"_blank\" rel=\"noopener\">Gabriel Kenedi<\/a><br \/>\n        <\/strong><\/p>\n<p>        Publi\u00e9 le<\/p>\n<p>            30 ao\u00fbt 2025 \u00e0 16h02        <\/p>\n<p>De nouvelles<strong> \u00ab\u00a0mesures de trafic\u00a0\u00bb<\/strong> vont \u00eatre prises d\u00e8s le lundi 1er septembre 2025 <a href=\"https:\/\/actu.fr\/occitanie\/verfeil_31573\" target=\"_blank\" rel=\"noopener\">\u00e0 Verfeil (Haute-Garonne)<\/a>, a appris Actu Toulouse. Dans cette petite commune situ\u00e9e au nord-est de Toulouse et concern\u00e9e par le controvers\u00e9 chantier de construction de l\u2019autoroute A69, un nouvel itin\u00e9raire de d\u00e9viation doit \u00eatre mis en place <strong>\u00ab\u00a0jusqu\u2019au mois de mars 2026\u00a0\u00bb<\/strong>, indiquent les autorit\u00e9s. Voici ce qui est pr\u00e9vu d\u00e8s lundi.\u00a0<\/p>\n<p>Des itin\u00e9raires de d\u00e9viation \u00ab\u00a0\u00e9tudi\u00e9s tout l\u2019\u00e9t\u00e9\u00a0\u00bb<\/p>\n<p class=\" wall-content\">Dans un communiqu\u00e9 commun, les pr\u00e9fectures de Haute-Garonne et du Tarn indiquent : \u00ab\u00a0\u00c0 la suite de <strong>la fermeture de la RD20<\/strong> au niveau de Verfeil, dans le cadre des travaux de la liaison autorouti\u00e8re Castres -Toulouse, les<strong> itin\u00e9raires de d\u00e9viation<\/strong> ont \u00e9t\u00e9 \u00e9tudi\u00e9s cet \u00e9t\u00e9 par les services de l\u2019\u00c9tat, les gestionnaires de r\u00e9seau et les collectivit\u00e9s concern\u00e9es de la Haute-Garonne et du Tarn\u00a0\u00bb.\u00a0<\/p>\n<p class=\" wall-content\">Pour les <strong>v\u00e9hicules l\u00e9gers<\/strong>, les v\u00e9hicules de secours, les transports de passagers, les engins agricoles et la desserte locale, \u00ab\u00a0la d\u00e9viation emprunte la route de Puylaurens et la route d\u00e9partementale 112, en passant par Verfeil\u00a0\u00bb.<\/p>\n<p>Deux sens de circulation distincts pour les poids lourds\u00a0<\/p>\n<p class=\" wall-content\">Mais le n\u0153ud du probl\u00e8me\u2026 concerne les poids lourds, o\u00f9 les villes de <strong>Verfeil<\/strong> (Haute-Garpnne) et de <strong>Lavaur<\/strong> (Tarn), jugeant la d\u00e9viation mise en place jusqu\u2019ici peu s\u00e9curis\u00e9e, ont toutes deux mis en place des arr\u00eat\u00e9s municipaux <strong>interdisant leur circulation<\/strong>.<\/p>\n<p>Vid\u00e9os : en ce moment sur Actu<\/p>\n<p class=\" wall-content\">Qu\u2019ont d\u00e9cid\u00e9 les autorit\u00e9s \u00e0 partir de la rentr\u00e9e ?\u00a0 \u00ab\u00a0Pour les poids lourds, <strong>deux sens de circulation distincts<\/strong> sont mis en place afin de s\u00e9curiser les itin\u00e9raires concern\u00e9s durant toute la p\u00e9riode des travaux :<\/p>\n<p class=\" wall-content\">\u2013 dans le sens<strong> Castres vers Toulouse<\/strong>, les poids lourds de plus de 3,5 tonnes sont invit\u00e9s \u00e0 emprunter le m\u00eame itin\u00e9raire que les v\u00e9hicules l\u00e9gers par Verfeil, de ou vers l\u2019A680 et l\u2019A68\u2033, pr\u00e9cisent les deux pr\u00e9fectures.\u00a0<\/p>\n<p>Votre r\u00e9gion, votre actu !<\/p>\n<p>Recevez chaque jour les infos qui comptent pour vous.<\/p>\n<p>\t<a href=\"https:\/\/actu.fr\/newsletter\" class=\"ac-btn ac-btn--corner ac-btn--medium ac-btn--blue800\" target=\"_blank\" rel=\"noopener\">S&rsquo;incrire<\/a><\/p>\n<p class=\" wall-content\">\u00ab\u00a0Durant l\u2019\u00e9t\u00e9, des am\u00e9nagements ont \u00e9t\u00e9 r\u00e9alis\u00e9s par le concessionnaire ATOSCA, en concertation avec la mairie de Verfeil, pour renforcer la s\u00e9curit\u00e9 sur la route de Puylaurens pour tous les usagers\u00a0\u00bb, ajoutent-t-elles.<\/p>\n<p>Dans le sens Castres-Toulouse, une d\u00e9viation mise en place<\/p>\n<p class=\" wall-content\">\u00a0\u00ab\u00a0Dans le sens <strong>Toulouse vers Castres<\/strong>, les poids-lourds de plus de 3,5 tonnes sont invit\u00e9s \u00e0 emprunter l\u2019itin\u00e9raire passant par l\u2019autoroute A68, la route Nationale 88, puis la route d\u00e9partementale 612 au niveau d\u2019Albi\u00a0\u00bb.<\/p>\n<p class=\" wall-content\">\u00ab\u00a0La <strong>circulation des poids lourds est interdite \u00e0 Verfeil<\/strong> dans ce sens, de sorte \u00e0 \u00e9viter que deux poids lourds ne soient amen\u00e9s \u00e0 se croiser dans Verfeil.<\/p>\n<p class=\" wall-content\"><strong>Voici le plan des d\u00e9viations :\u00a0<\/strong><\/p>\n<p>    <img   decoding=\"async\" loading=\"lazy\" src=\"https:\/\/www.europesays.com\/fr\/wp-content\/uploads\/2025\/08\/plan-deviation-verfeil-960x640.jpg\" alt=\"Le plan des d\u00e9viations mises en place \u00e0 partir de la rentr\u00e9e 2025, \u00e0 Verfeil (Haute-Garonne). \" width=\"960\" height=\"640\"\/><br \/>\n    Le plan des d\u00e9viations mises en place \u00e0 partir de la rentr\u00e9e 2025, \u00e0 Verfeil (Haute-Garonne). (\u00a9DR)\u00ab\u00a0Des contr\u00f4les mis en place\u00a0\u00bb<\/p>\n<p class=\" wall-content\">\u00ab\u00a0Des<strong> contr\u00f4les seront mis en place d\u00e8s la rentr\u00e9e<\/strong> pour s\u2019assurer du bon respect des interdictions en vigueur\u00a0\u00bb, pr\u00e9cisent les autorit\u00e9s qui indiquent qu\u2019une nouvelle r\u00e9union sera organis\u00e9e \u00ab\u00a0\u00e0 la mi-septembre, afin de proc\u00e9der au suivi de ces mesures de d\u00e9viation\u00a0\u00bb.\u00a0<\/p>\n<p class=\" wall-content\">Personnalisez votre actualit\u00e9 en ajoutant vos villes et m\u00e9dias en favori avec <a href=\"https:\/\/moncompte.actu.fr\" title=\"D\u00e9couvez Mon Actu\" rel=\"nofollow noopener\" data-trk=\"{&quot;cta&quot;:{&quot;action&quot;:&quot;https:\\\/\\\/moncompte.actu.fr&quot;,&quot;category&quot;:&quot;mon compte&quot;,&quot;from&quot;:&quot;article footer&quot;,&quot;name&quot;:&quot;Mon actu&quot;,&quot;type&quot;:&quot;cta&quot;}}\" target=\"_blank\">Mon Actu<\/a>.<\/p>\n","protected":false},"excerpt":{"rendered":"Par Gabriel Kenedi Publi\u00e9 le 30 ao\u00fbt 2025 \u00e0 16h02 De nouvelles \u00ab\u00a0mesures de trafic\u00a0\u00bb vont \u00eatre prises&hellip;\n","protected":false},"author":2,"featured_media":354667,"comment_status":"","ping_status":"","sticky":false,"template":"","format":"standard","meta":{"footnotes":""},"categories":[2816],"tags":[1111,11,5728,1777,674,1011,27,12,2680,25,104,2312],"class_list":{"0":"post-354666","1":"post","2":"type-post","3":"status-publish","4":"format-standard","5":"has-post-thumbnail","7":"category-toulouse","8":"tag-actu","9":"tag-actualites","10":"tag-autoroute-castres-toulouse-a69","11":"tag-eu","12":"tag-europe","13":"tag-fr","14":"tag-france","15":"tag-news","16":"tag-occitanie","17":"tag-republique-francaise","18":"tag-societe","19":"tag-toulouse"},"share_on_mastodon":{"url":"https:\/\/pubeurope.com\/@fr\/115118129075900421","error":""},"_links":{"self":[{"href":"https:\/\/www.europesays.com\/fr\/wp-json\/wp\/v2\/posts\/354666","targetHints":{"allow":["GET"]}}],"collection":[{"href":"https:\/\/www.europesays.com\/fr\/wp-json\/wp\/v2\/posts"}],"about":[{"href":"https:\/\/www.europesays.com\/fr\/wp-json\/wp\/v2\/types\/post"}],"author":[{"embeddable":true,"href":"https:\/\/www.europesays.com\/fr\/wp-json\/wp\/v2\/users\/2"}],"replies":[{"embeddable":true,"href":"https:\/\/www.europesays.com\/fr\/wp-json\/wp\/v2\/comments?post=354666"}],"version-history":[{"count":0,"href":"https:\/\/www.europesays.com\/fr\/wp-json\/wp\/v2\/posts\/354666\/revisions"}],"wp:featuredmedia":[{"embeddable":true,"href":"https:\/\/www.europesays.com\/fr\/wp-json\/wp\/v2\/media\/354667"}],"wp:attachment":[{"href":"https:\/\/www.europesays.com\/fr\/wp-json\/wp\/v2\/media?parent=354666"}],"wp:term":[{"taxonomy":"category","embeddable":true,"href":"https:\/\/www.europesays.com\/fr\/wp-json\/wp\/v2\/categories?post=354666"},{"taxonomy":"post_tag","embeddable":true,"href":"https:\/\/www.europesays.com\/fr\/wp-json\/wp\/v2\/tags?post=354666"}],"curies":[{"name":"wp","href":"https:\/\/api.w.org\/{rel}","templated":true}]}}