{"id":354668,"date":"2025-08-30T14:13:12","date_gmt":"2025-08-30T14:13:12","guid":{"rendered":"https:\/\/www.europesays.com\/fr\/354668\/"},"modified":"2025-08-30T14:13:12","modified_gmt":"2025-08-30T14:13:12","slug":"toulouse-vs-psg-la-compo-probable","status":"publish","type":"post","link":"https:\/\/www.europesays.com\/fr\/354668\/","title":{"rendered":"Toulouse vs PSG : la compo probable"},"content":{"rendered":"<p>Le PSG se d\u00e9place \u00e0 Toulouse ce samedi (21h05, sur Ligue 1+) pour le premier choc du haut de tableau de cette Ligue 1. Les deux \u00e9quipes sont invaincues apr\u00e8s deux journ\u00e9es et visent un 3\/3 pour s\u2019installer en t\u00eate du classement.<\/p>\n<p>Bonne nouvelle pour Luis Enrique : son groupe \u00e9tait quasiment au complet \u00e0 l\u2019entra\u00eenement vendredi. Donnarumma continue de s\u2019entra\u00eener, mais reste avec les lofteurs. Kvaratskhelia, un temps touch\u00e9, semble remis et devrait \u00eatre disponible. Mayulu est encore juste, tandis que Barcola et Vitinha seront bien l\u00e0.<\/p>\n<p>La compo probable (4-3-3) : Chevalier \u2013 Hakimi, Marquinhos, Zabarnyi ou Pacho, Nuno Mendes \u2013 Vitinha, Neves, Ruiz \u2013 Demb\u00e9l\u00e9, Gon\u00e7alo Ramos, Dou\u00e9 ou Barcola. Un onze qui devra se montrer solide face \u00e0 une \u00e9quipe toulousaine en confiance.<\/p>\n<p>Un match d\u00e9j\u00e0 r\u00e9v\u00e9lateur pour le PSG, qui veut affirmer sa domination en Ligue 1, et pour Toulouse, bien d\u00e9cid\u00e9 \u00e0 jouer les trouble-f\u00eates d\u00e8s le mois d\u2019ao\u00fbt.<\/p>\n<p class=\"relate\">A lire aussi:<\/p>\n","protected":false},"excerpt":{"rendered":"Le PSG se d\u00e9place \u00e0 Toulouse ce samedi (21h05, sur Ligue 1+) pour le premier choc du haut&hellip;\n","protected":false},"author":2,"featured_media":354677,"comment_status":"","ping_status":"","sticky":false,"template":"","format":"standard","meta":{"footnotes":""},"categories":[2816],"tags":[1111,11,1777,674,1011,27,12,2680,25,2312],"class_list":{"0":"post-354668","1":"post","2":"type-post","3":"status-publish","4":"format-standard","5":"has-post-thumbnail","7":"category-toulouse","8":"tag-actu","9":"tag-actualites","10":"tag-eu","11":"tag-europe","12":"tag-fr","13":"tag-france","14":"tag-news","15":"tag-occitanie","16":"tag-republique-francaise","17":"tag-toulouse"},"share_on_mastodon":{"url":"https:\/\/pubeurope.com\/@fr\/115118132563308647","error":""},"_links":{"self":[{"href":"https:\/\/www.europesays.com\/fr\/wp-json\/wp\/v2\/posts\/354668","targetHints":{"allow":["GET"]}}],"collection":[{"href":"https:\/\/www.europesays.com\/fr\/wp-json\/wp\/v2\/posts"}],"about":[{"href":"https:\/\/www.europesays.com\/fr\/wp-json\/wp\/v2\/types\/post"}],"author":[{"embeddable":true,"href":"https:\/\/www.europesays.com\/fr\/wp-json\/wp\/v2\/users\/2"}],"replies":[{"embeddable":true,"href":"https:\/\/www.europesays.com\/fr\/wp-json\/wp\/v2\/comments?post=354668"}],"version-history":[{"count":0,"href":"https:\/\/www.europesays.com\/fr\/wp-json\/wp\/v2\/posts\/354668\/revisions"}],"wp:featuredmedia":[{"embeddable":true,"href":"https:\/\/www.europesays.com\/fr\/wp-json\/wp\/v2\/media\/354677"}],"wp:attachment":[{"href":"https:\/\/www.europesays.com\/fr\/wp-json\/wp\/v2\/media?parent=354668"}],"wp:term":[{"taxonomy":"category","embeddable":true,"href":"https:\/\/www.europesays.com\/fr\/wp-json\/wp\/v2\/categories?post=354668"},{"taxonomy":"post_tag","embeddable":true,"href":"https:\/\/www.europesays.com\/fr\/wp-json\/wp\/v2\/tags?post=354668"}],"curies":[{"name":"wp","href":"https:\/\/api.w.org\/{rel}","templated":true}]}}