{"id":354669,"date":"2025-08-30T14:20:20","date_gmt":"2025-08-30T14:20:20","guid":{"rendered":"https:\/\/www.europesays.com\/fr\/354669\/"},"modified":"2025-08-30T14:20:20","modified_gmt":"2025-08-30T14:20:20","slug":"suivez-le-match-de-la-3e-journee-de-ligue-1-en-live","status":"publish","type":"post","link":"https:\/\/www.europesays.com\/fr\/354669\/","title":{"rendered":"suivez le match de la 3e journ\u00e9e de Ligue 1 en live"},"content":{"rendered":"<p>Coup d&rsquo;arr\u00eat pour Giroud, bless\u00e9 et forfait pour le d\u00e9placement \u00e0 Lorient<\/p>\n<p><a href=\"https:\/\/rmcsport.bfmtv.com\/football\/clubs\/losc-lille\/lille-coup-d-arret-pour-giroud-blesse-et-forfait-pour-le-deplacement-a-lorient_AV-202508300215.html\" title=\"Lille: coup d&#039;arr\u00eat pour Giroud, bless\u00e9 et forfait pour le d\u00e9placement \u00e0 Lorient\" class=\"internal_link\" rel=\"nofollow noopener\" target=\"_blank\">Olivier Giroud est forfait<\/a> pour le d\u00e9placement \u00e0 Lorient ce samedi, lors de la 3e journ\u00e9e de Ligue 1. Selon L&rsquo;Equipe, l&rsquo;attaquant du LOSC souffre d&rsquo;un p\u00e9pin musculaire, sans gravit\u00e9 toutefois.<\/p>\n<p>Bonjour \u00e0 tous<\/p>\n<p>Bienvenue sur RMC Sport pour suivre en direct comment\u00e9 le match de la 3e journ\u00e9e de Ligue 1 entre Lorient et Lille. Les Dogues restent sur une victoire face \u00e0 l&rsquo;AS Monaco (1-0), gr\u00e2ce \u00e0 un but d&rsquo;Olivier Giroud, forfait pour ce d\u00e9placement. Les Merlus ont eux largement battu Rennes (4-0) dimanche dernier.<\/p>\n","protected":false},"excerpt":{"rendered":"Coup d&rsquo;arr\u00eat pour Giroud, bless\u00e9 et forfait pour le d\u00e9placement \u00e0 Lorient Olivier Giroud est forfait pour le&hellip;\n","protected":false},"author":2,"featured_media":354670,"comment_status":"","ping_status":"","sticky":false,"template":"","format":"standard","meta":{"footnotes":""},"categories":[2815],"tags":[1111,11,1777,674,1011,27,811,1307,12,25],"class_list":{"0":"post-354669","1":"post","2":"type-post","3":"status-publish","4":"format-standard","5":"has-post-thumbnail","7":"category-lille","8":"tag-actu","9":"tag-actualites","10":"tag-eu","11":"tag-europe","12":"tag-fr","13":"tag-france","14":"tag-hauts-de-france","15":"tag-lille","16":"tag-news","17":"tag-republique-francaise"},"share_on_mastodon":{"url":"https:\/\/pubeurope.com\/@fr\/115118160246994854","error":""},"_links":{"self":[{"href":"https:\/\/www.europesays.com\/fr\/wp-json\/wp\/v2\/posts\/354669","targetHints":{"allow":["GET"]}}],"collection":[{"href":"https:\/\/www.europesays.com\/fr\/wp-json\/wp\/v2\/posts"}],"about":[{"href":"https:\/\/www.europesays.com\/fr\/wp-json\/wp\/v2\/types\/post"}],"author":[{"embeddable":true,"href":"https:\/\/www.europesays.com\/fr\/wp-json\/wp\/v2\/users\/2"}],"replies":[{"embeddable":true,"href":"https:\/\/www.europesays.com\/fr\/wp-json\/wp\/v2\/comments?post=354669"}],"version-history":[{"count":0,"href":"https:\/\/www.europesays.com\/fr\/wp-json\/wp\/v2\/posts\/354669\/revisions"}],"wp:featuredmedia":[{"embeddable":true,"href":"https:\/\/www.europesays.com\/fr\/wp-json\/wp\/v2\/media\/354670"}],"wp:attachment":[{"href":"https:\/\/www.europesays.com\/fr\/wp-json\/wp\/v2\/media?parent=354669"}],"wp:term":[{"taxonomy":"category","embeddable":true,"href":"https:\/\/www.europesays.com\/fr\/wp-json\/wp\/v2\/categories?post=354669"},{"taxonomy":"post_tag","embeddable":true,"href":"https:\/\/www.europesays.com\/fr\/wp-json\/wp\/v2\/tags?post=354669"}],"curies":[{"name":"wp","href":"https:\/\/api.w.org\/{rel}","templated":true}]}}