{"id":354673,"date":"2025-08-30T14:22:17","date_gmt":"2025-08-30T14:22:17","guid":{"rendered":"https:\/\/www.europesays.com\/fr\/354673\/"},"modified":"2025-08-30T14:22:17","modified_gmt":"2025-08-30T14:22:17","slug":"transferts-om-marseille-signe-arthur-vermeeren","status":"publish","type":"post","link":"https:\/\/www.europesays.com\/fr\/354673\/","title":{"rendered":"Transferts OM : Marseille signe Arthur Vermeeren"},"content":{"rendered":"<p style=\"text-align: justify;\"><strong>TRANSFERTS \u2013 Selon Fabrizio Romano et la Minute OM, l\u2019Olympique de Marseille a obtenu le pr\u00eat d\u2019Arthur Vermeeren.<br \/><\/strong><\/p>\n<p style=\"text-align: justify;\">Les choses s\u2019emballent \u00e0 <strong>Marseille<\/strong> \u00e0 l\u2019approche de la fin du mercato, car le club veut encore boucler plusieurs renforts. En d\u00e9fense centrale, l\u2019<strong>Olympique de Marseille<\/strong> n\u2019a pas abandonn\u00e9 les pistes menant \u00e0 <strong>Joel<\/strong> <strong>Ord\u00f3\u00f1ez<\/strong> et <strong>Nayef<\/strong> <strong>Aguerd,<\/strong> mais a aussi entam\u00e9 des discussions avec <strong>Leipzig<\/strong> pour <strong>Lutsharel<\/strong> <strong>Geertruida<\/strong>, d\u00e9fenseur n\u00e9erlandais.<\/p>\n<p><a href=\"https:\/\/dicodusport.fr\/blog\/transferts-om-kobbie-mainoo-oleksandr-zinchenko-les-dernieres-rumeurs-a-marseille\/\" class=\"vlp-link\" title=\"Transferts OM : Kobbie Mainoo, Oleksandr Zinchenko, les derni\u00e8res rumeurs \u00e0 Marseille\" target=\"_blank\" rel=\"noopener\"><img loading=\"lazy\" decoding=\"async\" style=\"max-width: 792px;\" width=\"792\" height=\"445\" class=\"attachment-800x445 size-800x445 perfmatters-lazy\" alt=\"\" src=\"https:\/\/www.europesays.com\/fr\/wp-content\/uploads\/2025\/08\/Transferts-OM-Kobbie-Mainoo-Oleksandr-Zinchenko-les-dernieres-rumeurs-a-Marseille.png\"  data-\/><\/p>\n<p>Transferts OM : Kobbie Mainoo, Oleksandr Zinchenko, les derni\u00e8res rumeurs \u00e0 Marseille<\/p>\n<p>TRANSFERTS &#8211; Selon la presse \u00e9trang\u00e8re, l&rsquo;Olympique de Marseille a pris des renseignements pour recruter Kobbie Mainoo et Oleksandr Zinchenko.<\/p>\n<p>Lire l&rsquo;article<\/p>\n<p>dicodusport.fr<\/p>\n<p>Arthur Vermeeren arrive \u00e0 Marseille<\/p>\n<p style=\"text-align: justify;\">Alors que l\u2019<strong>OM<\/strong> discute avec <strong>Leipzig<\/strong> pour <strong>Lutsharel<\/strong> <strong>Geertruida,<\/strong> les dirigeants viennent de boucler un autre dossier avec le club allemand. Et chose assez rare pour un club comme <strong>Marseille<\/strong>, aucune rumeur n\u2019avait circul\u00e9 \u00e0 son sujet avant aujourd\u2019hui. Et pourtant, le milieu de terrain <strong>Arthur<\/strong> <strong>Vermeeren<\/strong> est attendu dans quelques heures en France.<\/p>\n<p style=\"text-align: justify;\">Les dirigeants de l\u2019<strong>Olympique de Marseille<\/strong> ont trouv\u00e9 un accord avec Leipzig pour un pr\u00eat avec option d\u2019achat pour <strong>Arthur<\/strong> <strong>Vermeeren<\/strong>. Pass\u00e9 par l\u2019<strong>Atl\u00e9tico Madrid<\/strong>, il a pos\u00e9 ses valises en <strong>Allemagne<\/strong> il y a un an. Annonc\u00e9 comme un tr\u00e8s grand talent, il a pour le moment eu du mal \u00e0 confirmer, mais veut se relancer en Ligue 1.<\/p>\n<p><a href=\"https:\/\/dicodusport.fr\/blog\/mercato-om-2025-2026-le-tableau-complet-des-transferts-arrivees-et-departs\/\" class=\"vlp-link\" title=\"Mercato OM 2025-2026 : Le tableau complet des transferts, arriv\u00e9es et d\u00e9parts\" target=\"_blank\" rel=\"noopener\"><img loading=\"lazy\" decoding=\"async\" style=\"max-width: 792px;\" width=\"792\" height=\"445\" class=\"attachment-800x445 size-800x445 perfmatters-lazy\" alt=\"Mercato OM 2025-2026 Le tableau complet des transferts, arriv\u00e9es et d\u00e9parts\" src=\"https:\/\/www.europesays.com\/fr\/wp-content\/uploads\/2025\/08\/Mercato-OM-2025-2026-Le-tableau-complet-des-transferts-arrivees-et-departs.png\"  data-\/><\/p>\n<p>Mercato OM 2025-2026 : Le tableau complet des transferts, arriv\u00e9es et d\u00e9parts<\/p>\n<p>TRANSFERTS OM &#8211; Retrouvez tous les mouvements de l&rsquo;Olympique de Marseille pour l&rsquo;intersaison 2025 en Ligue 1. Arriv\u00e9es, d\u00e9part, pr\u00eats, transferts d\u00e9finitifs, ne ratez rien du mercato estival.\u00a0<\/p>\n<p>Lire l&rsquo;article<\/p>\n<p>dicodusport.fr<\/p>\n","protected":false},"excerpt":{"rendered":"TRANSFERTS \u2013 Selon Fabrizio Romano et la Minute OM, l\u2019Olympique de Marseille a obtenu le pr\u00eat d\u2019Arthur Vermeeren.&hellip;\n","protected":false},"author":2,"featured_media":354674,"comment_status":"","ping_status":"","sticky":false,"template":"","format":"standard","meta":{"footnotes":""},"categories":[2814],"tags":[1111,11,2113,1777,674,1011,27,884,12,882,25,48444],"class_list":{"0":"post-354673","1":"post","2":"type-post","3":"status-publish","4":"format-standard","5":"has-post-thumbnail","7":"category-marseille","8":"tag-actu","9":"tag-actualites","10":"tag-breve","11":"tag-eu","12":"tag-europe","13":"tag-fr","14":"tag-france","15":"tag-marseille","16":"tag-news","17":"tag-provence-alpes-cote-dazur","18":"tag-republique-francaise","19":"tag-transferts-om"},"share_on_mastodon":{"url":"https:\/\/pubeurope.com\/@fr\/115118168636491846","error":""},"_links":{"self":[{"href":"https:\/\/www.europesays.com\/fr\/wp-json\/wp\/v2\/posts\/354673","targetHints":{"allow":["GET"]}}],"collection":[{"href":"https:\/\/www.europesays.com\/fr\/wp-json\/wp\/v2\/posts"}],"about":[{"href":"https:\/\/www.europesays.com\/fr\/wp-json\/wp\/v2\/types\/post"}],"author":[{"embeddable":true,"href":"https:\/\/www.europesays.com\/fr\/wp-json\/wp\/v2\/users\/2"}],"replies":[{"embeddable":true,"href":"https:\/\/www.europesays.com\/fr\/wp-json\/wp\/v2\/comments?post=354673"}],"version-history":[{"count":0,"href":"https:\/\/www.europesays.com\/fr\/wp-json\/wp\/v2\/posts\/354673\/revisions"}],"wp:featuredmedia":[{"embeddable":true,"href":"https:\/\/www.europesays.com\/fr\/wp-json\/wp\/v2\/media\/354674"}],"wp:attachment":[{"href":"https:\/\/www.europesays.com\/fr\/wp-json\/wp\/v2\/media?parent=354673"}],"wp:term":[{"taxonomy":"category","embeddable":true,"href":"https:\/\/www.europesays.com\/fr\/wp-json\/wp\/v2\/categories?post=354673"},{"taxonomy":"post_tag","embeddable":true,"href":"https:\/\/www.europesays.com\/fr\/wp-json\/wp\/v2\/tags?post=354673"}],"curies":[{"name":"wp","href":"https:\/\/api.w.org\/{rel}","templated":true}]}}