{"id":354678,"date":"2025-08-30T14:30:10","date_gmt":"2025-08-30T14:30:10","guid":{"rendered":"https:\/\/www.europesays.com\/fr\/354678\/"},"modified":"2025-08-30T14:30:10","modified_gmt":"2025-08-30T14:30:10","slug":"quelle-meteo-a-paris-et-en-ile-de-france","status":"publish","type":"post","link":"https:\/\/www.europesays.com\/fr\/354678\/","title":{"rendered":"quelle m\u00e9t\u00e9o \u00e0 Paris et en \u00cele-de-France\u00a0?"},"content":{"rendered":"<p>            Par<br \/>\n        <strong><br \/>\n            <a href=\"https:\/\/actu.fr\/auteur\/redaction-paris\" title=\"Consulter tous les articles de R\u00e9daction Paris\" target=\"_blank\" rel=\"noopener\">R\u00e9daction Paris<\/a><br \/>\n        <\/strong><\/p>\n<p>        Publi\u00e9 le<\/p>\n<p>            30 ao\u00fbt 2025 \u00e0 15h40        <\/p>\n<p>La <a href=\"https:\/\/actu.fr\/paris\/meteo\" target=\"_blank\" rel=\"noopener\">m\u00e9t\u00e9o<\/a> s\u2019annonce dantesque sur une partie de la France ce week-end avec l\u2019arriv\u00e9e ce samedi 30 ao\u00fbt par la Bretagne d\u2019une perturbation active, qui apportera des pluies sur une grande partie du pays dimanche tandis que des <a href=\"https:\/\/actu.fr\/tag\/orages\" target=\"_blank\" rel=\"noopener\">orages<\/a> localement violents sont annonc\u00e9s dans le sud par <a href=\"https:\/\/actu.fr\/tag\/meteo-france\" target=\"_blank\" rel=\"noopener\">M\u00e9t\u00e9o France<\/a>. Dans ce contexte agit\u00e9e, \u00e0 quel temps faut-il s\u2019attendre \u00e0 Paris et en \u00cele-de-France apr\u00e8s les orages qui ont \u00e9clat\u00e9 vendredi en fin d\u2019apr\u00e8s-midi ?\u00a0<\/p>\n<p>Les pr\u00e9visions de M\u00e9t\u00e9o France<\/p>\n<p class=\" wall-content\">Ce samedi apr\u00e8s-midi, une nouvelle perturbation active aborde la Bretagne, s\u2019\u00e9tendant dimanche des Landes jusqu\u2019\u00e0 la fronti\u00e8re belge. \u00ab\u00a0Cette perturbation progresse dimanche vers l\u2019est au fil de la journ\u00e9e et prend un caract\u00e8re instable, plus marqu\u00e9 sur le quart sud-ouest, indique M\u00e9t\u00e9o France. A l\u2019arri\u00e8re, sur le nord et l\u2019ouest du pays, les \u00e9claircies gagnent du terrain dans un ciel de tra\u00eene, o\u00f9 quelques averses persistent notamment sur la Bretagne et la Normandie. \u00c0 l\u2019avant, le sud-est et les Alpes b\u00e9n\u00e9ficient encore d\u2019un temps largement ensoleill\u00e9 dimanche\u00a0\u00bb.\u00a0<\/p>\n<p class=\" wall-content\">En \u00cele-de-France, le ciel va se couvrir et des petites pluies sont attendues durant la nuit. Le ciel sera \u00e0 nouveau couvert dimanche et des pluies faibles sont annonc\u00e9es dans l\u2019apr\u00e8s-midi. Pas tr\u00e8s r\u00e9jouissant mais toujours mieux que ce qui attend le sud du pays.\u00a0<\/p>\n<p class=\" wall-content\">Pour la journ\u00e9e de dimanche, <a href=\"https:\/\/actu.fr\/meteo\/des-orages-localement-violents-attendus-ce-dimanche-40-departements-en-vigilance-voici-ou-ca-va-taper_63096936.html\" target=\"_blank\" rel=\"noopener\">40 d\u00e9partements<\/a> ont \u00e9t\u00e9 plac\u00e9s en vigilance jaune aux orages. Une vigilance qui s\u2019arr\u00eate aux fronti\u00e8res de la Seine-et-Marne. L\u2019\u00cele-de-France devrait donc \u00eatre \u00e9pargn\u00e9e.\u00a0<\/p>\n<p class=\" wall-content\">Dimanche soir notamment, ils devraient \u00e9clater sur le pourtour m\u00e9diterran\u00e9en, accompagn\u00e9es de pluies fortes, de gr\u00eale et de rafales marqu\u00e9es.\u00a0 \u00ab\u00a0Durant la nuit suivante, la perturbation poursuit sa progression en pivotant et en se dynamisant, aliment\u00e9e par des remont\u00e9es m\u00e9diterran\u00e9ennes, d\u00e9veloppe M\u00e9t\u00e9o France. D\u00e8s le milieu de nuit, les pr\u00e9cipitations et les orages concernent progressivement un axe allant des C\u00e9vennes \u00e0 la Franche-Comt\u00e9\u00a0\u00bb.\u00a0<\/p>\n<p class=\" wall-content\">\n<p class=\" wall-content\">Lundi matin, la bande pluvieuse et orageuse se d\u00e9place plus \u00e0 l\u2019est et tend \u00e0 s\u2019immobiliser sur l\u2019est de la basse et de la moyenne vall\u00e9e du Rh\u00f4ne, avec des intensit\u00e9s pluvieuses soutenues. \u00a0<\/p>\n<p class=\" wall-content\">Au contraire, dans la capitale et la r\u00e9gion, le temps sera sec et ensoleill\u00e9. On attend 21\u00b0C dans l\u2019apr\u00e8s-midi.\u00a0<\/p>\n<p class=\" wall-content\">Personnalisez votre actualit\u00e9 en ajoutant vos villes et m\u00e9dias en favori avec <a href=\"https:\/\/moncompte.actu.fr\" title=\"D\u00e9couvez Mon Actu\" rel=\"nofollow noopener\" data-trk=\"{&quot;cta&quot;:{&quot;action&quot;:&quot;https:\\\/\\\/moncompte.actu.fr&quot;,&quot;category&quot;:&quot;mon compte&quot;,&quot;from&quot;:&quot;article footer&quot;,&quot;name&quot;:&quot;Mon actu&quot;,&quot;type&quot;:&quot;cta&quot;}}\" target=\"_blank\">Mon Actu<\/a>.<\/p>\n","protected":false},"excerpt":{"rendered":"Par R\u00e9daction Paris Publi\u00e9 le 30 ao\u00fbt 2025 \u00e0 15h40 La m\u00e9t\u00e9o s\u2019annonce dantesque sur une partie de&hellip;\n","protected":false},"author":2,"featured_media":277462,"comment_status":"","ping_status":"","sticky":false,"template":"","format":"standard","meta":{"footnotes":""},"categories":[1592],"tags":[1111,11,1777,674,1011,27,662,2487,2357,12,4594,626,25],"class_list":{"0":"post-354678","1":"post","2":"type-post","3":"status-publish","4":"format-standard","5":"has-post-thumbnail","7":"category-ile-de-france","8":"tag-actu","9":"tag-actualites","10":"tag-eu","11":"tag-europe","12":"tag-fr","13":"tag-france","14":"tag-ile-de-france","15":"tag-meteo","16":"tag-meteo-france","17":"tag-news","18":"tag-orages","19":"tag-paris","20":"tag-republique-francaise"},"share_on_mastodon":{"url":"https:\/\/pubeurope.com\/@fr\/115118199721050861","error":""},"_links":{"self":[{"href":"https:\/\/www.europesays.com\/fr\/wp-json\/wp\/v2\/posts\/354678","targetHints":{"allow":["GET"]}}],"collection":[{"href":"https:\/\/www.europesays.com\/fr\/wp-json\/wp\/v2\/posts"}],"about":[{"href":"https:\/\/www.europesays.com\/fr\/wp-json\/wp\/v2\/types\/post"}],"author":[{"embeddable":true,"href":"https:\/\/www.europesays.com\/fr\/wp-json\/wp\/v2\/users\/2"}],"replies":[{"embeddable":true,"href":"https:\/\/www.europesays.com\/fr\/wp-json\/wp\/v2\/comments?post=354678"}],"version-history":[{"count":0,"href":"https:\/\/www.europesays.com\/fr\/wp-json\/wp\/v2\/posts\/354678\/revisions"}],"wp:featuredmedia":[{"embeddable":true,"href":"https:\/\/www.europesays.com\/fr\/wp-json\/wp\/v2\/media\/277462"}],"wp:attachment":[{"href":"https:\/\/www.europesays.com\/fr\/wp-json\/wp\/v2\/media?parent=354678"}],"wp:term":[{"taxonomy":"category","embeddable":true,"href":"https:\/\/www.europesays.com\/fr\/wp-json\/wp\/v2\/categories?post=354678"},{"taxonomy":"post_tag","embeddable":true,"href":"https:\/\/www.europesays.com\/fr\/wp-json\/wp\/v2\/tags?post=354678"}],"curies":[{"name":"wp","href":"https:\/\/api.w.org\/{rel}","templated":true}]}}