{"id":354679,"date":"2025-08-30T14:31:17","date_gmt":"2025-08-30T14:31:17","guid":{"rendered":"https:\/\/www.europesays.com\/fr\/354679\/"},"modified":"2025-08-30T14:31:17","modified_gmt":"2025-08-30T14:31:17","slug":"un-college-prive-accuse-detre-proche-de-lextreme-droite-prevoit-douvrir-ses-portes-a-la-rentree","status":"publish","type":"post","link":"https:\/\/www.europesays.com\/fr\/354679\/","title":{"rendered":"un coll\u00e8ge priv\u00e9 accus\u00e9 d&rsquo;\u00eatre proche de l&rsquo;extr\u00eame droite pr\u00e9voit d&rsquo;ouvrir ses portes \u00e0 la rentr\u00e9e"},"content":{"rendered":"<p class=\"article__intro\">Ce samedi 30 ao\u00fbt, les membres du collectif \u00ab\u00a0Morvan Mobilisation Solidaire\u00a0\u00bb se rassemblent une nouvelle fois devant le Cours Vauban \u00e0 Etang-sur-Arroux (Sa\u00f4ne-et-Loire). A quelques jours de la rentr\u00e9e scolaire, ils s&rsquo;opposent \u00e0 l&rsquo;ouverture d&rsquo;un coll\u00e8ge priv\u00e9 qu&rsquo;ils accusent d&rsquo;\u00eatre li\u00e9 financi\u00e8rement \u00e0 l\u2019extr\u00eame droite et aux milieux catholiques traditionalistes. <\/p>\n<p>\n      La Quotidienne Soci\u00e9t\u00e9\n    <\/p>\n<p>\n      De la vie quotidienne aux grands enjeux, recevez tous les jours les sujets qui font la soci\u00e9t\u00e9 locale, comme la justice, l\u2019\u00e9ducation, la sant\u00e9 et la famille.\n    <\/p>\n<p>    France T\u00e9l\u00e9visions utilise votre adresse e-mail afin de vous envoyer la newsletter \u00ab\u00a0La Quotidienne Soci\u00e9t\u00e9\u00a0\u00bb. Vous pouvez vous d\u00e9sinscrire \u00e0 tout moment via le lien en bas de cette newsletter. <a target=\"_blank\" href=\"https:\/\/www.francetelevisions.fr\/groupe\/confidentialite\/politique-de-confidentialite\/politique-de-confidentialite-de-france-televisions-6503\" rel=\"nofollow noopener\">Notre politique de confidentialit\u00e9<\/a><\/p>\n<p>\u00c0 deux jours de la rentr\u00e9e, le coll\u00e8ge priv\u00e9 d&rsquo;Etang-sur-Arroux (Sa\u00f4ne-et-Loire) ouvrira-t-il ses portes ? L&rsquo;\u00e9tablissement assure que oui, alors que les travaux de construction des classes sont arr\u00eat\u00e9s depuis pr\u00e8s de quatre semaines. <a href=\"https:\/\/france3-regions.franceinfo.fr\/bourgogne-franche-comte\/saone-et-loire\/la-rentree-aura-t-elle-lieu-dans-ce-college-du-morvan-accuse-d-etre-proche-de-l-extreme-droite-cela-nous-parait-impossible-3203435.html\" target=\"_blank\" rel=\"noopener noreferrer nofollow\" data-tooltip-url=\"https:\/\/france3-regions.franceinfo.fr\/bourgogne-franche-comte\/saone-et-loire\/la-rentree-aura-t-elle-lieu-dans-ce-college-du-morvan-accuse-d-etre-proche-de-l-extreme-droite-cela-nous-parait-impossible-3203435.html\">La pr\u00e9fecture du d\u00e9partement a suspendu le chantier le 4 ao\u00fbt dernier pour non-respect de la loi sur l\u2019eau<\/a>, donnant ainsi raison aux habitants du territoire. <\/p>\n<p>Ces derniers, pour beaucoup rassembl\u00e9s au sein du collectif citoyen <a href=\"https:\/\/www.facebook.com\/morvanmobilisationsolidaire\/\" target=\"_blank\" rel=\"noopener noreferrer nofollow\" data-tooltip-url=\"https:\/\/www.facebook.com\/morvanmobilisationsolidaire\/\">\u201cMorvan Mobilisation Solidaire\u201d<\/a>, s&rsquo;opposent au projet. Mobilis\u00e9s depuis le 8 avril, ils appellent \u00e0 nouveau \u00e0 se rassembler <strong>ce samedi 30 ao\u00fbt 2025 \u00e0 15 heures devant le Cours Vauban<\/strong>, afin de venir d\u00e9couvrir \u201cce qui se cache derri\u00e8re le Cours Vauban\u201d. \u00a0<\/p>\n<p>\u201cVenez admirer le b\u00e9tonnage de la parcelle et rencontrer tous ceux qui ont soutenus et permis l\u2019installation d\u2019un coll\u00e8ge hors contrat identitaire et int\u00e9griste aux portes du Morvan\u201d, indique le collectif par voie de communiqu\u00e9.<\/p>\n<\/p>\n<p>En avril dernier, l\u2019organisme <a href=\"https:\/\/www.excellenceruralites.org\/\" target=\"_blank\" rel=\"noopener noreferrer nofollow\" data-tooltip-url=\"https:\/\/www.excellenceruralites.org\/\">Excellence Ruralit\u00e9s<\/a> a annonc\u00e9 la construction d\u2019un \u00e9tablissement scolaire priv\u00e9 \u00e0 Etang-sur-Arroux. L\u2019objectif ? Ouvrir une classe de sixi\u00e8me et une autre de cinqui\u00e8me, d\u2019une dizaine d\u2019\u00e9l\u00e8ves chacune, \u00e0 la rentr\u00e9e 2025. \u00a0<\/p>\n<p>L&rsquo;\u00e9tablissement promet de lutter contre le d\u00e9crochage scolaire avec des classes \u00e0 effectifs r\u00e9duits, des professeurs \u00ab\u00a0\u00e9ducateurs\u00a0\u00bb qui assurent un suivi personnalis\u00e9 aux \u00e9l\u00e8ves et aucun crit\u00e8re de s\u00e9lection pour int\u00e9grer le coll\u00e8ge.\u00a0<\/p>\n<p>Ce nouveau coll\u00e8ge pr\u00e9voit de recevoir par la suite des \u00e9l\u00e8ves de quatri\u00e8me, dans des pr\u00e9fabriqu\u00e9s, afin de les pr\u00e9parer au passage du brevet. Il s\u2019agirait du troisi\u00e8me \u00e9tablissement \u00e0 faire partie du r\u00e9seau Excellence Ruralit\u00e9s en France, apr\u00e8s le Cours Clovis (Aisne) et le Cours Ali\u00e9nor d\u2019Aquitaine (Charente). \u00a0<\/p>\n<p>Probl\u00e8me : l\u2019organisme est contest\u00e9 pour ses liens suppos\u00e9s avec l\u2019extr\u00eame droite et les milieux catholiques traditionalistes, notamment en raison de ses sources de financement. Il est financ\u00e9 \u00e0 90 % par des dons d\u2019entreprises, de fondations et de particuliers et\u00a0notamment \u00ab\u00a0Le Fonds du Bien Commun\u00a0\u00bb, soutenu par le milliardaire Pierre-\u00c9douard St\u00e9rin. Ce dernier, r\u00e9sident en Belgique, est connu pour <a href=\"https:\/\/www.franceinfo.fr\/politique\/front-national\/plan-pericles-ce-que-l-on-sait-du-projet-du-milliardaire-catholique-pierre-edouard-sterin-pour-promouvoir-des-valeurs-conservatrices-et-faire-gagner-la-droite-aux-elections_6677268.html\" target=\"_blank\" rel=\"noopener noreferrer nofollow\" data-tooltip-url=\"https:\/\/www.franceinfo.fr\/politique\/front-national\/plan-pericles-ce-que-l-on-sait-du-projet-du-milliardaire-catholique-pierre-edouard-sterin-pour-promouvoir-des-valeurs-conservatrices-et-faire-gagner-la-droite-aux-elections_6677268.html\">son plan nomm\u00e9 \u00ab\u00a0P\u00e9ricl\u00e8s\u00a0\u00bb, un plan cens\u00e9 permettre \u00e0 des candidats du Rassemblement national de remporter pr\u00e8s de 1000 \u201cpetites et moyennes communes\u201d<\/a>. <\/p>\n<p>Selon <a href=\"https:\/\/www.mediapart.fr\/journal\/france\/150425\/excellence-ruralites-l-enseignement-traditionaliste-qui-fleurit-la-ou-l-ecole-publique-est-en-souffrance\" target=\"_blank\" rel=\"noopener noreferrer nofollow\" data-tooltip-url=\"https:\/\/www.mediapart.fr\/journal\/france\/150425\/excellence-ruralites-l-enseignement-traditionaliste-qui-fleurit-la-ou-l-ecole-publique-est-en-souffrance\">M\u00e9diapart<\/a>, la Fondation Stanislas, \u00e9manation de l\u2019\u00e9cole catholique priv\u00e9e sous contrat du m\u00eame nom, serait \u00e9galement un des m\u00e9c\u00e8nes du nouvel \u00e9tablissement. Elle aurait vers\u00e9 depuis 2022, 80 000 euros \u00e0 Excellence Ruralit\u00e9s pour financer la scolarit\u00e9 de cinq \u00e9l\u00e8ves.\u00a0<\/p>\n<p>\u00ab\u00a0Ce milliardaire veut implanter des \u00e9coles comme ce futur coll\u00e8ge partout. Il s\u2019agit de cr\u00e9er une \u00e9cole traditionaliste, porteuse d\u2019id\u00e9es tr\u00e8s r\u00e9actionnaires\u00a0\u00bb, a expliqu\u00e9 Franck, un opposant \u00e0 l\u2019ouverture de l\u2019\u00e9tablissement, interrog\u00e9 lors de la <a href=\"https:\/\/france3-regions.franceinfo.fr\/bourgogne-franche-comte\/saone-et-loire\/un-college-accuse-d-etre-au-service-de-l-extreme-droite-dans-le-morvan-aucun-mecene-n-intervient-dans-la-pedagogie-3135949.html\" target=\"_blank\" rel=\"noopener noreferrer nofollow\" data-tooltip-url=\"https:\/\/france3-regions.franceinfo.fr\/bourgogne-franche-comte\/saone-et-loire\/un-college-accuse-d-etre-au-service-de-l-extreme-droite-dans-le-morvan-aucun-mecene-n-intervient-dans-la-pedagogie-3135949.html\">r\u00e9union publique organis\u00e9e le 8 avril dernier<\/a>. <\/p>\n<p><a data-article-figure=\"\" href=\"https:\/\/france3-regions.franceinfo.fr\/image\/3WCxRKcGchwnLOLZjdxB_PHYPjs\/1920x1080\/regions\/2025\/04\/09\/12-etang-sur-arroux-polemique-ouverture-college-prive-2-00-00-02-16-67f66d675fae8371933929.jpg\" data-pswp-width=\"1920\" data-pswp-height=\"1080\" target=\"_blank\" rel=\"nofollow noopener\"><\/p>\n<p>          <img width=\"600\" height=\"400\" class=\"article-image lazy\" data-src=\"https:\/\/www.europesays.com\/fr\/wp-content\/uploads\/2025\/08\/12-etang-sur-arroux-polemique-ouverture-college-prive-2-00-00-02-16-67f66d675fae8371933929.jpg\" alt=\"Une r\u00e9union d'information sur un projet de coll\u00e8ge priv\u00e9 hors contrat \u00e0 \u00c9tang-sur-Arroux (Sa\u00f4ne-et-Loire), mardi 8 avril 2025.\" fetchpriority=\"high\" as=\"image\"\/><\/p>\n<p>\n            Une r\u00e9union d&rsquo;information sur un projet de coll\u00e8ge priv\u00e9 hors contrat \u00e0 \u00c9tang-sur-Arroux (Sa\u00f4ne-et-Loire), mardi 8 avril 2025.<br \/>\n                           \u2022<br \/>\n                                      \u00a9 LO\u00cfC HEBBACHE \/ FRANCE T\u00c9L\u00c9VISIONS\n                      <\/p>\n<p><\/a><\/p>\n<p>Lors de cette r\u00e9union, Jean-Baptiste Noilhac, directeur et cofondateur d\u2019Excellence Ruralit\u00e9s \u00e9tait pr\u00e9sent. Il s&rsquo;est d\u00e9fendu \u00e0 notre micro : \u00ab\u00a0Nous avons \u00e9t\u00e9 tr\u00e8s clairs : aucun m\u00e9c\u00e8ne n\u2019intervient dans la p\u00e9dagogie, ni ne prend part au fonctionnement de l\u2019\u00e9cole\u00a0\u00bb.\u00a0<\/p>\n<p>Selon lui, l\u2019\u00e9tablissement r\u00e9pondrait au\u00a0\u00ab\u00a0mal-\u00eatre identitaire des enfants de la France p\u00e9riph\u00e9rique\u00a0\u00bb et se poserait en alternative \u00e0 une \u00e9cole publique qu\u2019il juge gangren\u00e9e par \u00ab\u00a0le politiquement correct, une menace contre le d\u00e9veloppement de l\u2019esprit critique de nos \u00e9l\u00e8ves\u00a0\u00bb.\u00a0<\/p>\n<p><a href=\"https:\/\/france3-regions.franceinfo.fr\/bourgogne-franche-comte\/saone-et-loire\/dans-le-morvan-la-construction-d-un-college-accuse-d-etre-lie-a-l-extreme-droite-divise-nos-enfants-ne-peuvent-etre-les-otages-d-un-projet-ideologique-3159762.html\" target=\"_blank\" rel=\"noopener noreferrer nofollow\" data-tooltip-url=\"https:\/\/france3-regions.franceinfo.fr\/bourgogne-franche-comte\/saone-et-loire\/dans-le-morvan-la-construction-d-un-college-accuse-d-etre-lie-a-l-extreme-droite-divise-nos-enfants-ne-peuvent-etre-les-otages-d-un-projet-ideologique-3159762.html\">Quant aux \u00e9lus, ils sont divis\u00e9s sur la question<\/a>. Claire Malard, pr\u00e9sidente du groupe \u00e9cologiste et solidaire au Conseil r\u00e9gional de Bourgogne-Franche-Comt\u00e9, estime que ces \u00e9tablissements ne peuvent se d\u00e9tacher enti\u00e8rement de l\u2019id\u00e9ologie de leurs m\u00e9c\u00e8nes tandis que la municipalit\u00e9 d\u2019Etang-sur-Arroux se dit favorable \u00e0 l\u2019implantation du coll\u00e8ge. \u00ab\u00a0Nous avons estim\u00e9 que l\u2019\u00e9quipe p\u00e9dagogique pr\u00e9sentait des engagements fermes et int\u00e9ressants, et que les \u00e9tablissements existants du r\u00e9seau ont montr\u00e9 de vrais r\u00e9sultats positifs\u00a0\u00bb, a soulign\u00e9 en mai dernier Andr\u00e9 Digoin, premier adjoint au maire d\u2019\u00c9tang-sur-Arroux.<\/p>\n<p>Aujourd&rsquo;hui, le chantier est \u00e0 l&rsquo;arr\u00eat, suite \u00e0 une d\u00e9cision de la pr\u00e9fecture du d\u00e9partement le 4 ao\u00fbt dernier de suspendre ses activit\u00e9s. Une premi\u00e8re victoire pour les militants du collectif. Concr\u00e8tement,\u00a0Excellence Ruralit\u00e9s n\u2019avait pas signal\u00e9 que la parcelle destin\u00e9e au futur coll\u00e8ge \u00e9tait install\u00e9e en zone humide. <\/p>\n<p>Or, ces espaces essentiels \u00e0 la biodiversit\u00e9 sont\u00a0strictement encadr\u00e9s par cette loi. L\u2019organisme\u00a0s\u2019est retrouv\u00e9\u00a0contraint de devoir\u00a0monter un nouveau dossier expliquant comment il compte prot\u00e9ger cet espace naturel. Contact\u00e9e, la pr\u00e9fecture a confirm\u00e9 qu&rsquo;Excellence Ruralit\u00e9s avait d\u00e9pos\u00e9 un dossier de r\u00e9clamation au titre de la loi sur l&rsquo;eau.\u00a0<\/p>\n<p>Si l\u2019\u00e9tablissement scolaire assure que la rentr\u00e9e aura bien lieu, la pr\u00e9fecture explique de son c\u00f4t\u00e9 qu\u2019il faut plus de 15 jours pour instruire le dossier, ce qui devrait compliquer l&rsquo;ouverture de l\u2019\u00e9tablissement en septembre. \u00a0<\/p>\n","protected":false},"excerpt":{"rendered":"Ce samedi 30 ao\u00fbt, les membres du collectif \u00ab\u00a0Morvan Mobilisation Solidaire\u00a0\u00bb se rassemblent une nouvelle fois devant le&hellip;\n","protected":false},"author":2,"featured_media":354680,"comment_status":"","ping_status":"","sticky":false,"template":"","format":"standard","meta":{"footnotes":""},"categories":[1888],"tags":[1111,1928,11,1927,1777,674,1011,27,12,1926,626,1925,25],"class_list":{"0":"post-354679","1":"post","2":"type-post","3":"status-publish","4":"format-standard","5":"has-post-thumbnail","7":"category-paris","8":"tag-actu","9":"tag-actu-paris","10":"tag-actualites","11":"tag-actualites-paris","12":"tag-eu","13":"tag-europe","14":"tag-fr","15":"tag-france","16":"tag-news","17":"tag-news-paris","18":"tag-paris","19":"tag-paris-news","20":"tag-republique-francaise"},"share_on_mastodon":{"url":"https:\/\/pubeurope.com\/@fr\/115118203420358427","error":""},"_links":{"self":[{"href":"https:\/\/www.europesays.com\/fr\/wp-json\/wp\/v2\/posts\/354679","targetHints":{"allow":["GET"]}}],"collection":[{"href":"https:\/\/www.europesays.com\/fr\/wp-json\/wp\/v2\/posts"}],"about":[{"href":"https:\/\/www.europesays.com\/fr\/wp-json\/wp\/v2\/types\/post"}],"author":[{"embeddable":true,"href":"https:\/\/www.europesays.com\/fr\/wp-json\/wp\/v2\/users\/2"}],"replies":[{"embeddable":true,"href":"https:\/\/www.europesays.com\/fr\/wp-json\/wp\/v2\/comments?post=354679"}],"version-history":[{"count":0,"href":"https:\/\/www.europesays.com\/fr\/wp-json\/wp\/v2\/posts\/354679\/revisions"}],"wp:featuredmedia":[{"embeddable":true,"href":"https:\/\/www.europesays.com\/fr\/wp-json\/wp\/v2\/media\/354680"}],"wp:attachment":[{"href":"https:\/\/www.europesays.com\/fr\/wp-json\/wp\/v2\/media?parent=354679"}],"wp:term":[{"taxonomy":"category","embeddable":true,"href":"https:\/\/www.europesays.com\/fr\/wp-json\/wp\/v2\/categories?post=354679"},{"taxonomy":"post_tag","embeddable":true,"href":"https:\/\/www.europesays.com\/fr\/wp-json\/wp\/v2\/tags?post=354679"}],"curies":[{"name":"wp","href":"https:\/\/api.w.org\/{rel}","templated":true}]}}