{"id":354681,"date":"2025-08-30T14:32:16","date_gmt":"2025-08-30T14:32:16","guid":{"rendered":"https:\/\/www.europesays.com\/fr\/354681\/"},"modified":"2025-08-30T14:32:16","modified_gmt":"2025-08-30T14:32:16","slug":"la-piscine-a-balles-gros-succes-chez-les-bulldogs-a-paris-lemergence-de-garderies-pour-chiens-actualites","status":"publish","type":"post","link":"https:\/\/www.europesays.com\/fr\/354681\/","title":{"rendered":"La piscine \u00e0 balles, \u00ab\u00a0gros succ\u00e8s chez les bulldogs\u00a0\u00bb: \u00e0 Paris, l&rsquo;\u00e9mergence de garderies pour chiens : Actualit\u00e9s"},"content":{"rendered":"<p class=\"lead \">\u00ab\u00a0A tout \u00e0 l&rsquo;heure doudou !\u00a0\u00bb: d\u00e9but de matin\u00e9e \u00e0 la cr\u00e8che parisienne Waggy, c&rsquo;est l&rsquo;heure de la s\u00e9paration pour Ingrid et son chien Od\u00e9on.<\/p>\n<p class=\"lead \">Apr\u00e8s avoir couin\u00e9 au d\u00e9part de sa ma\u00eetresse, l&rsquo;animal, un coton de Tul\u00e9ar, arpente la garderie. Ni les peluches ni le parcours d&rsquo;obstacles ne retiennent son attention.<\/p>\n<p class=\"lead \">Od\u00e9on, sept ans, pr\u00e9f\u00e8re s&rsquo;asseoir dans un coin pour observer ses compagnons du jour : Loki, un labrador d&rsquo;un an, et Bingo, une corgi de cinq mois, lanc\u00e9s dans une course effr\u00e9n\u00e9e \u00e0 la balle. <\/p>\n<p class=\"lead \">Leurs \u00ab\u00a0parents\u00a0\u00bb, comme on les surnomme ici, les y ont d\u00e9pos\u00e9s pour la journ\u00e9e. <\/p>\n<p class=\"lead \">\u00ab\u00a0On a trois types de profils: des personnes qui travaillent, celles qui veulent offrir une journ\u00e9e sympa \u00e0 leur chien et les touristes qui les font garder pendant qu&rsquo;ils visitent Paris\u00a0\u00bb, explique Maria Princi, co-fondatrice, avec Sara Chater, de la cr\u00e8che ouverte en d\u00e9but d&rsquo;ann\u00e9e dans le 14e arrondissement, qui peut accueillir jusqu&rsquo;\u00e0 neuf pensionnaires.<\/p>\n<p class=\"lead \">Apr\u00e8s un test de sociabilit\u00e9, les chiens \u00e0 jour de leurs vaccins y sont accueillis du lundi au vendredi de 8H30 \u00e0 22H30. Le tarif varie de 5,95 \u00e0 12 euros de l&rsquo;heure.<\/p>\n<p class=\"lead \">\u00ab\u00a0Les chiens ne viennent pas juste pour de la garde: on leur propose des jeux physiques, sensoriels, une balade\u2026 C&rsquo;est vraiment comme une cr\u00e8che\u00a0\u00bb, explique Sara Chater. Tout au long de la journ\u00e9e, les \u00ab\u00a0parents\u00a0\u00bb re\u00e7oivent des nouvelles et photos de leur animal. <\/p>\n<p class=\"lead \">Les deux vingtenaires, ex-ing\u00e9nieures, se sont rencontr\u00e9es en promenant leurs chiens et ont mis un an \u00e0 concr\u00e9tiser leur r\u00eave d&rsquo;ouvrir une garderie. Le plus dur? \u00ab\u00a0Trouver un local commercial adapt\u00e9 parce que les \u00e9tablissements li\u00e9s aux animaux sont consid\u00e9r\u00e9s comme des espaces avec beaucoup de nuisances sonores et qu&rsquo;il leur faut aussi de la lumi\u00e8re ext\u00e9rieure\u00a0\u00bb, d\u00e9taille Sara Chater.<\/p>\n<p class=\"lead \">Autre difficult\u00e9: l&rsquo;obtention des fonds requis aupr\u00e8s des banques, qui \u00ab\u00a0n&rsquo;avaient aucun comparatif commercial\u00a0\u00bb, au point qu&rsquo;ouvrir en tant que \u00ab\u00a0toiletteur-cr\u00e8che\u00a0\u00bb, par exemple, \u00ab\u00a0aurait sans doute \u00e9t\u00e9 plus facile\u00a0\u00bb. <\/p>\n<p class=\"lead \">D\u00e9licat en effet de chiffrer ce march\u00e9 de niche, distinct des pensions animali\u00e8res. La fondation 30 Millions d&rsquo;Amis, dans une r\u00e9action \u00e0 l&rsquo;AFP, salue une \u00ab\u00a0bonne initiative\u00a0\u00bb pour ne pas laisser son chien seul, et une \u00ab\u00a0alternative aux pet sitters\u00a0\u00bb, appelant n\u00e9anmoins \u00e0 la prudence quant \u00e0 \u00ab\u00a0la qualit\u00e9 de l&rsquo;\u00e9tablissement, les comp\u00e9tences du personnel et l&rsquo;attitude de son animal dans cet environnement\u00a0\u00bb. <\/p>\n<p class=\"lead \">Pour Ingrid, cette solution de garde permet de stimuler Od\u00e9on au contact de jeunes chiens et offre une solution plus p\u00e9renne que les dog-sitters, qui \u00ab\u00a0finissent souvent par ne plus \u00eatre disponibles\u00a0\u00bb, explique-t-elle, se rem\u00e9morant la premi\u00e8re visite d&rsquo;Od\u00e9on, \u00ab\u00a0qui ne voulait pas repartir !\u00a0\u00bb <\/p>\n<p class=\"lead \">&#8211; Lien social &#8211;<\/p>\n<p class=\"lead \">Dans le 17e arrondissement, le \u00ab\u00a0social club canin\u00a0\u00bb The Dogry, inaugur\u00e9 mi-juillet, propose mur \u00e0 jouets, toboggan et m\u00eame une piscine \u00e0 balles, qui rencontre \u00ab\u00a0un gros succ\u00e8s chez les goldens et chez les bulldogs\u00a0\u00bb, sourit le co-fondateur Lenny Pomerantz. <\/p>\n<p class=\"lead \">L&rsquo;acc\u00e8s est r\u00e9serv\u00e9 aux membres &#8211; pour 60 euros par mois &#8211; qui peuvent y faire garder leur chien, t\u00e9l\u00e9travailler en sa pr\u00e9sence, ou simplement le faire jouer. <\/p>\n<p class=\"lead \">\u00ab\u00a0Les chiens sont comme nous : ils ont envie de sortir, de s&rsquo;amuser tous les jours, pas juste une fois\u00a0\u00bb, estime Lenny Pomerantz.<\/p>\n<p class=\"lead \">Un avis partag\u00e9 par Franck, venu avec Eliot, son bulldog fran\u00e7ais: \u00ab\u00a0Il vient de faire une heure et demie de jeu, il a une demi-journ\u00e9e de garderie pr\u00e9vue bient\u00f4t ainsi qu&rsquo;une heure de dressage et un spa pour les massages.\u00a0\u00bb <\/p>\n<p class=\"lead \">Si le succ\u00e8s est au rendez-vous, The Dogry et Waggy esp\u00e8rent s&rsquo;\u00e9tendre dans d&rsquo;autres arrondissements parisiens. <\/p>\n<p class=\"lead \">\u00ab\u00a0A une \u00e9poque, les chiens n&rsquo;\u00e9taient pas forc\u00e9ment consid\u00e9r\u00e9s comme un membre de la famille, mais les mentalit\u00e9s sont en train de changer\u00a0\u00bb, observe Maria Princi.<\/p>\n<p class=\"lead \">Plus des deux tiers des Fran\u00e7ais consid\u00e8rent en effet comme tel leur animal de compagnie, selon une r\u00e9cente enqu\u00eate Ipsos. Le chiffre grimpe m\u00eame \u00e0 84% chez les 25-34 ans. <\/p>\n<p class=\"small font-weight-bold text-gray3 \"> publi\u00e9 le 30 ao\u00fbt \u00e0 09h24, AFP<\/p>\n<p>                             Partager<\/p>\n","protected":false},"excerpt":{"rendered":"\u00ab\u00a0A tout \u00e0 l&rsquo;heure doudou !\u00a0\u00bb: d\u00e9but de matin\u00e9e \u00e0 la cr\u00e8che parisienne Waggy, c&rsquo;est l&rsquo;heure de la&hellip;\n","protected":false},"author":2,"featured_media":354682,"comment_status":"","ping_status":"","sticky":false,"template":"","format":"standard","meta":{"footnotes":""},"categories":[1888],"tags":[13790,1111,1928,11,1927,1867,13370,20696,1777,674,1011,27,49077,1393,12,1926,626,1925,25,1858,4984],"class_list":{"0":"post-354681","1":"post","2":"type-post","3":"status-publish","4":"format-standard","5":"has-post-thumbnail","7":"category-paris","8":"tag-conomie","9":"tag-actu","10":"tag-actu-paris","11":"tag-actualites","12":"tag-actualites-paris","13":"tag-animaux","14":"tag-chiens","15":"tag-crche","16":"tag-eu","17":"tag-europe","18":"tag-fr","19":"tag-france","20":"tag-garderie","21":"tag-loisirs","22":"tag-news","23":"tag-news-paris","24":"tag-paris","25":"tag-paris-news","26":"tag-republique-francaise","27":"tag-services","28":"tag-soins"},"share_on_mastodon":{"url":"https:\/\/pubeurope.com\/@fr\/115118207442559083","error":""},"_links":{"self":[{"href":"https:\/\/www.europesays.com\/fr\/wp-json\/wp\/v2\/posts\/354681","targetHints":{"allow":["GET"]}}],"collection":[{"href":"https:\/\/www.europesays.com\/fr\/wp-json\/wp\/v2\/posts"}],"about":[{"href":"https:\/\/www.europesays.com\/fr\/wp-json\/wp\/v2\/types\/post"}],"author":[{"embeddable":true,"href":"https:\/\/www.europesays.com\/fr\/wp-json\/wp\/v2\/users\/2"}],"replies":[{"embeddable":true,"href":"https:\/\/www.europesays.com\/fr\/wp-json\/wp\/v2\/comments?post=354681"}],"version-history":[{"count":0,"href":"https:\/\/www.europesays.com\/fr\/wp-json\/wp\/v2\/posts\/354681\/revisions"}],"wp:featuredmedia":[{"embeddable":true,"href":"https:\/\/www.europesays.com\/fr\/wp-json\/wp\/v2\/media\/354682"}],"wp:attachment":[{"href":"https:\/\/www.europesays.com\/fr\/wp-json\/wp\/v2\/media?parent=354681"}],"wp:term":[{"taxonomy":"category","embeddable":true,"href":"https:\/\/www.europesays.com\/fr\/wp-json\/wp\/v2\/categories?post=354681"},{"taxonomy":"post_tag","embeddable":true,"href":"https:\/\/www.europesays.com\/fr\/wp-json\/wp\/v2\/tags?post=354681"}],"curies":[{"name":"wp","href":"https:\/\/api.w.org\/{rel}","templated":true}]}}